{"id":69113,"date":"2026-06-15T17:11:54","date_gmt":"2026-06-15T20:11:54","guid":{"rendered":"https:\/\/guialimeira.com.br\/governo-de-sp-lanca-protocolo-nao-se-cale-vai-a-escola-para-combater-a-violencia-contra-mulheres-e-meninas-na-rede-estadual\/"},"modified":"2026-06-15T17:11:54","modified_gmt":"2026-06-15T20:11:54","slug":"governo-de-sp-lanca-protocolo-nao-se-cale-vai-a-escola-para-combater-a-violencia-contra-mulheres-e-meninas-na-rede-estadual","status":"publish","type":"post","link":"https:\/\/guialimeira.com.br\/news\/governo-de-sp-lanca-protocolo-nao-se-cale-vai-a-escola-para-combater-a-violencia-contra-mulheres-e-meninas-na-rede-estadual\/","title":{"rendered":"Governo de SP lan\u00e7a Protocolo N\u00e3o se Cale vai \u00e0 Escola para combater a viol\u00eancia contra mulheres e meninas na rede estadual"},"content":{"rendered":"<p> <br \/>\n<\/p>\n<div>\n<p class=\"wp-block-paragraph\">O Governo de S\u00e3o Paulo lan\u00e7ou nesta segunda-feira (15) o Protocolo N\u00e3o se Cale vai \u00e0 Escola, iniciativa voltada \u00e0 preven\u00e7\u00e3o e ao enfrentamento da viol\u00eancia contra mulheres e meninas no ambiente escolar. O <a href=\"https:\/\/www.agenciasp.sp.gov.br\/governo-de-sp-entrega-segunda-escola-estadual-construida-em-parceria-com-a-iniciativa-privada-no-vale-do-paraiba\/\" rel=\"noopener\">lan\u00e7amento foi realizado durante a entrega da Escola Estadual Roberto Burle Marx, em S\u00e3o Jos\u00e9 dos Campos<\/a>, e contou com a presen\u00e7a do governador Tarc\u00edsio de Freitas, da secret\u00e1ria de Pol\u00edticas para a Mulher, Adriana Liporoni, e de representantes das secretarias da Educa\u00e7\u00e3o e da Seguran\u00e7a P\u00fablica.<\/p>\n<p class=\"wp-block-paragraph\">Desenvolvido de forma conjunta pelas tr\u00eas pastas, o programa leva para <a href=\"https:\/\/www.agenciasp.sp.gov.br\/bares-e-restaurantes-de-sao-paulo-tem-mais-de-117-mil-profissionais-treinados-para-proteger-mulheres-em-risco-de-violencia\/\" rel=\"noopener\">a rede estadual de ensino os princ\u00edpios do Protocolo N\u00e3o se Cale<\/a>, j\u00e1 adotado em bares, restaurantes, casas noturnas e grandes eventos, ampliando a cultura de acolhimento, orienta\u00e7\u00e3o e prote\u00e7\u00e3o \u00e0s v\u00edtimas de viol\u00eancia.<\/p>\n<p class=\"wp-block-paragraph\">\u201cEstamos fortalecendo a rede de prote\u00e7\u00e3o \u00e0s mulheres e meninas com mais um canal de escuta, acolhimento e orienta\u00e7\u00e3o. Essa parceria entre secretarias amplia a capacidade do Estado de identificar situa\u00e7\u00f5es de viol\u00eancia e agir de forma r\u00e1pida e coordenada. \u00c9 um trabalho que j\u00e1 apresenta resultados concretos e que agora chega tamb\u00e9m ao ambiente escolar\u201d, afirmou o governador.<\/p>\n<p class=\"wp-block-paragraph\">A iniciativa refor\u00e7a o papel da escola como espa\u00e7o estrat\u00e9gico para a identifica\u00e7\u00e3o precoce de sinais de viol\u00eancia, o acolhimento adequado de v\u00edtimas, a orienta\u00e7\u00e3o de estudantes e fam\u00edlias e o encaminhamento seguro para a rede de prote\u00e7\u00e3o.<\/p>\n<figure class=\"wp-block-image size-large\"><img data-recalc-dims=\"1\" fetchpriority=\"high\" decoding=\"async\" width=\"696\" height=\"464\" src=\"https:\/\/i0.wp.com\/www.agenciasp.sp.gov.br\/wp-content\/uploads\/2026\/06\/Adriana-Liporoni-nao-se-cale-1024x683.jpg?resize=696%2C464&#038;ssl=1\" alt=\"\" class=\"wp-image-152018 lazy\" srcset=\"https:\/\/www.agenciasp.sp.gov.br\/wp-content\/uploads\/2026\/06\/Adriana-Liporoni-nao-se-cale-1024x683.jpg 1024w, https:\/\/www.agenciasp.sp.gov.br\/wp-content\/uploads\/2026\/06\/Adriana-Liporoni-nao-se-cale-300x200.jpg 300w, https:\/\/www.agenciasp.sp.gov.br\/wp-content\/uploads\/2026\/06\/Adriana-Liporoni-nao-se-cale-768x512.jpg 768w, https:\/\/www.agenciasp.sp.gov.br\/wp-content\/uploads\/2026\/06\/Adriana-Liporoni-nao-se-cale-1536x1024.jpg 1536w, https:\/\/www.agenciasp.sp.gov.br\/wp-content\/uploads\/2026\/06\/Adriana-Liporoni-nao-se-cale-150x100.jpg 150w, https:\/\/www.agenciasp.sp.gov.br\/wp-content\/uploads\/2026\/06\/Adriana-Liporoni-nao-se-cale.jpg 2048w\" data-sizes=\"(max-width: 1024px) 100vw, 1024px\"\/><figcaption class=\"wp-element-caption\">Secret\u00e1ria Adriana Liporoni faz o gesto do N\u00e3o Se Cale durante lan\u00e7amento do programa. Foto: Governo de SP\/Divulga\u00e7\u00e3o<\/figcaption><\/figure>\n<p class=\"wp-block-paragraph\">Com dura\u00e7\u00e3o prevista de 24 meses e abrang\u00eancia em todo o estado, o projeto prev\u00ea a forma\u00e7\u00e3o de profissionais da educa\u00e7\u00e3o, a\u00e7\u00f5es de sensibiliza\u00e7\u00e3o com estudantes, palestras presenciais com delegadas de pol\u00edcia e especialistas e o aprimoramento da plataforma CONVIVA-SP. O sistema passar\u00e1 a contar com filtros espec\u00edficos para registro e monitoramento de ocorr\u00eancias relacionadas \u00e0 viol\u00eancia contra mulheres e meninas, viol\u00eancia dom\u00e9stica e feminic\u00eddio.<\/p>\n<p class=\"wp-block-paragraph\">\u201cA escola \u00e9 um dos espa\u00e7os mais importantes para a constru\u00e7\u00e3o de uma cultura de respeito e n\u00e3o viol\u00eancia. Com o N\u00e3o se Cale vai \u00e0 Escola, vamos preparar profissionais da educa\u00e7\u00e3o para reconhecer sinais, acolher com responsabilidade e encaminhar situa\u00e7\u00f5es de viol\u00eancia para a rede de prote\u00e7\u00e3o. \u00c9 uma a\u00e7\u00e3o que une preven\u00e7\u00e3o, forma\u00e7\u00e3o e cuidado, colocando o Estado mais perto de mulheres e meninas\u201d, afirma a secret\u00e1ria de Pol\u00edticas para a Mulher, Adriana Liporoni.<\/p>\n<p class=\"wp-block-paragraph\">\u201cCombater a viol\u00eancia contra mulheres e crian\u00e7as tamb\u00e9m passa pela preven\u00e7\u00e3o. Ao levar o Protocolo N\u00e3o se Cale para as escolas, estamos fortalecendo a capacidade de identificar sinais de abuso, acolher v\u00edtimas e interromper ciclos de viol\u00eancia antes que eles resultem em consequ\u00eancias ainda mais graves. A informa\u00e7\u00e3o e a conscientiza\u00e7\u00e3o s\u00e3o ferramentas fundamentais para salvar vidas\u201d, afirmou o secret\u00e1rio da Seguran\u00e7a P\u00fablica, Osvaldo Nico Gon\u00e7alves.<\/p>\n<blockquote class=\"instagram-media\" data-instgrm-captioned=\"\" data-instgrm-permalink=\"https:\/\/www.instagram.com\/p\/DZdfPFQkVhN\/?utm_source=ig_embed&amp;utm_campaign=loading\" data-instgrm-version=\"14\" style=\" background:#FFF; border:0; border-radius:3px; box-shadow:0 0 1px 0 rgba(0,0,0,0.5),0 1px 10px 0 rgba(0,0,0,0.15); margin: 1px; max-width:540px; min-width:326px; padding:0; width:99.375%; width:-webkit-calc(100% - 2px); width:calc(100% - 2px);\"\/>\n<p class=\"wp-block-paragraph\">A forma\u00e7\u00e3o dos profissionais da educa\u00e7\u00e3o ser\u00e1 oferecida na modalidade EAD e abordar\u00e1 temas como viol\u00eancia contra a mulher, Lei Maria da Penha, identifica\u00e7\u00e3o de sinais de viol\u00eancia, escuta qualificada, fluxos institucionais e encaminhamento para a rede de prote\u00e7\u00e3o. Professoras, professores, gestores escolares e equipes pedag\u00f3gicas e administrativas poder\u00e3o atuar como multiplicadores do conhecimento em suas unidades.<\/p>\n<p class=\"wp-block-paragraph\">O protocolo tamb\u00e9m prev\u00ea a realiza\u00e7\u00e3o de palestras presenciais nas escolas, conduzidas por policiais civis especializados no enfrentamento \u00e0 viol\u00eancia contra a mulher, especialmente profissionais das Delegacias de Pol\u00edcia de Defesa da Mulher (DDMs). As atividades ser\u00e3o promovidas em per\u00edodos de mobiliza\u00e7\u00e3o e conscientiza\u00e7\u00e3o, ampliando o alcance das a\u00e7\u00f5es de preven\u00e7\u00e3o e orienta\u00e7\u00e3o \u00e0 comunidade escolar.<\/p>\n<p class=\"wp-block-paragraph\">Para os estudantes, especialmente do Ensino M\u00e9dio, ser\u00e3o disponibilizados conte\u00fados educativos voltados \u00e0 preven\u00e7\u00e3o da viol\u00eancia de g\u00eanero, \u00e0 promo\u00e7\u00e3o da cultura do respeito, aos direitos das mulheres, aos canais de den\u00fancia e ao acesso \u00e0 rede de prote\u00e7\u00e3o.<\/p>\n<p class=\"wp-block-paragraph\">\u201cOs n\u00fameros da viol\u00eancia contra a mulher refor\u00e7am a necessidade de atua\u00e7\u00e3o de toda a sociedade e a escola \u00e9 um espa\u00e7o muito importante para promover conscientiza\u00e7\u00e3o, prevenir comportamentos violentos e orientar estudantes sobre respeito, cidadania e direitos. O Protocolo N\u00e3o se Cale vai a Escola fortalece nossa capacidade de acolhimento e encaminhamento, al\u00e9m de ampliar a rede de prote\u00e7\u00e3o \u00e0s meninas e mulheres. N\u00e3o podemos naturalizar a viol\u00eancia. Precisamos enfrent\u00e1-la com informa\u00e7\u00e3o, educa\u00e7\u00e3o e a\u00e7\u00e3o\u201d, afirma o secret\u00e1rio de educa\u00e7\u00e3o Renato Feder.<\/p>\n<p class=\"wp-block-paragraph\">A iniciativa tamb\u00e9m prev\u00ea o compartilhamento bimestral de informa\u00e7\u00f5es entre as secretarias envolvidas e a elabora\u00e7\u00e3o de relat\u00f3rios anuais com indicadores de alcance, resultados e impactos das a\u00e7\u00f5es desenvolvidas.<\/p>\n<h3 class=\"wp-block-heading\">SP Por Todas<\/h3>\n<p class=\"wp-block-paragraph\">S\u00e3o Paulo Por Todas \u00e9 um movimento promovido pelo Governo do Estado de S\u00e3o Paulo para ampliar a visibilidade das pol\u00edticas p\u00fablicas voltadas \u00e0s mulheres, fortalecendo a rede de prote\u00e7\u00e3o, acolhimento e promo\u00e7\u00e3o da autonomia profissional e financeira em todo o estado.Mais informa\u00e7\u00f5es: www.spportodas.sp.gov.br<\/p>\n<\/p><\/div>\n<p><script async src=\"\/\/www.instagram.com\/embed.js\"><\/script><br \/>\n<br \/><br \/>\n<br \/><a href=\"https:\/\/www.agenciasp.sp.gov.br\/governo-de-sp-lanca-protocolo-nao-se-cale-vai-a-escola-para-combater-a-violencia-contra-mulheres-e-meninas-na-rede-estadual\/\" rel=\"noopener\">Informa\u00e7\u00f5es GOV.SP<\/a><\/p>\n","protected":false},"excerpt":{"rendered":"<p>O Governo de S\u00e3o Paulo lan\u00e7ou nesta segunda-feira (15) o Protocolo N\u00e3o se Cale vai \u00e0 Escola, iniciativa voltada \u00e0 preven\u00e7\u00e3o e ao enfrentamento da viol\u00eancia contra mulheres e meninas no ambiente escolar. O lan\u00e7amento foi realizado durante a entrega da Escola Estadual Roberto Burle Marx, em S\u00e3o Jos\u00e9 dos Campos, e contou com a [&hellip;]<\/p>\n","protected":false},"author":1,"featured_media":69114,"comment_status":"","ping_status":"open","sticky":false,"template":"","format":"standard","meta":{"_jetpack_newsletter_access":"","_jetpack_dont_email_post_to_subs":false,"_jetpack_newsletter_tier_id":0,"_jetpack_memberships_contains_paywalled_content":false,"_mbp_banners":[],"_jetpack_feature_clip_id":0,"_jetpack_memberships_contains_paid_content":false,"footnotes":"","jetpack_publicize_message":"","jetpack_publicize_feature_enabled":true,"jetpack_social_post_already_shared":true,"jetpack_social_options":{"image_generator_settings":{"template":"highway","default_image_id":0,"font":"","enabled":false},"version":2},"jetpack_post_was_ever_published":false},"categories":[21],"tags":[],"class_list":["post-69113","post","type-post","status-publish","format-standard","has-post-thumbnail","category-sp-news"],"jetpack_publicize_connections":[],"jetpack-related-posts":[],"jetpack_shortlink":"https:\/\/wp.me\/p7Eq1F-hYJ","jetpack_sharing_enabled":true,"jetpack_featured_media_url":"https:\/\/i0.wp.com\/guialimeira.com.br\/news\/wp-content\/uploads\/2026\/06\/Governo-de-SP-lanca-Protocolo-Nao-se-Cale-vai-a.jpg?fit=1024%2C683&ssl=1","_links":{"self":[{"href":"https:\/\/guialimeira.com.br\/news\/wp-json\/wp\/v2\/posts\/69113","targetHints":{"allow":["GET"]}}],"collection":[{"href":"https:\/\/guialimeira.com.br\/news\/wp-json\/wp\/v2\/posts"}],"about":[{"href":"https:\/\/guialimeira.com.br\/news\/wp-json\/wp\/v2\/types\/post"}],"author":[{"embeddable":true,"href":"https:\/\/guialimeira.com.br\/news\/wp-json\/wp\/v2\/users\/1"}],"replies":[{"embeddable":true,"href":"https:\/\/guialimeira.com.br\/news\/wp-json\/wp\/v2\/comments?post=69113"}],"version-history":[{"count":0,"href":"https:\/\/guialimeira.com.br\/news\/wp-json\/wp\/v2\/posts\/69113\/revisions"}],"wp:featuredmedia":[{"embeddable":true,"href":"https:\/\/guialimeira.com.br\/news\/wp-json\/wp\/v2\/media\/69114"}],"wp:attachment":[{"href":"https:\/\/guialimeira.com.br\/news\/wp-json\/wp\/v2\/media?parent=69113"}],"wp:term":[{"taxonomy":"category","embeddable":true,"href":"https:\/\/guialimeira.com.br\/news\/wp-json\/wp\/v2\/categories?post=69113"},{"taxonomy":"post_tag","embeddable":true,"href":"https:\/\/guialimeira.com.br\/news\/wp-json\/wp\/v2\/tags?post=69113"}],"curies":[{"name":"wp","href":"https:\/\/api.w.org\/{rel}","templated":true}]}}