{"id":69109,"date":"2026-06-15T16:35:20","date_gmt":"2026-06-15T19:35:20","guid":{"rendered":"https:\/\/guialimeira.com.br\/professores-da-rede-municipal-de-limeira-participam-de-imersao-cultural-em-sao-paulo\/"},"modified":"2026-06-15T16:35:20","modified_gmt":"2026-06-15T19:35:20","slug":"professores-da-rede-municipal-de-limeira-participam-de-imersao-cultural-em-sao-paulo","status":"publish","type":"post","link":"https:\/\/guialimeira.com.br\/news\/professores-da-rede-municipal-de-limeira-participam-de-imersao-cultural-em-sao-paulo\/","title":{"rendered":"Professores da rede municipal de Limeira participam de imers\u00e3o cultural em S\u00e3o Paulo"},"content":{"rendered":"<p> <br \/>\n<\/p>\n<div id=\"\">&#13;<br \/>\n                    &#13;<br \/>\n&#13;<br \/>\n&#13;<br \/>\n&#13;<br \/>\n&#13;<br \/>\n&#13;<br \/>\n    <img data-recalc-dims=\"1\" decoding=\"async\" src=\"https:\/\/i0.wp.com\/ecrie.com.br\/sistema\/conteudos\/imagem\/m_137_0_1_15062026163117.jpeg?w=696&#038;ssl=1\" alt=\"Professores da rede municipal de Limeira participam de imers\u00e3o cultural em S\u00e3o Paulo\"\/>&#13;<br \/>\n&#13;<br \/>\n&#13;<\/p>\n<p>Professores da rede municipal de ensino de Limeira participaram, no \u00faltimo s\u00e1bado (13), de uma visita t\u00e9cnico-formativa a importantes espa\u00e7os culturais da capital paulista. A iniciativa, promovida pela Prefeitura de Limeira, por meio da Secretaria de Educa\u00e7\u00e3o, teve como objetivo proporcionar aos educadores experi\u00eancias art\u00edsticas e culturais capazes de ampliar o repert\u00f3rio dos profissionais e contribuir para o aprimoramento das pr\u00e1ticas pedag\u00f3gicas desenvolvidas nas escolas.<\/p>\n<p>&#13;<\/p>\n<p>A programa\u00e7\u00e3o incluiu visitas ao Museu da Imagem e do Som (MIS), Ita\u00fa Cultural, Casa das Rosas e Japan House S\u00e3o Paulo. Ao longo do dia, os participantes tiveram contato com diferentes manifesta\u00e7\u00f5es art\u00edsticas relacionadas \u00e0 literatura, m\u00fasica, fotografia, dan\u00e7a, arquitetura e artes visuais, em uma viv\u00eancia marcada pela reflex\u00e3o, sensibilidade e troca de conhecimentos.<\/p>\n<p>&#13;<\/p>\n<p>A atividade foi coordenada pela formadora da \u00e1rea de Arte, professora Graciela Oliveira, e pela formadora de Educa\u00e7\u00e3o Infantil do Departamento Pedag\u00f3gico, Marisa Moreira, sob a supervis\u00e3o da diretora pedag\u00f3gica da Secretaria de Educa\u00e7\u00e3o, Helenice Magalh\u00e3es. \u201cAo longo do dia, foi desenvolvido um processo formativo que buscou aprofundar conhecimentos t\u00e9cnicos, fomentar experi\u00eancias est\u00e9ticas, ampliar o olhar art\u00edstico e enriquecer o repert\u00f3rio cultural dos participantes, elementos essenciais \u00e0 forma\u00e7\u00e3o continuada docente\u201d, destacou Helenice.<\/p>\n<p>&#13;<\/p>\n<p>A a\u00e7\u00e3o integra a pol\u00edtica de forma\u00e7\u00e3o continuada da rede municipal, que busca oferecer aos educadores oportunidades permanentes de aperfei\u00e7oamento profissional e amplia\u00e7\u00e3o de repert\u00f3rio, contribuindo para uma educa\u00e7\u00e3o cada vez mais criativa, sens\u00edvel e conectada \u00e0s diferentes express\u00f5es culturais.<\/p>\n<p>&#13;<\/p>\n<p><strong>VISITAS<\/strong><br \/>No Museu da Imagem e do Som (MIS), os professores conheceram a hist\u00f3ria da institui\u00e7\u00e3o e visitaram exposi\u00e7\u00f5es de destaque, entre elas Janis, dedicada \u00e0 trajet\u00f3ria da cantora Janis Joplin, al\u00e9m de mostras voltadas \u00e0 fotografia, m\u00fasica, esporte e mem\u00f3ria cultural.<\/p>\n<p>&#13;<\/p>\n<p>No Ita\u00fa Cultural, os participantes percorreram as exposi\u00e7\u00f5es Marcelo, Marmelo, Ocupa\u00e7\u00e3o! Ruth Rocha, que apresentou a trajet\u00f3ria e a obra da consagrada escritora, e Ocupa\u00e7\u00e3o Ana Botafogo, dedicada \u00e0 carreira de uma das principais refer\u00eancias da dan\u00e7a brasileira. O grupo tamb\u00e9m visitou a mostra Mestre Didi \u2013 Inven\u00e7\u00e3o e ancestralidade na arte afro-brasileira, ampliando reflex\u00f5es sobre arte, identidade e patrim\u00f4nio cultural.<\/p>\n<p>&#13;<\/p>\n<p>A forma\u00e7\u00e3o incluiu ainda uma visita \u00e0 Casa das Rosas, importante patrim\u00f4nio hist\u00f3rico e arquitet\u00f4nico da Avenida Paulista, onde os participantes puderam conhecer aspectos do estilo renascentista franc\u00eas e refletir sobre a preserva\u00e7\u00e3o da mem\u00f3ria urbana.<\/p>\n<p>&#13;<\/p>\n<p>Na Japan House S\u00e3o Paulo, a exposi\u00e7\u00e3o KIGUMI: revelando a carpintaria por tr\u00e1s da junta de madeira apresentou a tradicional t\u00e9cnica japonesa de encaixe de madeira, destacando valores como precis\u00e3o, planejamento, conhecimento t\u00e9cnico e valoriza\u00e7\u00e3o do trabalho artesanal.<\/p>\n<p>&#13;<br \/>\n&#13;<br \/>\n&#13;<br \/>\n&#13;<\/p>\n<article class=\"conteudo-relacionado no-print\">&#13;<br \/>\n        &#13;<br \/>\n&#13;<br \/>\n        &#13;<br \/>\n    <\/article>\n<p>&#13;<br \/>\n&#13;\n                <\/p><\/div>\n<p><br \/>\n<br \/><a href=\"https:\/\/limeira.sp.gov.br\/professores-da-rede-municipal-de-limeira-participam-de-imersao-cultural-em-sao-paulo\" rel=\"noopener\">Informa\u00e7\u00f5es da PML <\/a><\/p>\n","protected":false},"excerpt":{"rendered":"<p>&#13; &#13; &#13; &#13; &#13; &#13; &#13; &#13; &#13; &#13; Professores da rede municipal de ensino de Limeira participaram, no \u00faltimo s\u00e1bado (13), de uma visita t\u00e9cnico-formativa a importantes espa\u00e7os culturais da capital paulista. A iniciativa, promovida pela Prefeitura de Limeira, por meio da Secretaria de Educa\u00e7\u00e3o, teve como objetivo proporcionar aos educadores experi\u00eancias art\u00edsticas [&hellip;]<\/p>\n","protected":false},"author":1,"featured_media":69110,"comment_status":"","ping_status":"open","sticky":false,"template":"","format":"standard","meta":{"_jetpack_newsletter_access":"","_jetpack_dont_email_post_to_subs":false,"_jetpack_newsletter_tier_id":0,"_jetpack_memberships_contains_paywalled_content":false,"_mbp_banners":[],"_jetpack_feature_clip_id":0,"_jetpack_memberships_contains_paid_content":false,"footnotes":"","jetpack_publicize_message":"","jetpack_publicize_feature_enabled":true,"jetpack_social_post_already_shared":true,"jetpack_social_options":{"image_generator_settings":{"template":"highway","default_image_id":0,"font":"","enabled":false},"version":2},"jetpack_post_was_ever_published":false},"categories":[16],"tags":[],"class_list":["post-69109","post","type-post","status-publish","format-standard","has-post-thumbnail","category-local"],"jetpack_publicize_connections":[],"jetpack-related-posts":[],"jetpack_shortlink":"https:\/\/wp.me\/p7Eq1F-hYF","jetpack_sharing_enabled":true,"jetpack_featured_media_url":"https:\/\/i0.wp.com\/guialimeira.com.br\/news\/wp-content\/uploads\/2026\/06\/m_137_0_1_15062026163117.jpeg?fit=1024%2C727&ssl=1","_links":{"self":[{"href":"https:\/\/guialimeira.com.br\/news\/wp-json\/wp\/v2\/posts\/69109","targetHints":{"allow":["GET"]}}],"collection":[{"href":"https:\/\/guialimeira.com.br\/news\/wp-json\/wp\/v2\/posts"}],"about":[{"href":"https:\/\/guialimeira.com.br\/news\/wp-json\/wp\/v2\/types\/post"}],"author":[{"embeddable":true,"href":"https:\/\/guialimeira.com.br\/news\/wp-json\/wp\/v2\/users\/1"}],"replies":[{"embeddable":true,"href":"https:\/\/guialimeira.com.br\/news\/wp-json\/wp\/v2\/comments?post=69109"}],"version-history":[{"count":0,"href":"https:\/\/guialimeira.com.br\/news\/wp-json\/wp\/v2\/posts\/69109\/revisions"}],"wp:featuredmedia":[{"embeddable":true,"href":"https:\/\/guialimeira.com.br\/news\/wp-json\/wp\/v2\/media\/69110"}],"wp:attachment":[{"href":"https:\/\/guialimeira.com.br\/news\/wp-json\/wp\/v2\/media?parent=69109"}],"wp:term":[{"taxonomy":"category","embeddable":true,"href":"https:\/\/guialimeira.com.br\/news\/wp-json\/wp\/v2\/categories?post=69109"},{"taxonomy":"post_tag","embeddable":true,"href":"https:\/\/guialimeira.com.br\/news\/wp-json\/wp\/v2\/tags?post=69109"}],"curies":[{"name":"wp","href":"https:\/\/api.w.org\/{rel}","templated":true}]}}