{"id":69104,"date":"2026-06-15T16:08:11","date_gmt":"2026-06-15T19:08:11","guid":{"rendered":"https:\/\/guialimeira.com.br\/bolsista-do-talento-esportivo-sonha-alto-na-carreira-me-imagino-tabelando-com-o-vini-jr\/"},"modified":"2026-06-15T16:08:11","modified_gmt":"2026-06-15T19:08:11","slug":"bolsista-do-talento-esportivo-sonha-alto-na-carreira-me-imagino-tabelando-com-o-vini-jr","status":"publish","type":"post","link":"https:\/\/guialimeira.com.br\/news\/bolsista-do-talento-esportivo-sonha-alto-na-carreira-me-imagino-tabelando-com-o-vini-jr\/","title":{"rendered":"Bolsista do Talento Esportivo sonha alto na carreira: &#8216;Me imagino tabelando com o Vini Jr&#8217;"},"content":{"rendered":"<p> <br \/>\n<br \/><img data-recalc-dims=\"1\" decoding=\"async\" src=\"https:\/\/i0.wp.com\/www.agenciasp.sp.gov.br\/wp-content\/uploads\/2026\/06\/WhatsApp-Image-2026-06-15-at-13.23.04.jpeg?w=696&#038;ssl=1\" \/><\/p>\n<div>\n<p class=\"wp-block-paragraph\">Atleta do Programa Talento Esportivo, Guilherme Baggio, 16 anos, faz como todo garoto da sua idade que d\u00e1 os primeiros passos na corrida por um lugar ao sol no futebol profissional: sonha alto. E o lateral esquerdo do sub-17 do Ara\u00e7atuba FC n\u00e3o idealiza s\u00f3 uma mudan\u00e7a para um time de elite.<\/p>\n<p class=\"wp-block-paragraph\"><strong>LEIA TAMB\u00c9M: <\/strong><a href=\"https:\/\/www.agenciasp.sp.gov.br\/time-sao-paulo-conquistam-bronze-goalball\/\" rel=\"noopener\">Atletas do Time S\u00e3o Paulo conquistam bronze com a Sele\u00e7\u00e3o Brasileira no Mundial de Goalball da China<\/a><\/p>\n<p class=\"wp-block-paragraph\">\u201c\u00c0s vezes me pego sonhando que estou tabelando com o Vinicius Jr. \u00c9 um jogador de muita qualidade t\u00e9cnica, veloz, \u00e1gil com a bola nos p\u00e9s e decisivo, como j\u00e1 mostrou em finais de Liga dos Campe\u00f5es pelo Real Madrid. Acho que daria muito certo jogar com o Vini. Sou um jogador de \u00f3timos passes, ajudaria ele a fazer muitos gols\u201d, afirma o jovem.<\/p>\n<p class=\"wp-block-paragraph\">Guilherme tem a bola como fiel companheira desde os seus 7 anos, quando entrou numa escolinha de futebol. Aos 12 anos, foi aprovado em uma peneira do Mar\u00edlia, e l\u00e1 se descobriu lateral esquerdo. Desde mar\u00e7o deste ano, atua na base do Ara\u00e7atuba, onde joga campo e, eventualmente, futsal.<\/p>\n<p class=\"wp-block-paragraph\">\u201cMe defino como um lateral t\u00e9cnico, que gosta de atacar e construir jogo. Uma das minhas maiores inspira\u00e7\u00f5es \u00e9 o Leonardo (ex-jogador de Flamengo, S\u00e3o Paulo e campe\u00e3o mundial pela sele\u00e7\u00e3o brasileira em 1994). Sempre achei bonito o estilo de jogo dele\u201d, diz.<\/p>\n<p class=\"wp-block-paragraph\"><strong>LEIA TAMB\u00c9M:<\/strong> <a href=\"https:\/\/www.agenciasp.sp.gov.br\/sesp-entrega-de-cids-a-partir-do-dia-15\/\" rel=\"noopener\">SP inicia entrega de Certificados de Incentivo ao Desporto nesta segunda (15)<\/a><\/p>\n<p class=\"wp-block-paragraph\">Em a\u00e7\u00e3o pelo Paulist\u00e3o sub-17, Guilherme tenta achar brecha na agenda de treinos e competi\u00e7\u00f5es para acompanhar os jogos da Copa do Mundo. Al\u00e9m da sele\u00e7\u00e3o brasileira, o lateral quer assistir \u00e0 atual campe\u00e3. \u201cVou tentar assistir ao m\u00e1ximo de jogos da Copa que eu puder. Quero ver o Brasil e a Argentina, em raz\u00e3o do Messi, que \u00e9 outro \u00eddolo que tenho.\u201d<\/p>\n<p class=\"wp-block-paragraph\">O filtro para o futebol profissional \u00e9 estreito e muitas vezes ingrato. Por isso, Guilherme trabalha forte para seguir evoluindo e mantendo em dia o desejo de atuar entre os melhores. \u201cPreciso treinar mais para chegar no profissional\u201d, comenta.<\/p>\n<h3 class=\"wp-block-heading\">Programa Talento Esportivo<\/h3>\n<p class=\"wp-block-paragraph\">O Programa Talento Esportivo \u00e9 uma plataforma da Secretaria de Esportes do Estado de S\u00e3o Paulo que concede apoio financeiro a atletas em v\u00e1rios n\u00edveis de excel\u00eancia, praticantes de qualquer modalidade esportiva. Para mais informa\u00e7\u00f5es, entre em contato pelo (11) 3241-5822, Ramal 1238.<\/p>\n<\/p><\/div>\n<p><br \/>\n<br \/><a href=\"https:\/\/www.agenciasp.sp.gov.br\/bolsista-do-talento-esportivo-sonha-alto-na-carreira-me-imagino-tabelando-com-o-vini-jr\/\" rel=\"noopener\">Informa\u00e7\u00f5es GOV.SP<\/a><\/p>\n","protected":false},"excerpt":{"rendered":"<p>Atleta do Programa Talento Esportivo, Guilherme Baggio, 16 anos, faz como todo garoto da sua idade que d\u00e1 os primeiros passos na corrida por um lugar ao sol no futebol profissional: sonha alto. E o lateral esquerdo do sub-17 do Ara\u00e7atuba FC n\u00e3o idealiza s\u00f3 uma mudan\u00e7a para um time de elite. LEIA TAMB\u00c9M: Atletas [&hellip;]<\/p>\n","protected":false},"author":1,"featured_media":69105,"comment_status":"","ping_status":"open","sticky":false,"template":"","format":"standard","meta":{"_jetpack_newsletter_access":"","_jetpack_dont_email_post_to_subs":false,"_jetpack_newsletter_tier_id":0,"_jetpack_memberships_contains_paywalled_content":false,"_mbp_banners":[],"_jetpack_feature_clip_id":0,"_jetpack_memberships_contains_paid_content":false,"footnotes":"","jetpack_publicize_message":"","jetpack_publicize_feature_enabled":true,"jetpack_social_post_already_shared":true,"jetpack_social_options":{"image_generator_settings":{"template":"highway","default_image_id":0,"font":"","enabled":false},"version":2},"jetpack_post_was_ever_published":false},"categories":[21],"tags":[],"class_list":["post-69104","post","type-post","status-publish","format-standard","has-post-thumbnail","category-sp-news"],"jetpack_publicize_connections":[],"jetpack-related-posts":[],"jetpack_shortlink":"https:\/\/wp.me\/p7Eq1F-hYA","jetpack_sharing_enabled":true,"jetpack_featured_media_url":"https:\/\/i0.wp.com\/guialimeira.com.br\/news\/wp-content\/uploads\/2026\/06\/Bolsista-do-Talento-Esportivo-sonha-alto-na-carreira-Me-imagino.jpeg?fit=1024%2C600&ssl=1","_links":{"self":[{"href":"https:\/\/guialimeira.com.br\/news\/wp-json\/wp\/v2\/posts\/69104","targetHints":{"allow":["GET"]}}],"collection":[{"href":"https:\/\/guialimeira.com.br\/news\/wp-json\/wp\/v2\/posts"}],"about":[{"href":"https:\/\/guialimeira.com.br\/news\/wp-json\/wp\/v2\/types\/post"}],"author":[{"embeddable":true,"href":"https:\/\/guialimeira.com.br\/news\/wp-json\/wp\/v2\/users\/1"}],"replies":[{"embeddable":true,"href":"https:\/\/guialimeira.com.br\/news\/wp-json\/wp\/v2\/comments?post=69104"}],"version-history":[{"count":0,"href":"https:\/\/guialimeira.com.br\/news\/wp-json\/wp\/v2\/posts\/69104\/revisions"}],"wp:featuredmedia":[{"embeddable":true,"href":"https:\/\/guialimeira.com.br\/news\/wp-json\/wp\/v2\/media\/69105"}],"wp:attachment":[{"href":"https:\/\/guialimeira.com.br\/news\/wp-json\/wp\/v2\/media?parent=69104"}],"wp:term":[{"taxonomy":"category","embeddable":true,"href":"https:\/\/guialimeira.com.br\/news\/wp-json\/wp\/v2\/categories?post=69104"},{"taxonomy":"post_tag","embeddable":true,"href":"https:\/\/guialimeira.com.br\/news\/wp-json\/wp\/v2\/tags?post=69104"}],"curies":[{"name":"wp","href":"https:\/\/api.w.org\/{rel}","templated":true}]}}