{"id":69095,"date":"2026-06-15T15:05:58","date_gmt":"2026-06-15T18:05:58","guid":{"rendered":"https:\/\/guialimeira.com.br\/investimento-para-antecipar-universalizacao-do-saneamento-em-sp-sera-quase-o-triplo-da-media-nacional\/"},"modified":"2026-06-15T15:05:58","modified_gmt":"2026-06-15T18:05:58","slug":"investimento-para-antecipar-universalizacao-do-saneamento-em-sp-sera-quase-o-triplo-da-media-nacional","status":"publish","type":"post","link":"https:\/\/guialimeira.com.br\/news\/investimento-para-antecipar-universalizacao-do-saneamento-em-sp-sera-quase-o-triplo-da-media-nacional\/","title":{"rendered":"Investimento para antecipar universaliza\u00e7\u00e3o do saneamento em SP ser\u00e1 quase o triplo da m\u00e9dia nacional"},"content":{"rendered":"<p> <br \/>\n<\/p>\n<div>\n<p class=\"wp-block-paragraph\">A desestatiza\u00e7\u00e3o da Sabesp, realizada pelo Governo de S\u00e3o Paulo em agosto de 2024, permitiu ampliar o volume de investimentos em saneamento b\u00e1sico para antecipar a universaliza\u00e7\u00e3o dos servi\u00e7os de \u00e1gua e esgoto no estado. A previs\u00e3o \u00e9 que a companhia invista, nos pr\u00f3ximos anos, uma m\u00e9dia de R$ 369 por habitante, valor quase tr\u00eas vezes mais do que a foi a m\u00e9dia nacional de investimentos em saneamento em 2024, R$ 137,02 por habitante, segundo o Ranking do Saneamento 2026 do Instituto Trata Brasil.<\/p>\n<p class=\"wp-block-paragraph\">O montante tamb\u00e9m supera o investimento m\u00e9dio de R$ 225 por habitante apontado como necess\u00e1rio para garantir a universaliza\u00e7\u00e3o dos servi\u00e7os at\u00e9 2033. Entre 2017 e 2024, antes da desestatiza\u00e7\u00e3o, a Sabesp investiu, em m\u00e9dia, R$ 171 por habitante. Com o novo ciclo de aportes, o valor previsto praticamente dobra em rela\u00e7\u00e3o ao per\u00edodo anterior e viabiliza a antecipa\u00e7\u00e3o das metas de universaliza\u00e7\u00e3o para 2029.<\/p>\n<blockquote class=\"instagram-media\" data-instgrm-captioned=\"\" data-instgrm-permalink=\"https:\/\/www.instagram.com\/reel\/DZfzbYwBXMO\/?utm_source=ig_embed&amp;utm_campaign=loading\" data-instgrm-version=\"14\" style=\" background:#FFF; border:0; border-radius:3px; box-shadow:0 0 1px 0 rgba(0,0,0,0.5),0 1px 10px 0 rgba(0,0,0,0.15); margin: 1px; max-width:540px; min-width:326px; padding:0; width:99.375%; width:-webkit-calc(100% - 2px); width:calc(100% - 2px);\"\/>\n<p class=\"wp-block-paragraph\">\u201cS\u00e3o Paulo est\u00e1 passando por uma revolu\u00e7\u00e3o no saneamento b\u00e1sico. Vamos investir R$ 70 bilh\u00f5es at\u00e9 2029. S\u00e3o a\u00e7\u00f5es que fortalecem a prote\u00e7\u00e3o dos recursos h\u00eddricos, reduzem a polui\u00e7\u00e3o, melhoram a qualidade de vida das pessoas e promovem desenvolvimento sustent\u00e1vel em todas as regi\u00f5es do estado\u201d, afirmou o governador Tarc\u00edsio de Freitas.\u00a0<\/p>\n<p class=\"wp-block-paragraph\">A amplia\u00e7\u00e3o dos investimentos est\u00e1 inserida em uma pol\u00edtica mais ampla de expans\u00e3o da infraestrutura de saneamento no estado. O Plano Regional de Saneamento B\u00e1sico prev\u00ea R$ 260 bilh\u00f5es em investimentos at\u00e9 2060 pela Sabesp. Desse total, R$ 70 bilh\u00f5es ser\u00e3o aplicados at\u00e9 2029 para ampliar o acesso \u00e0 \u00e1gua pot\u00e1vel, \u00e0 coleta e ao tratamento de esgoto nos munic\u00edpios atendidos pela companhia.<\/p>\n<p class=\"wp-block-paragraph\"><strong>LEIA MAIS: <a href=\"https:\/\/www.agenciasp.sp.gov.br\/monte-mor-tem-acesso-a-agua-e-tratamento-de-esgoto-ampliados-para-mais-de-64-mil-pessoas\/\" rel=\"noopener\">Monte Mor tem acesso \u00e0 \u00e1gua e tratamento de esgoto ampliados para mais de 64 mil pessoas<\/a><\/strong><\/p>\n<p class=\"wp-block-paragraph\">Os resultados desse novo ciclo de investimentos j\u00e1 come\u00e7aram a aparecer. O Estado de S\u00e3o Paulo recebeu em 2025 o maior investimento da hist\u00f3ria para ampliar o acesso da popula\u00e7\u00e3o \u00e0 \u00e1gua e esgoto tratado. Foram R$ 15,2 bilh\u00f5es aplicados pela Sabesp, valor 120% superior aos R$ 6,9 bilh\u00f5es do ano anterior, quando a Sabesp ainda n\u00e3o havia sido desestatizada.<\/p>\n<p class=\"wp-block-paragraph\">\u201cOs investimentos representam um avan\u00e7o para garantir o acesso universal \u00e0 \u00e1gua e ao saneamento em S\u00e3o Paulo\u201d, disse a secret\u00e1ria de Meio Ambiente, Infraestrutura e Log\u00edstica de SP, Nat\u00e1lia Resende. Balan\u00e7o apresentado pela Sabesp sobre o primeiro trimestre mostra que as metas previstas para o per\u00edodo de 2024 a 2026 j\u00e1 atingem 87% para abastecimento de \u00e1gua, 77% para coleta de esgoto e 71% para tratamento de esgoto.<\/p>\n<figure class=\"wp-block-image size-large\"><img data-recalc-dims=\"1\" fetchpriority=\"high\" decoding=\"async\" width=\"696\" height=\"464\" src=\"https:\/\/i0.wp.com\/www.agenciasp.sp.gov.br\/wp-content\/uploads\/2026\/05\/Agua-saneamento-implantacao-da-rede-de-esgoto-no-bairro-Vila-Sao-Francisco-em-Poa-1024x683.jpg?resize=696%2C464&#038;ssl=1\" alt=\"\" class=\"wp-image-147929 lazy\" srcset=\"https:\/\/www.agenciasp.sp.gov.br\/wp-content\/uploads\/2026\/05\/Agua-saneamento-implantacao-da-rede-de-esgoto-no-bairro-Vila-Sao-Francisco-em-Poa-1024x683.jpg 1024w, https:\/\/www.agenciasp.sp.gov.br\/wp-content\/uploads\/2026\/05\/Agua-saneamento-implantacao-da-rede-de-esgoto-no-bairro-Vila-Sao-Francisco-em-Poa-300x200.jpg 300w, https:\/\/www.agenciasp.sp.gov.br\/wp-content\/uploads\/2026\/05\/Agua-saneamento-implantacao-da-rede-de-esgoto-no-bairro-Vila-Sao-Francisco-em-Poa-768x512.jpg 768w, https:\/\/www.agenciasp.sp.gov.br\/wp-content\/uploads\/2026\/05\/Agua-saneamento-implantacao-da-rede-de-esgoto-no-bairro-Vila-Sao-Francisco-em-Poa-1536x1024.jpg 1536w, https:\/\/www.agenciasp.sp.gov.br\/wp-content\/uploads\/2026\/05\/Agua-saneamento-implantacao-da-rede-de-esgoto-no-bairro-Vila-Sao-Francisco-em-Poa-150x100.jpg 150w, https:\/\/www.agenciasp.sp.gov.br\/wp-content\/uploads\/2026\/05\/Agua-saneamento-implantacao-da-rede-de-esgoto-no-bairro-Vila-Sao-Francisco-em-Poa.jpg 2048w\" data-sizes=\"(max-width: 1024px) 100vw, 1024px\"\/><figcaption class=\"wp-element-caption\">Estado de S\u00e3o Paulo recebeu em 2025 o maior investimento da hist\u00f3ria para ampliar o acesso da popula\u00e7\u00e3o \u00e0 \u00e1gua e esgoto tratado. Foto: Divulga\u00e7\u00e3o\/Governo de SP.<\/figcaption><\/figure>\n<p class=\"wp-block-paragraph\"><strong>Melhora na qualidade de vida<\/strong><\/p>\n<p class=\"wp-block-paragraph\">Quem vive em \u00e1reas com acesso adequado \u00e0 \u00e1gua tratada e coleta de esgoto pode chegar a ter renda at\u00e9 duas vezes maior do que a de moradores de regi\u00f5es sem saneamento. O impacto tamb\u00e9m aparece na sa\u00fade, na produtividade do trabalho, na valoriza\u00e7\u00e3o dos im\u00f3veis e no fortalecimento da economia local, mostra pesquisa realizada pelo Instituto Trata Brasil.\u00a0<\/p>\n<p class=\"wp-block-paragraph\">Isso acontece porque a amplia\u00e7\u00e3o do acesso \u00e0 \u00e1gua tratada e ao esgoto reduz afastamentos por doen\u00e7as, melhora as condi\u00e7\u00f5es de trabalho e amplia a capacidade produtiva da popula\u00e7\u00e3o. Os efeitos tamb\u00e9m alcan\u00e7am \u00e1reas como educa\u00e7\u00e3o, turismo e mercado imobili\u00e1rio.<\/p>\n<p class=\"wp-block-paragraph\">De acordo com o instituto, a universaliza\u00e7\u00e3o do saneamento pode gerar mais de R$ 1,4 trilh\u00e3o em benef\u00edcios socioecon\u00f4micos para todo o Brasil at\u00e9 2040. Descontados os custos necess\u00e1rios para a expans\u00e3o da infraestrutura, os ganhos l\u00edquidos estimados superam R$ 815 bilh\u00f5es entre 2021 e 2040.<\/p>\n<p><span class=\"embed-youtube\" style=\"text-align:center; display: block;\"><iframe loading=\"lazy\" class=\"youtube-player\" width=\"696\" height=\"392\" src=\"https:\/\/www.youtube.com\/embed\/U8LsSy0s90M?version=3&#038;rel=1&#038;showsearch=0&#038;showinfo=1&#038;iv_load_policy=1&#038;fs=1&#038;hl=pt-BR&#038;autohide=2&#038;wmode=transparent\" allowfullscreen=\"true\" style=\"border:0;\" sandbox=\"allow-scripts allow-same-origin allow-popups allow-presentation allow-popups-to-escape-sandbox\"><\/iframe><\/span><\/p>\n<p class=\"wp-block-paragraph\"><strong>\u00c1gua tratada na torneira depois de 40 anos de espera<\/strong><\/p>\n<p class=\"wp-block-paragraph\">A professora Maria Helena da Silva, 58 anos, foi a primeira moradora da Vila S\u00e3o Francisco, em Po\u00e1, a receber em sua resid\u00eancia a \u00e1gua tratada da Sabesp, ap\u00f3s cerca de quatro d\u00e9cadas de espera dos moradores do bairro. \u201cMeu pai vive aqui h\u00e1 quase 30 anos com minha madrasta, ent\u00e3o praticamente passei boa parte da minha vida aqui e conhe\u00e7o bem as dificuldades que todos enfrentavam sem \u00e1gua e esgoto\u201d, disse.\u00a0<\/p>\n<p class=\"wp-block-paragraph\">Assim como seus familiares e vizinhos, ela tamb\u00e9m carregou muitos baldes de \u00e1gua para poder cozinhar, tomar banho e lavar roupa. \u201cAntigamente, a \u00e1gua que chegava aqui vinha por uma mangueira clandestina, mas a \u00e1gua chegava sem for\u00e7a, era s\u00f3 um fio, e demorava 2 horas para encher uma garrafa\u201d<\/p>\n<p class=\"wp-block-paragraph\">Segundo Maria Helena, quando come\u00e7aram as obras no bairro, ningu\u00e9m acreditou que a \u00e1gua encanada chegaria \u00e0s torneiras dos moradores. \u201cQuase n\u00e3o acreditei quando chegou, foi um sentimento de conquista para todos n\u00f3s, ap\u00f3s tantos anos\u201d, afirmou a moradora.\u00a0<\/p>\n<blockquote class=\"instagram-media\" data-instgrm-captioned=\"\" data-instgrm-permalink=\"https:\/\/www.instagram.com\/reel\/DZfzbYwBXMO\/?utm_source=ig_embed&amp;utm_campaign=loading\" data-instgrm-version=\"14\" style=\" background:#FFF; border:0; border-radius:3px; box-shadow:0 0 1px 0 rgba(0,0,0,0.5),0 1px 10px 0 rgba(0,0,0,0.15); margin: 1px; max-width:540px; min-width:326px; padding:0; width:99.375%; width:-webkit-calc(100% - 2px); width:calc(100% - 2px);\"\/>\n<p class=\"wp-block-paragraph\">A professora contou que o simples fato de ter \u00e1gua encanada mudou toda a rotina da fam\u00edlia. \u201cAgora temos banho quente, \u00e1gua de qualidade para beber, cozinhar, lavar roupa, vida normal, como qualquer outro bairro de Po\u00e1. E com a chegada do esgoto vai melhorar ainda mais.\u201d<\/p>\n<p class=\"wp-block-paragraph\"><strong>Na Rota da \u00c1gua<\/strong><\/p>\n<p class=\"wp-block-paragraph\">O Governo de S\u00e3o Paulo acompanha os avan\u00e7os no saneamento por meio do Na Rota da \u00c1gua. A iniciativa d\u00e1 mais visibilidade \u00e0s obras de seguran\u00e7a h\u00eddrica, refor\u00e7o de abastecimento e universaliza\u00e7\u00e3o do saneamento nas cidades atendidas pela companhia.<\/p>\n<p class=\"wp-block-paragraph\">O programa prev\u00ea uma s\u00e9rie de entregas e visitas t\u00e9cnicas a mais de 1,1 mil frentes de obras em andamento nos munic\u00edpios contemplados pelo novo contrato da Sabesp.<\/p>\n<p class=\"wp-block-paragraph\"><strong>LEIA MAIS: <a href=\"https:\/\/www.agenciasp.sp.gov.br\/moradores-de-mairipora-passam-a-ter-agua-tratada-e-rede-de-esgoto-apos-decadas-de-espera\/\" rel=\"noopener\">Moradores de Mairipor\u00e3 passam a ter \u00e1gua tratada e rede de esgoto ap\u00f3s d\u00e9cadas de espera<\/a><\/strong><\/p>\n<p class=\"wp-block-paragraph\">Entre as entregas j\u00e1 realizadas, est\u00e3o obras de saneamento em Itapecerica da Serra, Embu das Artes e Embu-Gua\u00e7u. Al\u00e9m disso, h\u00e1 duas novas Esta\u00e7\u00f5es de Tratamento de Esgoto em Caieiras e Franco da Rocha e um Sistema de Expans\u00e3o de Esgotamento Sanit\u00e1rio que tamb\u00e9m contempla Francisco Morato, na Grande S\u00e3o Paulo.<\/p>\n<p class=\"wp-block-paragraph\"><strong>IntegraTiet\u00ea amplia capacidade de tratamento de esgoto<\/strong><\/p>\n<p class=\"wp-block-paragraph\">Outro destaque do ciclo de investimentos \u00e9 o programa IntegraTiet\u00ea. Dentro da iniciativa, foi contratada a expans\u00e3o e o retrofit da Esta\u00e7\u00e3o de Tratamento de Esgoto de Barueri, a maior da Am\u00e9rica Latina, com investimento de R$ 5,7 bilh\u00f5es. A conclus\u00e3o da obra est\u00e1 prevista para o fim de 2029. Quando finalizado, o projeto ampliar\u00e1 em 40,6% a capacidade de tratamento da esta\u00e7\u00e3o e beneficiar\u00e1 cerca de 4 milh\u00f5es de pessoas com acesso ao servi\u00e7o.<\/p>\n<p class=\"wp-block-paragraph\"><strong>Universaliza\u00e7\u00e3o antecipada e impacto social<\/strong><\/p>\n<p class=\"wp-block-paragraph\">A principal meta estabelecida ap\u00f3s a desestatiza\u00e7\u00e3o da Sabesp \u00e9 antecipar a universaliza\u00e7\u00e3o do saneamento b\u00e1sico de 2033 para 2029. A iniciativa busca garantir que toda a popula\u00e7\u00e3o atendida pela companhia tenha acesso aos servi\u00e7os de abastecimento de \u00e1gua, coleta e tratamento de esgoto quatro anos antes do prazo previsto pelo Novo Marco Legal do Saneamento.<\/p>\n<p class=\"wp-block-paragraph\">Al\u00e9m da expans\u00e3o da infraestrutura, os investimentos tamb\u00e9m t\u00eam reflexos na inclus\u00e3o da popula\u00e7\u00e3o mais vulner\u00e1vel. A Tarifa Social Paulista, programa do Governo de S\u00e3o Paulo que d\u00e1 desconto na conta de \u00e1gua para fam\u00edlias mais pobres, alcan\u00e7ou o recorde de 6 milh\u00f5es de pessoas beneficiadas.\u00a0<\/p>\n<p class=\"wp-block-paragraph\"><strong>LEIA MAIS: <a href=\"https:\/\/www.agenciasp.sp.gov.br\/entenda-como-o-avanco-do-saneamento-e-peca-fundamental-para-reducao-da-poluicao-em-ate-55-em-rios-da-grande-sp\/\" rel=\"noopener\">Entenda como o avan\u00e7o do saneamento \u00e9 pe\u00e7a fundamental para redu\u00e7\u00e3o da polui\u00e7\u00e3o em at\u00e9 55% em rios da Grande SP<\/a><\/strong><\/p>\n<p class=\"wp-block-paragraph\">A amplia\u00e7\u00e3o do n\u00famero de benefici\u00e1rios \u00e9 resultado da busca ativa e da inclus\u00e3o de fam\u00edlias que t\u00eam direito ao desconto, mas que ainda n\u00e3o acessavam a tarifa reduzida, e tamb\u00e9m \u00e0s novas regras do contrato de concess\u00e3o da Sabesp, que dobraram o alcance do programa.\u00a0<\/p>\n<p class=\"wp-block-paragraph\">O programa foi estruturado em categorias que chegam a conceder at\u00e9 78% de abatimento. As faixas incluem a Vulner\u00e1vel (renda per capita de at\u00e9 um quarto do sal\u00e1rio m\u00ednimo), a Social I e a Social II (para n\u00facleos informais pass\u00edveis de regulariza\u00e7\u00e3o). A ades\u00e3o tamb\u00e9m tornou-se autom\u00e1tica para quem possui dados atualizados no Cad\u00danico e para benefici\u00e1rios do BPC (Benef\u00edcio de Presta\u00e7\u00e3o Continuada)\u00a0<\/p>\n<p class=\"wp-block-paragraph\">Atualmente, a Sabesp \u00e9 respons\u00e1vel pelo fornecimento de \u00e1gua e pelos servi\u00e7os de coleta e tratamento de esgoto em 376 munic\u00edpios paulistas, atendendo aproximadamente 28 milh\u00f5es de habitantes. Com a acelera\u00e7\u00e3o dos investimentos, a companhia busca ampliar a cobertura dos servi\u00e7os e antecipar a universaliza\u00e7\u00e3o do saneamento no estado at\u00e9 2029.<\/p>\n<\/p><\/div>\n<p><script async src=\"\/\/www.instagram.com\/embed.js\"><\/script><br \/>\n<br \/><br \/>\n<br \/><a href=\"https:\/\/www.agenciasp.sp.gov.br\/investimento-para-antecipar-universalizacao-do-saneamento-em-sp-sera-quase-o-triplo-da-media-nacional\/\" rel=\"noopener\">Informa\u00e7\u00f5es GOV.SP<\/a><\/p>\n","protected":false},"excerpt":{"rendered":"<p>A desestatiza\u00e7\u00e3o da Sabesp, realizada pelo Governo de S\u00e3o Paulo em agosto de 2024, permitiu ampliar o volume de investimentos em saneamento b\u00e1sico para antecipar a universaliza\u00e7\u00e3o dos servi\u00e7os de \u00e1gua e esgoto no estado. A previs\u00e3o \u00e9 que a companhia invista, nos pr\u00f3ximos anos, uma m\u00e9dia de R$ 369 por habitante, valor quase tr\u00eas [&hellip;]<\/p>\n","protected":false},"author":1,"featured_media":69096,"comment_status":"","ping_status":"open","sticky":false,"template":"","format":"standard","meta":{"_jetpack_newsletter_access":"","_jetpack_dont_email_post_to_subs":false,"_jetpack_newsletter_tier_id":0,"_jetpack_memberships_contains_paywalled_content":false,"_mbp_banners":[],"_jetpack_feature_clip_id":0,"_jetpack_memberships_contains_paid_content":false,"footnotes":"","jetpack_publicize_message":"","jetpack_publicize_feature_enabled":true,"jetpack_social_post_already_shared":true,"jetpack_social_options":{"image_generator_settings":{"template":"highway","default_image_id":0,"font":"","enabled":false},"version":2},"jetpack_post_was_ever_published":false},"categories":[21],"tags":[],"class_list":["post-69095","post","type-post","status-publish","format-standard","has-post-thumbnail","category-sp-news"],"jetpack_publicize_connections":[],"jetpack-related-posts":[],"jetpack_shortlink":"https:\/\/wp.me\/p7Eq1F-hYr","jetpack_sharing_enabled":true,"jetpack_featured_media_url":"https:\/\/i0.wp.com\/guialimeira.com.br\/news\/wp-content\/uploads\/2026\/06\/Investimento-para-antecipar-universalizacao-do-saneamento-em-SP-sera-quase.jpg?fit=1024%2C683&ssl=1","_links":{"self":[{"href":"https:\/\/guialimeira.com.br\/news\/wp-json\/wp\/v2\/posts\/69095","targetHints":{"allow":["GET"]}}],"collection":[{"href":"https:\/\/guialimeira.com.br\/news\/wp-json\/wp\/v2\/posts"}],"about":[{"href":"https:\/\/guialimeira.com.br\/news\/wp-json\/wp\/v2\/types\/post"}],"author":[{"embeddable":true,"href":"https:\/\/guialimeira.com.br\/news\/wp-json\/wp\/v2\/users\/1"}],"replies":[{"embeddable":true,"href":"https:\/\/guialimeira.com.br\/news\/wp-json\/wp\/v2\/comments?post=69095"}],"version-history":[{"count":0,"href":"https:\/\/guialimeira.com.br\/news\/wp-json\/wp\/v2\/posts\/69095\/revisions"}],"wp:featuredmedia":[{"embeddable":true,"href":"https:\/\/guialimeira.com.br\/news\/wp-json\/wp\/v2\/media\/69096"}],"wp:attachment":[{"href":"https:\/\/guialimeira.com.br\/news\/wp-json\/wp\/v2\/media?parent=69095"}],"wp:term":[{"taxonomy":"category","embeddable":true,"href":"https:\/\/guialimeira.com.br\/news\/wp-json\/wp\/v2\/categories?post=69095"},{"taxonomy":"post_tag","embeddable":true,"href":"https:\/\/guialimeira.com.br\/news\/wp-json\/wp\/v2\/tags?post=69095"}],"curies":[{"name":"wp","href":"https:\/\/api.w.org\/{rel}","templated":true}]}}