{"id":69086,"date":"2026-06-15T14:04:10","date_gmt":"2026-06-15T17:04:10","guid":{"rendered":"https:\/\/guialimeira.com.br\/monte-mor-tem-acesso-a-agua-e-tratamento-de-esgoto-ampliados-para-mais-de-64-mil-pessoas\/"},"modified":"2026-06-15T14:04:10","modified_gmt":"2026-06-15T17:04:10","slug":"monte-mor-tem-acesso-a-agua-e-tratamento-de-esgoto-ampliados-para-mais-de-64-mil-pessoas","status":"publish","type":"post","link":"https:\/\/guialimeira.com.br\/news\/monte-mor-tem-acesso-a-agua-e-tratamento-de-esgoto-ampliados-para-mais-de-64-mil-pessoas\/","title":{"rendered":"Monte Mor tem acesso \u00e0 \u00e1gua e tratamento de esgoto ampliados para mais de 64 mil pessoas"},"content":{"rendered":"<p> <br \/>\n<br \/><img data-recalc-dims=\"1\" decoding=\"async\" src=\"https:\/\/i0.wp.com\/www.agenciasp.sp.gov.br\/wp-content\/uploads\/2025\/04\/ETE-Monte-Mor_02-1024x704-1.jpg?w=696&#038;ssl=1\" \/><\/p>\n<div data-id=\"5a922b4\" data-element_type=\"widget\" data-e-type=\"widget\" data-widget_type=\"theme-post-content.default\">\n<div class=\"elementor-widget-container\">\n<p class=\"wp-block-paragraph\">A Sabesp iniciou as obras de amplia\u00e7\u00e3o dos sistemas de abastecimento de \u00e1gua e de coleta e tratamento de esgoto em Monte Mor. Com investimento de R$ 103,5 milh\u00f5es, a obra leva <a href=\"https:\/\/www.agenciasp.sp.gov.br\/entenda-como-o-avanco-do-saneamento-e-peca-fundamental-para-reducao-da-poluicao-em-ate-55-em-rios-da-grande-sp\/\" rel=\"noopener\">infraestrutura de \u00e1gua e esgoto<\/a> para regi\u00f5es que ainda n\u00e3o contam com atendimento completo. Ser\u00e3o beneficiados diretamente 64.662 moradores do munic\u00edpio.<\/p>\n<p class=\"wp-block-paragraph\">O primeiro bairro contemplado \u00e9 o Residencial das Orqu\u00eddeas, onde os trabalhos come\u00e7aram em 1\u00ba de junho, na Rua 5, esquina com a Estrada da Servid\u00e3o. A iniciativa integra o plano de universaliza\u00e7\u00e3o do saneamento b\u00e1sico da Companhia.<\/p>\n<h3 class=\"wp-block-heading\">Detalhes da obra<\/h3>\n<p class=\"wp-block-paragraph\">No Residencial das Orqu\u00eddeas, v\u00e3o ser implantados mais de 15 quil\u00f4metros de <a href=\"https:\/\/www.agenciasp.sp.gov.br\/abastecimento-de-agua-para-22-milhoes-na-grande-sp-conta-com-potencia-que-supera-formula-1\/\" rel=\"noopener\">redes de abastecimento de \u00e1gua<\/a>, com aplica\u00e7\u00e3o de R$ 7 milh\u00f5es. As obras v\u00e3o beneficiar cerca de 2.500 moradores e incluem a execu\u00e7\u00e3o de 606 liga\u00e7\u00f5es domiciliares. A previs\u00e3o \u00e9 de que a implanta\u00e7\u00e3o das redes seja\u00a0conclu\u00edda at\u00e9 dezembro de 2026, permitindo o fornecimento de \u00e1gua tratada \u00e0s fam\u00edlias do bairro.<\/p>\n<p class=\"wp-block-paragraph\">Al\u00e9m das obras de abastecimento, a Sabesp tamb\u00e9m est\u00e1 avan\u00e7ando com o projeto para implantar, pela primeira vez, a coleta e tratamento de esgoto no Residencial das Orqu\u00eddeas. A previs\u00e3o \u00e9 construir mais de 14,1 quil\u00f4metros de redes coletoras e Esta\u00e7\u00f5es Elevat\u00f3rias de Esgoto, com in\u00edcio das\u00a0obras ainda neste ano. O\u00a0novo sistema permitir\u00e1 o encaminhamento adequado dos efluentes para tratamento, contribuindo para a melhoria da sa\u00fade p\u00fablica e com a preserva\u00e7\u00e3o ambiental.<\/p>\n<h3 class=\"wp-block-heading\">Investimentos em saneamento na regi\u00e3o<\/h3>\n<p class=\"wp-block-paragraph\">As obras fazem parte de um conjunto de investimentos que tamb\u00e9m contemplar\u00e1 os bairros Meu Cantinho, Umuarama, Santa Clara do Lago, Est\u00e2ncia dos Reis e Ch\u00e1cara S\u00e3o Francisco. A expectativa \u00e9 concluir toda a infraestrutura prevista e ampliar o acesso \u00e0 \u00e1gua tratada e aos servi\u00e7os de coleta e tratamento de esgoto\u00a0at\u00e9 o in\u00edcio de setembro de 2028.<\/p>\n<p class=\"wp-block-paragraph\">Al\u00e9m de ampliar o acesso ao saneamento b\u00e1sico, a iniciativa contribuir\u00e1 para a preserva\u00e7\u00e3o do meio ambiente e para a valoriza\u00e7\u00e3o imobili\u00e1ria da cidade. Com este programa, a Sabesp reafirma sua miss\u00e3o de promover sa\u00fade p\u00fablica, desenvolvimento urbano e sustentabilidade ambiental em todas as regi\u00f5es do estado de S\u00e3o Paulo.<\/p>\n<\/p><\/div>\n<\/p><\/div>\n<p><br \/>\n<br \/><a href=\"https:\/\/www.agenciasp.sp.gov.br\/monte-mor-tem-acesso-a-agua-e-tratamento-de-esgoto-ampliados-para-mais-de-64-mil-pessoas\/\" rel=\"noopener\">Informa\u00e7\u00f5es GOV.SP<\/a><\/p>\n","protected":false},"excerpt":{"rendered":"<p>A Sabesp iniciou as obras de amplia\u00e7\u00e3o dos sistemas de abastecimento de \u00e1gua e de coleta e tratamento de esgoto em Monte Mor. Com investimento de R$ 103,5 milh\u00f5es, a obra leva infraestrutura de \u00e1gua e esgoto para regi\u00f5es que ainda n\u00e3o contam com atendimento completo. Ser\u00e3o beneficiados diretamente 64.662 moradores do munic\u00edpio. O primeiro [&hellip;]<\/p>\n","protected":false},"author":1,"featured_media":69087,"comment_status":"","ping_status":"open","sticky":false,"template":"","format":"standard","meta":{"_jetpack_newsletter_access":"","_jetpack_dont_email_post_to_subs":false,"_jetpack_newsletter_tier_id":0,"_jetpack_memberships_contains_paywalled_content":false,"_mbp_banners":[],"_jetpack_feature_clip_id":0,"_jetpack_memberships_contains_paid_content":false,"footnotes":"","jetpack_publicize_message":"","jetpack_publicize_feature_enabled":true,"jetpack_social_post_already_shared":true,"jetpack_social_options":{"image_generator_settings":{"template":"highway","default_image_id":0,"font":"","enabled":false},"version":2},"jetpack_post_was_ever_published":false},"categories":[21],"tags":[],"class_list":["post-69086","post","type-post","status-publish","format-standard","has-post-thumbnail","category-sp-news"],"jetpack_publicize_connections":[],"jetpack-related-posts":[],"jetpack_shortlink":"https:\/\/wp.me\/p7Eq1F-hYi","jetpack_sharing_enabled":true,"jetpack_featured_media_url":"https:\/\/i0.wp.com\/guialimeira.com.br\/news\/wp-content\/uploads\/2026\/06\/Monte-Mor-tem-acesso-a-agua-e-tratamento-de-esgoto.jpg?fit=1024%2C704&ssl=1","_links":{"self":[{"href":"https:\/\/guialimeira.com.br\/news\/wp-json\/wp\/v2\/posts\/69086","targetHints":{"allow":["GET"]}}],"collection":[{"href":"https:\/\/guialimeira.com.br\/news\/wp-json\/wp\/v2\/posts"}],"about":[{"href":"https:\/\/guialimeira.com.br\/news\/wp-json\/wp\/v2\/types\/post"}],"author":[{"embeddable":true,"href":"https:\/\/guialimeira.com.br\/news\/wp-json\/wp\/v2\/users\/1"}],"replies":[{"embeddable":true,"href":"https:\/\/guialimeira.com.br\/news\/wp-json\/wp\/v2\/comments?post=69086"}],"version-history":[{"count":0,"href":"https:\/\/guialimeira.com.br\/news\/wp-json\/wp\/v2\/posts\/69086\/revisions"}],"wp:featuredmedia":[{"embeddable":true,"href":"https:\/\/guialimeira.com.br\/news\/wp-json\/wp\/v2\/media\/69087"}],"wp:attachment":[{"href":"https:\/\/guialimeira.com.br\/news\/wp-json\/wp\/v2\/media?parent=69086"}],"wp:term":[{"taxonomy":"category","embeddable":true,"href":"https:\/\/guialimeira.com.br\/news\/wp-json\/wp\/v2\/categories?post=69086"},{"taxonomy":"post_tag","embeddable":true,"href":"https:\/\/guialimeira.com.br\/news\/wp-json\/wp\/v2\/tags?post=69086"}],"curies":[{"name":"wp","href":"https:\/\/api.w.org\/{rel}","templated":true}]}}