{"id":69085,"date":"2026-06-15T13:44:17","date_gmt":"2026-06-15T16:44:17","guid":{"rendered":"https:\/\/guialimeira.com.br\/teatro-vitoria-recebe-espetaculo-de-bale-infantil-baseado-no-classico-toy-story\/"},"modified":"2026-06-15T13:44:17","modified_gmt":"2026-06-15T16:44:17","slug":"teatro-vitoria-recebe-espetaculo-de-bale-infantil-baseado-no-classico-toy-story","status":"publish","type":"post","link":"https:\/\/guialimeira.com.br\/news\/teatro-vitoria-recebe-espetaculo-de-bale-infantil-baseado-no-classico-toy-story\/","title":{"rendered":"Teatro Vit\u00f3ria recebe espet\u00e1culo de bal\u00e9 infantil baseado no cl\u00e1ssico \u201cToy Story\u201d"},"content":{"rendered":"<p> <br \/>\n<br \/><img data-recalc-dims=\"1\" decoding=\"async\" src=\"https:\/\/i0.wp.com\/ecrie.com.br\/sistema\/conteudos\/imagem\/m_137_0_1_23092025085004.jpg?w=696&#038;ssl=1\" \/><\/p>\n<div>\n<h3 data-reticencias=\"34\">Teatro Vit\u00f3ria recebe IV Concerto da S\u00e9rie Alian\u00e7a da Orquestra Sinf\u00f4nica de Limeira<\/h3>\n<p class=\"descricao\" data-reticencias=\"44 [...]\">&#13;<br \/>\n                                    Espet\u00e1culo &#8220;Paisagens Imagin\u00e1rias&#8221; promovido pela Sociedade Pr\u00f3-Sinf\u00f4nica de Limeira acontece nesta quinta-feira com obras de Mendelssohn, Grieg e Nepomuceno&#13;<br \/>\n&#13;<br \/>\n&#13;\n                                <\/p>\n<\/p><\/div>\n<p><br \/>\n<br \/><a href=\"https:\/\/limeira.sp.gov.br\/teatro-vitoria-recebe-espetaculo-de-bale-infantil-baseado-no-classico-toy-story\" rel=\"noopener\">Informa\u00e7\u00f5es da PML <\/a><\/p>\n","protected":false},"excerpt":{"rendered":"<p>Teatro Vit\u00f3ria recebe IV Concerto da S\u00e9rie Alian\u00e7a da Orquestra Sinf\u00f4nica de Limeira &#13; Espet\u00e1culo &#8220;Paisagens Imagin\u00e1rias&#8221; promovido pela Sociedade Pr\u00f3-Sinf\u00f4nica de Limeira acontece nesta quinta-feira com obras de Mendelssohn, Grieg e Nepomuceno&#13; &#13; &#13; Informa\u00e7\u00f5es da PML<\/p>\n","protected":false},"author":1,"featured_media":45615,"comment_status":"","ping_status":"open","sticky":false,"template":"","format":"standard","meta":{"_jetpack_newsletter_access":"","_jetpack_dont_email_post_to_subs":false,"_jetpack_newsletter_tier_id":0,"_jetpack_memberships_contains_paywalled_content":false,"_mbp_banners":[],"_jetpack_feature_clip_id":0,"_jetpack_memberships_contains_paid_content":false,"footnotes":"","jetpack_publicize_message":"","jetpack_publicize_feature_enabled":true,"jetpack_social_post_already_shared":true,"jetpack_social_options":{"image_generator_settings":{"template":"highway","default_image_id":0,"font":"","enabled":false},"version":2},"jetpack_post_was_ever_published":false},"categories":[16],"tags":[],"class_list":["post-69085","post","type-post","status-publish","format-standard","has-post-thumbnail","category-local"],"jetpack_publicize_connections":[],"jetpack-related-posts":[],"jetpack_shortlink":"https:\/\/wp.me\/p7Eq1F-hYh","jetpack_sharing_enabled":true,"jetpack_featured_media_url":"https:\/\/i0.wp.com\/guialimeira.com.br\/news\/wp-content\/uploads\/2025\/09\/m_137_0_1_23092025085004.jpg?fit=900%2C600&ssl=1","_links":{"self":[{"href":"https:\/\/guialimeira.com.br\/news\/wp-json\/wp\/v2\/posts\/69085","targetHints":{"allow":["GET"]}}],"collection":[{"href":"https:\/\/guialimeira.com.br\/news\/wp-json\/wp\/v2\/posts"}],"about":[{"href":"https:\/\/guialimeira.com.br\/news\/wp-json\/wp\/v2\/types\/post"}],"author":[{"embeddable":true,"href":"https:\/\/guialimeira.com.br\/news\/wp-json\/wp\/v2\/users\/1"}],"replies":[{"embeddable":true,"href":"https:\/\/guialimeira.com.br\/news\/wp-json\/wp\/v2\/comments?post=69085"}],"version-history":[{"count":0,"href":"https:\/\/guialimeira.com.br\/news\/wp-json\/wp\/v2\/posts\/69085\/revisions"}],"wp:featuredmedia":[{"embeddable":true,"href":"https:\/\/guialimeira.com.br\/news\/wp-json\/wp\/v2\/media\/45615"}],"wp:attachment":[{"href":"https:\/\/guialimeira.com.br\/news\/wp-json\/wp\/v2\/media?parent=69085"}],"wp:term":[{"taxonomy":"category","embeddable":true,"href":"https:\/\/guialimeira.com.br\/news\/wp-json\/wp\/v2\/categories?post=69085"},{"taxonomy":"post_tag","embeddable":true,"href":"https:\/\/guialimeira.com.br\/news\/wp-json\/wp\/v2\/tags?post=69085"}],"curies":[{"name":"wp","href":"https:\/\/api.w.org\/{rel}","templated":true}]}}