{"id":69081,"date":"2026-06-15T13:03:05","date_gmt":"2026-06-15T16:03:05","guid":{"rendered":"https:\/\/guialimeira.com.br\/junho-violeta-governo-de-sp-promove-campanha-de-combate-a-violencia-contra-a-pessoa-idosa\/"},"modified":"2026-06-15T13:03:05","modified_gmt":"2026-06-15T16:03:05","slug":"junho-violeta-governo-de-sp-promove-campanha-de-combate-a-violencia-contra-a-pessoa-idosa","status":"publish","type":"post","link":"https:\/\/guialimeira.com.br\/news\/junho-violeta-governo-de-sp-promove-campanha-de-combate-a-violencia-contra-a-pessoa-idosa\/","title":{"rendered":"Junho Violeta: Governo de SP promove campanha de combate \u00e0 viol\u00eancia contra a pessoa idosa"},"content":{"rendered":"<p> <br \/>\n<br \/><img data-recalc-dims=\"1\" decoding=\"async\" src=\"https:\/\/i0.wp.com\/www.agenciasp.sp.gov.br\/wp-content\/uploads\/2026\/02\/20250212_maos_idoso.jpg?w=696&#038;ssl=1\" \/><\/p>\n<div>\n<p class=\"wp-block-paragraph\">O Governo do Estado de S\u00e3o Paulo promove em junho as a\u00e7\u00f5es voltadas \u00e0 prote\u00e7\u00e3o da pessoa com 60 anos ou mais. O Dia Mundial de Conscientiza\u00e7\u00e3o da Viol\u00eancia Contra a Pessoa Idosa foi institu\u00eddo em 15 de junho pela Organiza\u00e7\u00e3o das Na\u00e7\u00f5es Unidas (ONU). A Secretaria de Desenvolvimento Social (SEDS) apresenta uma agenda de servi\u00e7os, programas e iniciativas que refor\u00e7am o compromisso do Estado com o envelhecimento digno e ativo.<\/p>\n<p class=\"wp-block-paragraph\">Em 30 de junho, das 8h \u00e0s 12h, a SEDS realizar\u00e1, em parceria com o Conselho Estadual do Idoso de S\u00e3o Paulo (CEI\/SP) e com o apoio da Escola de Desenvolvimento Social (EDESP\/DFMA), a palestra \u201cJunho Violeta: Combate \u00e0 Viol\u00eancia contra a Pessoa Idosa\u201d. O evento, voltado aos conselheiros, profissionais da \u00e1rea, cuidadores e pessoas idosas, ser\u00e1 sediado no Sindicato Nacional dos Aposentados, Pensionistas e Idosos (SINDNAPI).<\/p>\n<p class=\"wp-block-paragraph\">A iniciativa ganha urg\u00eancia diante dos n\u00fameros: em 2025, o estado de S\u00e3o Paulo registrou 167.546 den\u00fancias de viol\u00eancia e viola\u00e7\u00f5es de direitos contra pessoas idosas, segundo dados do Disque 100. A viol\u00eancia contra esse grupo pode se manifestar de m\u00faltiplas formas, entre elas, f\u00edsica, psicol\u00f3gica, sexual, patrimonial e institucional, al\u00e9m de neglig\u00eancia, abandono e discrimina\u00e7\u00e3o.<\/p>\n<h3 class=\"wp-block-heading\">Rede ampliada de prote\u00e7\u00e3o<\/h3>\n<p class=\"wp-block-paragraph\">A atua\u00e7\u00e3o da SEDS vai al\u00e9m do calend\u00e1rio. Desde 2023, a pasta implantou 180 novos Servi\u00e7os de Conviv\u00eancia e Fortalecimento de V\u00ednculos (SCFV) voltados \u00e0 popula\u00e7\u00e3o idosa, com investimento de R$ 31,9 milh\u00f5es do Fundo Estadual de Assist\u00eancia Social (FEAS). Os servi\u00e7os promovem o conv\u00edvio social, fortalecem la\u00e7os familiares e comunit\u00e1rios e previnem o isolamento.<\/p>\n<p class=\"wp-block-paragraph\">Na prote\u00e7\u00e3o de alta complexidade, o Estado ampliou o cofinanciamento de Institui\u00e7\u00f5es de Longa Perman\u00eancia para Idosos (ILPIs): eram 575 unidades em 2022 e atualmente s\u00e3o 628, com capacidade para 20,3 mil vagas. Tamb\u00e9m foram expandidos os Servi\u00e7os de Prote\u00e7\u00e3o Social B\u00e1sica no Domic\u00edlio, voltados a idosos com limita\u00e7\u00f5es de mobilidade ou depend\u00eancia parcial, que somam atualmente 183 unidades ativas, 49 delas implantadas a partir de 2023.<\/p>\n<h3 class=\"wp-block-heading\">Programas estruturantes<\/h3>\n<p class=\"wp-block-paragraph\">A SEDS coordena o programa S\u00e3o Paulo Amigo do Idoso (SPAI), articulando 13 secretarias de Estado, o Fundo Social de S\u00e3o Paulo e o Conselho Estadual do Idoso em quatro eixos: Prote\u00e7\u00e3o, Educa\u00e7\u00e3o, Sa\u00fade e Participa\u00e7\u00e3o.<\/p>\n<p class=\"wp-block-paragraph\">O programa j\u00e1 financiou a constru\u00e7\u00e3o de 120 Centros de Conviv\u00eancia da Pessoa Idosa (CCI), 70 Centros Dia do Idoso (CDI) e dois Centros de Longevidade Ativa (CLA) no estado. Os Centros Dia oferecem cuidados di\u00e1rios multidisciplinares como higiene, alimenta\u00e7\u00e3o, mobilidade, atividades culturais e cognitivas, com o objetivo de evitar a institucionaliza\u00e7\u00e3o precoce e apoiar as fam\u00edlias cuidadoras.<\/p>\n<p class=\"wp-block-paragraph\">O SPAI tamb\u00e9m institui o Selo Paulista da Longevidade, que reconhece munic\u00edpios com boas pr\u00e1ticas de envelhecimento saud\u00e1vel nas modalidades inicial, intermedi\u00e1rio, pleno e platinum.<\/p>\n<p class=\"wp-block-paragraph\">Al\u00e9m do programa Vida Longa, que em parceria com a Secretaria de Desenvolvimento Urbano e Habita\u00e7\u00e3o e a CDHU, implanta unidades de moradia assistida e gratuita para idosos sozinhos ou com v\u00ednculos familiares fragilizados, independentes nas atividades di\u00e1rias e com renda de at\u00e9 dois sal\u00e1rios m\u00ednimos.<\/p>\n<p class=\"wp-block-paragraph\"><strong>Servi\u00e7o<\/strong><br \/>Palestra: \u201cJunho Violeta: Combate \u00e0 Viol\u00eancia contra a Pessoa Idosa\u201d<br \/>Quando: 30\/6<br \/>Hor\u00e1rio: 8h \u00e0s 12h<br \/>Local: Sindicato Nacional dos Aposentados, Pensionistas e Idosos (SINDNAPI)<br \/>Endere\u00e7o: Rua do Carmo, 171 \u2013 Centro Hist\u00f3rico<br \/>Inscri\u00e7\u00f5es pr\u00e9via <a href=\"https:\/\/www.even3.com.br\/junho-violeta-combate-a-violencia-contra-a-pessoa-idosa-741203\/\" data-type=\"link\" data-id=\"https:\/\/www.even3.com.br\/junho-violeta-combate-a-violencia-contra-a-pessoa-idosa-741203\/\" target=\"_blank\" rel=\"noopener\">no link<\/a><\/p>\n<\/p><\/div>\n<p><br \/>\n<br \/><a href=\"https:\/\/www.agenciasp.sp.gov.br\/junho-violeta-governo-de-sp-promove-campanha-de-combate-a-violencia-contra-a-pessoa-idosa\/\" rel=\"noopener\">Informa\u00e7\u00f5es GOV.SP<\/a><\/p>\n","protected":false},"excerpt":{"rendered":"<p>O Governo do Estado de S\u00e3o Paulo promove em junho as a\u00e7\u00f5es voltadas \u00e0 prote\u00e7\u00e3o da pessoa com 60 anos ou mais. O Dia Mundial de Conscientiza\u00e7\u00e3o da Viol\u00eancia Contra a Pessoa Idosa foi institu\u00eddo em 15 de junho pela Organiza\u00e7\u00e3o das Na\u00e7\u00f5es Unidas (ONU). A Secretaria de Desenvolvimento Social (SEDS) apresenta uma agenda de [&hellip;]<\/p>\n","protected":false},"author":1,"featured_media":55414,"comment_status":"","ping_status":"open","sticky":false,"template":"","format":"standard","meta":{"_jetpack_newsletter_access":"","_jetpack_dont_email_post_to_subs":false,"_jetpack_newsletter_tier_id":0,"_jetpack_memberships_contains_paywalled_content":false,"_mbp_banners":[],"_jetpack_feature_clip_id":0,"_jetpack_memberships_contains_paid_content":false,"footnotes":"","jetpack_publicize_message":"","jetpack_publicize_feature_enabled":true,"jetpack_social_post_already_shared":true,"jetpack_social_options":{"image_generator_settings":{"template":"highway","default_image_id":0,"font":"","enabled":false},"version":2},"jetpack_post_was_ever_published":false},"categories":[21],"tags":[],"class_list":["post-69081","post","type-post","status-publish","format-standard","has-post-thumbnail","category-sp-news"],"jetpack_publicize_connections":[],"jetpack-related-posts":[],"jetpack_shortlink":"https:\/\/wp.me\/p7Eq1F-hYd","jetpack_sharing_enabled":true,"jetpack_featured_media_url":"https:\/\/i0.wp.com\/guialimeira.com.br\/news\/wp-content\/uploads\/2026\/02\/Estudo-mostra-sintomas-depressivos-que-indicam-maior-risco-de-demencia.jpg?fit=1200%2C630&ssl=1","_links":{"self":[{"href":"https:\/\/guialimeira.com.br\/news\/wp-json\/wp\/v2\/posts\/69081","targetHints":{"allow":["GET"]}}],"collection":[{"href":"https:\/\/guialimeira.com.br\/news\/wp-json\/wp\/v2\/posts"}],"about":[{"href":"https:\/\/guialimeira.com.br\/news\/wp-json\/wp\/v2\/types\/post"}],"author":[{"embeddable":true,"href":"https:\/\/guialimeira.com.br\/news\/wp-json\/wp\/v2\/users\/1"}],"replies":[{"embeddable":true,"href":"https:\/\/guialimeira.com.br\/news\/wp-json\/wp\/v2\/comments?post=69081"}],"version-history":[{"count":0,"href":"https:\/\/guialimeira.com.br\/news\/wp-json\/wp\/v2\/posts\/69081\/revisions"}],"wp:featuredmedia":[{"embeddable":true,"href":"https:\/\/guialimeira.com.br\/news\/wp-json\/wp\/v2\/media\/55414"}],"wp:attachment":[{"href":"https:\/\/guialimeira.com.br\/news\/wp-json\/wp\/v2\/media?parent=69081"}],"wp:term":[{"taxonomy":"category","embeddable":true,"href":"https:\/\/guialimeira.com.br\/news\/wp-json\/wp\/v2\/categories?post=69081"},{"taxonomy":"post_tag","embeddable":true,"href":"https:\/\/guialimeira.com.br\/news\/wp-json\/wp\/v2\/tags?post=69081"}],"curies":[{"name":"wp","href":"https:\/\/api.w.org\/{rel}","templated":true}]}}