{"id":69077,"date":"2026-06-15T12:01:56","date_gmt":"2026-06-15T15:01:56","guid":{"rendered":"https:\/\/guialimeira.com.br\/regularizacao-ambiental-avanca-no-campo-paulista-e-impulsiona-producao-sustentavel\/"},"modified":"2026-06-15T12:01:56","modified_gmt":"2026-06-15T15:01:56","slug":"regularizacao-ambiental-avanca-no-campo-paulista-e-impulsiona-producao-sustentavel","status":"publish","type":"post","link":"https:\/\/guialimeira.com.br\/news\/regularizacao-ambiental-avanca-no-campo-paulista-e-impulsiona-producao-sustentavel\/","title":{"rendered":"Regulariza\u00e7\u00e3o ambiental avan\u00e7a no campo paulista e impulsiona produ\u00e7\u00e3o sustent\u00e1vel"},"content":{"rendered":"<p> <br \/>\n<\/p>\n<div>\n<p class=\"wp-block-paragraph\">Em meio \u00e0 Mata Atl\u00e2ntica do Vale do Ribeira, a propriedade da fam\u00edlia de Agnaldo Jos\u00e9 de Oliveira carrega cerca de um s\u00e9culo de hist\u00f3ria. Localizado no entorno do Parque Estadual Intervales, em Sete Barras, o S\u00edtio Boa Vista passou por uma transforma\u00e7\u00e3o nos \u00faltimos anos: o antigo monocultivo de banana prata deu espa\u00e7o a um sistema agroflorestal que hoje re\u00fane palmito ju\u00e7ara, esp\u00e9cies nativas de madeira, frutas e ra\u00edzes cultivadas em meio \u00e0 floresta.<\/p>\n<p class=\"wp-block-paragraph\">Agricultor e integrante da Cooperativa Agropecu\u00e1ria de Produtos Sustent\u00e1veis do Guapiruvu (Cooperagua), Agnaldo representa a terceira gera\u00e7\u00e3o da fam\u00edlia na propriedade que pertenceu ao av\u00f4 materno. A mudan\u00e7a no modelo produtivo come\u00e7ou no in\u00edcio dos anos 2000, impulsionada pelo desgaste do solo, pela instabilidade financeira e pela necessidade de adapta\u00e7\u00e3o das fam\u00edlias da regi\u00e3o ap\u00f3s a cria\u00e7\u00e3o do parque estadual, em 1995.<\/p>\n<figure class=\"wp-block-image size-full\"><img data-recalc-dims=\"1\" fetchpriority=\"high\" decoding=\"async\" width=\"576\" height=\"1024\" src=\"https:\/\/i0.wp.com\/www.agenciasp.sp.gov.br\/wp-content\/uploads\/2026\/06\/WhatsApp-Image-2026-06-12-at-11.47.52-2-2-576x1024-1.jpeg?resize=576%2C1024&#038;ssl=1\" alt=\"\" class=\"wp-image-151841 lazy\" srcset=\"https:\/\/www.agenciasp.sp.gov.br\/wp-content\/uploads\/2026\/06\/WhatsApp-Image-2026-06-12-at-11.47.52-2-2-576x1024-1.jpeg 576w, https:\/\/www.agenciasp.sp.gov.br\/wp-content\/uploads\/2026\/06\/WhatsApp-Image-2026-06-12-at-11.47.52-2-2-576x1024-1-169x300.jpeg 169w, https:\/\/www.agenciasp.sp.gov.br\/wp-content\/uploads\/2026\/06\/WhatsApp-Image-2026-06-12-at-11.47.52-2-2-576x1024-1-150x267.jpeg 150w\" data-sizes=\"(max-width: 576px) 100vw, 576px\"\/><figcaption class=\"wp-element-caption\"> Agnaldo realiza o manejo da \u00e1rea agroflorestal, pr\u00e1tica essencial para o desenvolvimento das esp\u00e9cies e a manuten\u00e7\u00e3o da biodiversidade local<\/figcaption><\/figure>\n<p class=\"wp-block-paragraph\">\u201cRepensamos o modelo de produ\u00e7\u00e3o e vimos que ter uma diversidade de culturas em meio \u00e0 floresta poderia, por exemplo, impedir o avan\u00e7o de pragas na nossa propriedade, promovendo o equil\u00edbrio ambiental\u201d, conta o produtor.<\/p>\n<p class=\"wp-block-paragraph\"><strong>LEIA TAMB\u00c9M: <\/strong><a href=\"https:\/\/www.agenciasp.sp.gov.br\/car-online-nova-ferramenta-do-sistema\/\" rel=\"noopener\">CAR Online permite mapear danos em vegeta\u00e7\u00e3o nativa decorrentes de interfer\u00eancias ambientais<\/a><\/p>\n<figure class=\"wp-block-image size-full\"><img data-recalc-dims=\"1\" loading=\"lazy\" decoding=\"async\" width=\"696\" height=\"928\" src=\"https:\/\/i0.wp.com\/www.agenciasp.sp.gov.br\/wp-content\/uploads\/2026\/06\/WhatsApp-Image-2026-06-12-at-11.47.52-1-1-768x1024-1.jpeg?resize=696%2C928&#038;ssl=1\" alt=\"\" class=\"wp-image-151924 lazy\" srcset=\"https:\/\/www.agenciasp.sp.gov.br\/wp-content\/uploads\/2026\/06\/WhatsApp-Image-2026-06-12-at-11.47.52-1-1-768x1024-1.jpeg 768w, https:\/\/www.agenciasp.sp.gov.br\/wp-content\/uploads\/2026\/06\/WhatsApp-Image-2026-06-12-at-11.47.52-1-1-768x1024-1-225x300.jpeg 225w, https:\/\/www.agenciasp.sp.gov.br\/wp-content\/uploads\/2026\/06\/WhatsApp-Image-2026-06-12-at-11.47.52-1-1-768x1024-1-640x853.jpeg 640w, https:\/\/www.agenciasp.sp.gov.br\/wp-content\/uploads\/2026\/06\/WhatsApp-Image-2026-06-12-at-11.47.52-1-1-768x1024-1-150x200.jpeg 150w\" data-sizes=\"(max-width: 768px) 100vw, 768px\"\/><figcaption class=\"wp-element-caption\">Geraldo e Maria Valdereis, pais de Agnaldo, em \u00e1rea de agrofloresta da propriedade familiar<\/figcaption><\/figure>\n<p class=\"wp-block-paragraph\">Hoje, nos oito hectares da propriedade, cinco s\u00e3o destinados ao manejo agroflorestal e tr\u00eas comp\u00f5em a reserva legal. Al\u00e9m da banana, a fam\u00edlia produz majoritariamente palmito ju\u00e7ara \u2014 esp\u00e9cie antes amea\u00e7ada de extin\u00e7\u00e3o na regi\u00e3o \u2014 al\u00e9m de cedro, ip\u00ea, canela, jaca, fruta-do-conde, mandioca, car\u00e1 e outras culturas.<\/p>\n<p class=\"wp-block-paragraph\">\u201cA regulariza\u00e7\u00e3o ambiental, h\u00e1 cerca de 10 anos, contribuiu para fortalecer nossos neg\u00f3cios e ampliar o acesso \u00e0s pol\u00edticas p\u00fablicas. Tamb\u00e9m foi fundamental para avan\u00e7armos no manejo florestal sustent\u00e1vel, garantindo autoriza\u00e7\u00e3o para o manejo e corte da ju\u00e7ara\u201d, observa Agnaldo.<\/p>\n<p class=\"wp-block-paragraph\">A experi\u00eancia do produtor \u00e9 um exemplo do trabalho desenvolvido pelo Governo do Estado de S\u00e3o Paulo, por meio da <a href=\"https:\/\/agricultura.sp.gov.br\/\" target=\"_blank\" rel=\"noopener\">Secretaria de Agricultura e Abastecimento (SAA)<\/a>, para orientar produtores rurais sobre regulariza\u00e7\u00e3o ambiental, manejo sustent\u00e1vel e uso produtivo de \u00e1reas de preserva\u00e7\u00e3o e vegeta\u00e7\u00e3o nativa.<\/p>\n<p class=\"wp-block-paragraph\">A iniciativa \u00e9 conduzida pela Coordenadoria de Regulariza\u00e7\u00e3o Ambiental Rural (CRAR), que oferece apoio t\u00e9cnico sobre o Cadastro Ambiental Rural (CAR), Programas de Regulariza\u00e7\u00e3o Ambiental (PRA), Sistemas Agroflorestais (SAFs), coleta de produtos florestais e plantio comercial de esp\u00e9cies nativas.<\/p>\n<p class=\"wp-block-paragraph\">Para o secret\u00e1rio de Agricultura e Abastecimento do Estado de S\u00e3o Paulo, Geraldo Melo Filho, a regulariza\u00e7\u00e3o ambiental deixou de ser apenas uma obriga\u00e7\u00e3o legal e passou a representar uma oportunidade para o produtor rural. \u201cQuando o produtor recebe orienta\u00e7\u00e3o t\u00e9cnica e seguran\u00e7a para investir, a preserva\u00e7\u00e3o deixa de ser vista como obst\u00e1culo e passa a integrar a estrat\u00e9gia de desenvolvimento da propriedade rural\u201d, destaca o secret\u00e1rio.<\/p>\n<h3 class=\"wp-block-heading\">S\u00e3o Paulo lidera regulariza\u00e7\u00e3o ambiental no Brasil<\/h3>\n<p class=\"wp-block-paragraph\">O Estado de S\u00e3o Paulo j\u00e1 superou a marca de 200 mil Cadastros Ambientais Rurais (CARs) validados, liderando a implementa\u00e7\u00e3o do C\u00f3digo Florestal Brasileiro. Desse total, mais de 54 mil cadastros possuem passivo ambiental identificado, abrangendo uma \u00e1rea de 111.922 hectares. Desse total, o estado j\u00e1 contabiliza mais de 1.200 projetos de recomposi\u00e7\u00e3o ( PRADAs ) validados em andamento, ou seja, s\u00e3o mais de 21.500 hectares em processo de recomposi\u00e7\u00e3o ambiental entre \u00c1reas de Preserva\u00e7\u00e3o Permanente (APPs) e Reservas Legais.<\/p>\n<h3 class=\"wp-block-heading\">Produ\u00e7\u00e3o de ovos org\u00e2nicos alia expans\u00e3o e responsabilidade ambiental<\/h3>\n<p class=\"wp-block-paragraph\">Em Avar\u00e9, a regulariza\u00e7\u00e3o ambiental tamb\u00e9m faz parte da estrat\u00e9gia de crescimento da Fazenda Raiar Org\u00e2nicos, que se dedica \u00e0 produ\u00e7\u00e3o de ovos org\u00e2nicos em larga escala. A propriedade, adquirida em 2020, est\u00e1 localizada dentro da \u00c1rea de Prote\u00e7\u00e3o Ambiental (APA) de Botucatu e possui 163 hectares. O projeto prev\u00ea capacidade para at\u00e9 700 mil aves. Atualmente, a opera\u00e7\u00e3o conta com cerca de 375 mil animais e produ\u00e7\u00e3o anual aproximada de 72 milh\u00f5es de ovos org\u00e2nicos.<\/p>\n<p class=\"wp-block-paragraph\">Ap\u00f3s a an\u00e1lise do Cadastro Ambiental Rural (CAR) pelos t\u00e9cnicos da Diretoria de Assist\u00eancia T\u00e9cnica Integral (CATI), realizada no in\u00edcio deste ano, foi constatada a necessidade de recomposi\u00e7\u00e3o de 5 hectares da propriedade, localizada em uma regi\u00e3o de transi\u00e7\u00e3o entre Cerrado e Mata Atl\u00e2ntica, para complementa\u00e7\u00e3o da \u00e1rea de Reserva Legal.\u00a0<\/p>\n<p class=\"wp-block-paragraph\">Com a ades\u00e3o ao Programa de Regulariza\u00e7\u00e3o Ambiental (PRA), formalizada por meio da assinatura do Termo de Compromisso e da elabora\u00e7\u00e3o do PRADA, teve in\u00edcio a recupera\u00e7\u00e3o da \u00e1rea. At\u00e9 o momento, foram plantadas cerca de 5 mil mudas nativas de 60 esp\u00e9cies diferentes em 4 hectares. A etapa final prev\u00ea o plantio de outras 1.600 mudas em 1 hectare, concluindo a recomposi\u00e7\u00e3o prevista no projeto.\u00a0<\/p>\n<p class=\"wp-block-paragraph\">Para Mayara Cristian Rodrigues, analista ambiental da Raiar Org\u00e2nicos, a regulariza\u00e7\u00e3o ambiental fortalece n\u00e3o apenas a conformidade legal da empresa, mas tamb\u00e9m sua credibilidade no mercado. \u201cA regulariza\u00e7\u00e3o ambiental mostra que produzir alimentos e conservar recursos naturais n\u00e3o s\u00e3o objetivos opostos. A sustentabilidade ambiental \u00e9 parte fundamental da constru\u00e7\u00e3o de um neg\u00f3cio resiliente, eficiente e preparado para o futuro\u201d, completa.<\/p>\n<\/p><\/div>\n<p><br \/>\n<br \/><a href=\"https:\/\/www.agenciasp.sp.gov.br\/regularizacao-ambiental-campo-paulista\/\" rel=\"noopener\">Informa\u00e7\u00f5es GOV.SP<\/a><\/p>\n","protected":false},"excerpt":{"rendered":"<p>Em meio \u00e0 Mata Atl\u00e2ntica do Vale do Ribeira, a propriedade da fam\u00edlia de Agnaldo Jos\u00e9 de Oliveira carrega cerca de um s\u00e9culo de hist\u00f3ria. Localizado no entorno do Parque Estadual Intervales, em Sete Barras, o S\u00edtio Boa Vista passou por uma transforma\u00e7\u00e3o nos \u00faltimos anos: o antigo monocultivo de banana prata deu espa\u00e7o a [&hellip;]<\/p>\n","protected":false},"author":1,"featured_media":69078,"comment_status":"","ping_status":"open","sticky":false,"template":"","format":"standard","meta":{"_jetpack_newsletter_access":"","_jetpack_dont_email_post_to_subs":false,"_jetpack_newsletter_tier_id":0,"_jetpack_memberships_contains_paywalled_content":false,"_mbp_banners":[],"_jetpack_feature_clip_id":0,"_jetpack_memberships_contains_paid_content":false,"footnotes":"","jetpack_publicize_message":"","jetpack_publicize_feature_enabled":true,"jetpack_social_post_already_shared":true,"jetpack_social_options":{"image_generator_settings":{"template":"highway","default_image_id":0,"font":"","enabled":false},"version":2},"jetpack_post_was_ever_published":false},"categories":[21],"tags":[],"class_list":["post-69077","post","type-post","status-publish","format-standard","has-post-thumbnail","category-sp-news"],"jetpack_publicize_connections":[],"jetpack-related-posts":[],"jetpack_shortlink":"https:\/\/wp.me\/p7Eq1F-hY9","jetpack_sharing_enabled":true,"jetpack_featured_media_url":"https:\/\/i0.wp.com\/guialimeira.com.br\/news\/wp-content\/uploads\/2026\/06\/Regularizacao-ambiental-avanca-no-campo-paulista-e-impulsiona-producao-sustentavel.jpeg?fit=576%2C1024&ssl=1","_links":{"self":[{"href":"https:\/\/guialimeira.com.br\/news\/wp-json\/wp\/v2\/posts\/69077","targetHints":{"allow":["GET"]}}],"collection":[{"href":"https:\/\/guialimeira.com.br\/news\/wp-json\/wp\/v2\/posts"}],"about":[{"href":"https:\/\/guialimeira.com.br\/news\/wp-json\/wp\/v2\/types\/post"}],"author":[{"embeddable":true,"href":"https:\/\/guialimeira.com.br\/news\/wp-json\/wp\/v2\/users\/1"}],"replies":[{"embeddable":true,"href":"https:\/\/guialimeira.com.br\/news\/wp-json\/wp\/v2\/comments?post=69077"}],"version-history":[{"count":0,"href":"https:\/\/guialimeira.com.br\/news\/wp-json\/wp\/v2\/posts\/69077\/revisions"}],"wp:featuredmedia":[{"embeddable":true,"href":"https:\/\/guialimeira.com.br\/news\/wp-json\/wp\/v2\/media\/69078"}],"wp:attachment":[{"href":"https:\/\/guialimeira.com.br\/news\/wp-json\/wp\/v2\/media?parent=69077"}],"wp:term":[{"taxonomy":"category","embeddable":true,"href":"https:\/\/guialimeira.com.br\/news\/wp-json\/wp\/v2\/categories?post=69077"},{"taxonomy":"post_tag","embeddable":true,"href":"https:\/\/guialimeira.com.br\/news\/wp-json\/wp\/v2\/tags?post=69077"}],"curies":[{"name":"wp","href":"https:\/\/api.w.org\/{rel}","templated":true}]}}