{"id":69073,"date":"2026-06-15T10:59:50","date_gmt":"2026-06-15T13:59:50","guid":{"rendered":"https:\/\/guialimeira.com.br\/atletas-do-time-sao-paulo-conquistam-bronze-com-a-selecao-brasileira-no-mundial-de-goalball-da-china\/"},"modified":"2026-06-15T10:59:50","modified_gmt":"2026-06-15T13:59:50","slug":"atletas-do-time-sao-paulo-conquistam-bronze-com-a-selecao-brasileira-no-mundial-de-goalball-da-china","status":"publish","type":"post","link":"https:\/\/guialimeira.com.br\/news\/atletas-do-time-sao-paulo-conquistam-bronze-com-a-selecao-brasileira-no-mundial-de-goalball-da-china\/","title":{"rendered":"Atletas do Time S\u00e3o Paulo conquistam bronze com a Sele\u00e7\u00e3o Brasileira no Mundial de Goalball da China"},"content":{"rendered":"<p> <br \/>\n<br \/><img data-recalc-dims=\"1\" decoding=\"async\" src=\"https:\/\/i0.wp.com\/www.agenciasp.sp.gov.br\/wp-content\/uploads\/2026\/06\/WhatsApp-Image-2026-06-15-at-09.50.45.jpeg?w=696&#038;ssl=1\" \/><\/p>\n<div>\n<p class=\"wp-block-paragraph\">O Brasil voltou a subir ao p\u00f3dio do goalball mundial. Nesta segunda-feira (15), a Sele\u00e7\u00e3o Brasileira masculina conquistou a medalha de bronze no Campeonato Mundial de Goalball, realizado em Hangzhou, na China, ao vencer o Jap\u00e3o por 10 a 6. Entre os destaques da campanha est\u00e3o cinco atletas do Time S\u00e3o Paulo: Andr\u00e9 Dantas, Emerson da Silva, Josemarcio Sousa, Leomon Moreno e Paulo Rubens.<\/p>\n<p class=\"wp-block-paragraph\">A conquista refor\u00e7a o protagonismo do esporte paral\u00edmpico paulista no cen\u00e1rio internacional e evidencia os resultados dos investimentos realizados pelo Governo de S\u00e3o Paulo, por meio da <a href=\"https:\/\/www.pessoacomdeficiencia.sp.gov.br\/sec_deficiencia\" target=\"_blank\" rel=\"noopener\">Secretaria de Estado dos Direitos da Pessoa com Defici\u00eancia (SEDPcD)<\/a>, em parceria com o Comit\u00ea Paral\u00edmpico Brasileiro (CPB).<\/p>\n<p class=\"wp-block-paragraph\">O goalball \u00e9 uma modalidade criada exclusivamente para pessoas com defici\u00eancia visual. As partidas s\u00e3o disputadas em uma quadra com dimens\u00f5es semelhantes \u00e0s do v\u00f4lei, com dois tempos de 12 minutos. Cada equipe conta com tr\u00eas atletas em quadra e tr\u00eas reservas.<\/p>\n<p class=\"wp-block-paragraph\"><strong>LEIA TAMB\u00c9M: <\/strong><a href=\"https:\/\/www.agenciasp.sp.gov.br\/cristian-atletismo-rumo-a-los-angeles-2028\/\" rel=\"noopener\">Cristian Ribera, medalhista na neve, inicia temporada no atletismo rumo a Los Angeles-2028<\/a><\/p>\n<p class=\"wp-block-paragraph\">O objetivo \u00e9 marcar gols arremessando uma bola com guizos internos, que permite aos jogadores identificar sua trajet\u00f3ria por meio da audi\u00e7\u00e3o. Por ser um esporte baseado nas percep\u00e7\u00f5es auditiva e t\u00e1til, o sil\u00eancio da torcida \u00e9 fundamental durante as disputas.<\/p>\n<p class=\"wp-block-paragraph\">A Sele\u00e7\u00e3o Brasileira iniciou a campanha de forma invicta na fase de grupos, com vit\u00f3rias sobre Egito (11 a 1), Arg\u00e9lia (10 a 0) e China (10 a 1). Nas quartas de final, superou a Ucr\u00e2nia por 7 a 1. Ap\u00f3s uma disputa equilibrada na semifinal contra a China, vencida pelos anfitri\u00f5es por 5 a 4, os brasileiros reagiram na disputa pelo terceiro lugar e garantiram a medalha de bronze diante dos japoneses.<\/p>\n<p class=\"wp-block-paragraph\">O ala Leomon Moreno, atleta do Time S\u00e3o Paulo e artilheiro da Sele\u00e7\u00e3o, abriu o placar logo no primeiro minuto da decis\u00e3o. J\u00e1 o gol que confirmou a vit\u00f3ria brasileira foi marcado por Emerson da Silva, fechando o placar em 10 a 6.<\/p>\n<p class=\"wp-block-paragraph\">\u201cA gente sai mais forte do que nunca dessa competi\u00e7\u00e3o. \u00c9 uma felicidade imensa se manter no p\u00f3dio de um Campeonato Mundial. Ficamos muito felizes de saber que o nosso trabalho, os processos que passamos, as dores e as vit\u00f3rias constru\u00edram o que viemos buscar aqui. Dessa vez n\u00e3o veio o ouro, mas com certeza esse bronze tem o gosto de uma medalha dourada\u201d, afirmou Leomon Moreno ap\u00f3s a partida.<\/p>\n<p class=\"wp-block-paragraph\"><strong>LEIA TAMB\u00c9M: <\/strong><a href=\"https:\/\/www.agenciasp.sp.gov.br\/brasil-estreia-no-mundial-de-goalball-com-sete-atletas-do-time-sao-paulo\/\" rel=\"noopener\">Brasil estreia no Mundial de Goalball com sete atletas do Time S\u00e3o Paulo<\/a><\/p>\n<p class=\"wp-block-paragraph\">Para o secret\u00e1rio de Estado dos Direitos da Pessoa com Defici\u00eancia, Marcos da Costa, o resultado \u00e9 motivo de orgulho para S\u00e3o Paulo e para o Brasil.<\/p>\n<p class=\"wp-block-paragraph\">\u201cVer cinco atletas do Time S\u00e3o Paulo contribuindo diretamente para mais uma medalha mundial do Brasil demonstra a for\u00e7a do esporte paral\u00edmpico paulista. Essa conquista \u00e9 fruto de muito trabalho, dedica\u00e7\u00e3o e de pol\u00edticas p\u00fablicas que promovem oportunidades e valorizam o potencial das pessoas com defici\u00eancia. Parabenizamos todos os atletas pela campanha e por representarem t\u00e3o bem o nosso estado e o nosso pa\u00eds\u201d, destacou.<\/p>\n<p class=\"wp-block-paragraph\">Na disputa feminina, a Sele\u00e7\u00e3o Brasileira contou com tr\u00eas atletas do time S\u00e3o Paulo: Danielle Vilas Longhini, J\u00e9ssica Vitorino e Moniza Lima. O Brasil perdeu nas quartas-de-final e disputar\u00e1 o quinto lugar contra o Jap\u00e3o nesta quinta.<\/p>\n<h3 class=\"wp-block-heading\">Sobre o Time S\u00e3o Paulo<\/h3>\n<p class=\"wp-block-paragraph\">O Time S\u00e3o Paulo Paral\u00edmpico foi criado pelo Governo de S\u00e3o Paulo, por meio da Secretaria de Estado dos Direitos da Pessoa com Defici\u00eancia (SEDPcD), em parceria com o Comit\u00ea Paral\u00edmpico Brasileiro (CPB). O programa apoia atualmente 157 atletas com defici\u00eancia em 16 modalidades esportivas e promove a inclus\u00e3o por meio do esporte de alto rendimento.<\/p>\n<\/p><\/div>\n<p><br \/>\n<br \/><a href=\"https:\/\/www.agenciasp.sp.gov.br\/time-sao-paulo-conquistam-bronze-goalball\/\" rel=\"noopener\">Informa\u00e7\u00f5es GOV.SP<\/a><\/p>\n","protected":false},"excerpt":{"rendered":"<p>O Brasil voltou a subir ao p\u00f3dio do goalball mundial. Nesta segunda-feira (15), a Sele\u00e7\u00e3o Brasileira masculina conquistou a medalha de bronze no Campeonato Mundial de Goalball, realizado em Hangzhou, na China, ao vencer o Jap\u00e3o por 10 a 6. Entre os destaques da campanha est\u00e3o cinco atletas do Time S\u00e3o Paulo: Andr\u00e9 Dantas, Emerson [&hellip;]<\/p>\n","protected":false},"author":1,"featured_media":69074,"comment_status":"","ping_status":"open","sticky":false,"template":"","format":"standard","meta":{"_jetpack_newsletter_access":"","_jetpack_dont_email_post_to_subs":false,"_jetpack_newsletter_tier_id":0,"_jetpack_memberships_contains_paywalled_content":false,"_mbp_banners":[],"_jetpack_feature_clip_id":0,"_jetpack_memberships_contains_paid_content":false,"footnotes":"","jetpack_publicize_message":"","jetpack_publicize_feature_enabled":true,"jetpack_social_post_already_shared":true,"jetpack_social_options":{"image_generator_settings":{"template":"highway","default_image_id":0,"font":"","enabled":false},"version":2},"jetpack_post_was_ever_published":false},"categories":[21],"tags":[],"class_list":["post-69073","post","type-post","status-publish","format-standard","has-post-thumbnail","category-sp-news"],"jetpack_publicize_connections":[],"jetpack-related-posts":[],"jetpack_shortlink":"https:\/\/wp.me\/p7Eq1F-hY5","jetpack_sharing_enabled":true,"jetpack_featured_media_url":"https:\/\/i0.wp.com\/guialimeira.com.br\/news\/wp-content\/uploads\/2026\/06\/Atletas-do-Time-Sao-Paulo-conquistam-bronze-com-a-Selecao.jpeg?fit=1066%2C711&ssl=1","_links":{"self":[{"href":"https:\/\/guialimeira.com.br\/news\/wp-json\/wp\/v2\/posts\/69073","targetHints":{"allow":["GET"]}}],"collection":[{"href":"https:\/\/guialimeira.com.br\/news\/wp-json\/wp\/v2\/posts"}],"about":[{"href":"https:\/\/guialimeira.com.br\/news\/wp-json\/wp\/v2\/types\/post"}],"author":[{"embeddable":true,"href":"https:\/\/guialimeira.com.br\/news\/wp-json\/wp\/v2\/users\/1"}],"replies":[{"embeddable":true,"href":"https:\/\/guialimeira.com.br\/news\/wp-json\/wp\/v2\/comments?post=69073"}],"version-history":[{"count":0,"href":"https:\/\/guialimeira.com.br\/news\/wp-json\/wp\/v2\/posts\/69073\/revisions"}],"wp:featuredmedia":[{"embeddable":true,"href":"https:\/\/guialimeira.com.br\/news\/wp-json\/wp\/v2\/media\/69074"}],"wp:attachment":[{"href":"https:\/\/guialimeira.com.br\/news\/wp-json\/wp\/v2\/media?parent=69073"}],"wp:term":[{"taxonomy":"category","embeddable":true,"href":"https:\/\/guialimeira.com.br\/news\/wp-json\/wp\/v2\/categories?post=69073"},{"taxonomy":"post_tag","embeddable":true,"href":"https:\/\/guialimeira.com.br\/news\/wp-json\/wp\/v2\/tags?post=69073"}],"curies":[{"name":"wp","href":"https:\/\/api.w.org\/{rel}","templated":true}]}}