{"id":69065,"date":"2026-06-15T09:27:12","date_gmt":"2026-06-15T12:27:12","guid":{"rendered":"https:\/\/guialimeira.com.br\/viveiro-municipal-funciona-em-novo-endereco-a-partir-desta-segunda-15-em-limeira\/"},"modified":"2026-06-15T09:27:12","modified_gmt":"2026-06-15T12:27:12","slug":"viveiro-municipal-funciona-em-novo-endereco-a-partir-desta-segunda-15-em-limeira","status":"publish","type":"post","link":"https:\/\/guialimeira.com.br\/news\/viveiro-municipal-funciona-em-novo-endereco-a-partir-desta-segunda-15-em-limeira\/","title":{"rendered":"Viveiro Municipal funciona em novo endere\u00e7o a partir desta segunda (15), em Limeira"},"content":{"rendered":"<p> <br \/>\n<br \/><img data-recalc-dims=\"1\" decoding=\"async\" src=\"https:\/\/i0.wp.com\/ecrie.com.br\/sistema\/conteudos\/imagem\/m_137_0_1_15062026092228.jpeg?w=696&#038;ssl=1\" \/><\/p>\n<div>\n<h3 data-reticencias=\"34\">Teatro Vit\u00f3ria recebe IV Concerto da S\u00e9rie Alian\u00e7a da Orquestra Sinf\u00f4nica de Limeira<\/h3>\n<p class=\"descricao\" data-reticencias=\"44 [...]\">&#13;<br \/>\n                                    Espet\u00e1culo &#8220;Paisagens Imagin\u00e1rias&#8221; promovido pela Sociedade Pr\u00f3-Sinf\u00f4nica de Limeira acontece nesta quinta-feira com obras de Mendelssohn, Grieg e Nepomuceno&#13;<br \/>\n&#13;<br \/>\n&#13;\n                                <\/p>\n<\/p><\/div>\n<p><br \/>\n<br \/><a href=\"https:\/\/limeira.sp.gov.br\/viveiro-municipal-funciona-em-novo-endereco-a-partir-desta-segunda-15-em-limeira\" rel=\"noopener\">Informa\u00e7\u00f5es da PML <\/a><\/p>\n","protected":false},"excerpt":{"rendered":"<p>Teatro Vit\u00f3ria recebe IV Concerto da S\u00e9rie Alian\u00e7a da Orquestra Sinf\u00f4nica de Limeira &#13; Espet\u00e1culo &#8220;Paisagens Imagin\u00e1rias&#8221; promovido pela Sociedade Pr\u00f3-Sinf\u00f4nica de Limeira acontece nesta quinta-feira com obras de Mendelssohn, Grieg e Nepomuceno&#13; &#13; &#13; Informa\u00e7\u00f5es da PML<\/p>\n","protected":false},"author":1,"featured_media":69066,"comment_status":"","ping_status":"open","sticky":false,"template":"","format":"standard","meta":{"_jetpack_newsletter_access":"","_jetpack_dont_email_post_to_subs":false,"_jetpack_newsletter_tier_id":0,"_jetpack_memberships_contains_paywalled_content":false,"_mbp_banners":[],"_jetpack_feature_clip_id":0,"_jetpack_memberships_contains_paid_content":false,"footnotes":"","jetpack_publicize_message":"","jetpack_publicize_feature_enabled":true,"jetpack_social_post_already_shared":true,"jetpack_social_options":{"image_generator_settings":{"template":"highway","default_image_id":0,"font":"","enabled":false},"version":2},"jetpack_post_was_ever_published":false},"categories":[16],"tags":[],"class_list":["post-69065","post","type-post","status-publish","format-standard","has-post-thumbnail","category-local"],"jetpack_publicize_connections":[],"jetpack-related-posts":[],"jetpack_shortlink":"https:\/\/wp.me\/p7Eq1F-hXX","jetpack_sharing_enabled":true,"jetpack_featured_media_url":"https:\/\/i0.wp.com\/guialimeira.com.br\/news\/wp-content\/uploads\/2026\/06\/m_137_0_1_15062026092228.jpeg?fit=1024%2C570&ssl=1","_links":{"self":[{"href":"https:\/\/guialimeira.com.br\/news\/wp-json\/wp\/v2\/posts\/69065","targetHints":{"allow":["GET"]}}],"collection":[{"href":"https:\/\/guialimeira.com.br\/news\/wp-json\/wp\/v2\/posts"}],"about":[{"href":"https:\/\/guialimeira.com.br\/news\/wp-json\/wp\/v2\/types\/post"}],"author":[{"embeddable":true,"href":"https:\/\/guialimeira.com.br\/news\/wp-json\/wp\/v2\/users\/1"}],"replies":[{"embeddable":true,"href":"https:\/\/guialimeira.com.br\/news\/wp-json\/wp\/v2\/comments?post=69065"}],"version-history":[{"count":0,"href":"https:\/\/guialimeira.com.br\/news\/wp-json\/wp\/v2\/posts\/69065\/revisions"}],"wp:featuredmedia":[{"embeddable":true,"href":"https:\/\/guialimeira.com.br\/news\/wp-json\/wp\/v2\/media\/69066"}],"wp:attachment":[{"href":"https:\/\/guialimeira.com.br\/news\/wp-json\/wp\/v2\/media?parent=69065"}],"wp:term":[{"taxonomy":"category","embeddable":true,"href":"https:\/\/guialimeira.com.br\/news\/wp-json\/wp\/v2\/categories?post=69065"},{"taxonomy":"post_tag","embeddable":true,"href":"https:\/\/guialimeira.com.br\/news\/wp-json\/wp\/v2\/tags?post=69065"}],"curies":[{"name":"wp","href":"https:\/\/api.w.org\/{rel}","templated":true}]}}