{"id":69059,"date":"2026-06-15T08:53:07","date_gmt":"2026-06-15T11:53:07","guid":{"rendered":"https:\/\/guialimeira.com.br\/teatro-vitoria-recebe-iv-concerto-da-serie-alianca-da-orquestra-sinfonica-de-limeira\/"},"modified":"2026-06-15T08:53:07","modified_gmt":"2026-06-15T11:53:07","slug":"teatro-vitoria-recebe-iv-concerto-da-serie-alianca-da-orquestra-sinfonica-de-limeira","status":"publish","type":"post","link":"https:\/\/guialimeira.com.br\/news\/teatro-vitoria-recebe-iv-concerto-da-serie-alianca-da-orquestra-sinfonica-de-limeira\/","title":{"rendered":"Teatro Vit\u00f3ria recebe IV Concerto da S\u00e9rie Alian\u00e7a da Orquestra Sinf\u00f4nica de Limeira"},"content":{"rendered":"<p> <br \/>\n<br \/><img data-recalc-dims=\"1\" decoding=\"async\" src=\"https:\/\/i0.wp.com\/ecrie.com.br\/sistema\/conteudos\/imagem\/m_137_0_1_15062026085118.png?w=696&#038;ssl=1\" \/><\/p>\n<p data-path-to-node=\"2\">O Teatro Vit&oacute;ria sedia nesta quinta-feira, dia 18 de junho, &agrave;s 20h30, o IV Concerto da S&eacute;rie Alian&ccedil;a, intitulado &ldquo;Paisagens Imagin&aacute;rias&rdquo;. O espet&aacute;culo promete uma noite de grandes emo&ccedil;&otilde;es conduzida pela for&ccedil;a da m&uacute;sica orquestral ao vivo da Orquestra Sinf&ocirc;nica de Limeira, em uma realiza&ccedil;&atilde;o da Sociedade Pr&oacute;-Sinf&ocirc;nica de Limeira (SPSL) com o apoio da Prefeitura de Limeira.<\/p>\n<p data-path-to-node=\"3\">O programa da noite foi preparado para guiar o p&uacute;blico por uma verdadeira viagem sonora, transitando entre o romantismo europeu e a constru&ccedil;&atilde;o da identidade musical brasileira. Conduzido pela Orquestra Sinf&ocirc;nica de Limeira, o repert&oacute;rio re&uacute;ne obras marcantes e arranjos de tr&ecirc;s grandes compositores da hist&oacute;ria da m&uacute;sica: o alem&atilde;o Felix Mendelssohn, o noruegu&ecirc;s Edvard Grieg e o brasileiro Alberto Nepomuceno.<\/p>\n<p data-path-to-node=\"4\">A apresenta&ccedil;&atilde;o se destaca por alternar paisagens sonoras dram&aacute;ticas com melodias inesquec&iacute;veis, combinando a sensibilidade europeia &agrave; riqueza r&iacute;tmica e mel&oacute;dica do Brasil. Os ingressos para o concerto est&atilde;o dispon&iacute;veis pelos valores de R$ 30,00 (inteira) e R$ 15,00 (meia-entrada), e podem ser adquiridos de forma antecipada diretamente pela plataforma online <a href=\"https:\/\/teatrovitoria.eleventickets.com\/#!\/home\" target=\"_blank\" rel=\"noopener\" data-hveid=\"0\" data-ved=\"0CAAQ_4QMahgKEwiVp7-skYmVAxUAAAAAHQAAAAAQ8QE\">Eleven Tickets<\/a>.<\/p>\n<p data-path-to-node=\"6\"><strong data-path-to-node=\"6\" data-index-in-node=\"0\">Servi&ccedil;o:<\/strong><\/p>\n<ul data-path-to-node=\"7\">\n<li>\n<p data-path-to-node=\"7,0,0\"><strong data-path-to-node=\"7,0,0\" data-index-in-node=\"0\">Evento:<\/strong> IV Concerto da S&eacute;rie Alian&ccedil;a &ndash; &ldquo;Paisagens Imagin&aacute;rias&rdquo;<\/p>\n<\/li>\n<li>\n<p data-path-to-node=\"7,1,0\"><strong data-path-to-node=\"7,1,0\" data-index-in-node=\"0\">Atra&ccedil;&atilde;o:<\/strong> Orquestra Sinf&ocirc;nica de Limeira<\/p>\n<\/li>\n<li>\n<p data-path-to-node=\"7,2,0\"><strong data-path-to-node=\"7,2,0\" data-index-in-node=\"0\">Data:<\/strong> 18 de junho (nesta quinta-feira)<\/p>\n<\/li>\n<li>\n<p data-path-to-node=\"7,3,0\"><strong data-path-to-node=\"7,3,0\" data-index-in-node=\"0\">Hor&aacute;rio:<\/strong> 20h30<\/p>\n<\/li>\n<li>\n<p data-path-to-node=\"7,4,0\"><strong data-path-to-node=\"7,4,0\" data-index-in-node=\"0\">Local:<\/strong> Teatro Vit&oacute;ria (Pra&ccedil;a Toledo Barros, s\/n&ordm; &#8211; Centro, Limeira\/SP)<\/p>\n<\/li>\n<li>\n<p data-path-to-node=\"7,5,0\"><strong data-path-to-node=\"7,5,0\" data-index-in-node=\"0\">Entrada:<\/strong> R$ 30,00 (Inteira) | R$ 15,00 (Meia-Entrada)<\/p>\n<\/li>\n<li>\n<p data-path-to-node=\"7,6,0\"><strong data-path-to-node=\"7,6,0\" data-index-in-node=\"0\">Como comprar:<\/strong> Ingressos pelo link: <a href=\"https:\/\/teatrovitoria.eleventickets.com\/#!\/home\" target=\"_blank\" rel=\"noopener\" data-hveid=\"0\" data-ved=\"0CAAQ_4QMahgKEwiVp7-skYmVAxUAAAAAHQAAAAAQ8gE\">https:\/\/teatrovitoria.eleventickets.com\/#!\/home<\/a><\/p>\n<\/li>\n<li>\n<p data-path-to-node=\"7,7,0\"><strong data-path-to-node=\"7,7,0\" data-index-in-node=\"0\">Classifica&ccedil;&atilde;o:<\/strong> Livre<\/p>\n<\/li>\n<li>\n<p data-path-to-node=\"7,8,0\"><strong data-path-to-node=\"7,8,0\" data-index-in-node=\"0\">Realiza&ccedil;&atilde;o:<\/strong> Sociedade Pr&oacute;-Sinf&ocirc;nica de Limeira (SPSL), com apoio da Prefeitura de Limeira<\/p>\n<\/li>\n<\/ul>\n<p><br \/>\n<br \/><a href=\"https:\/\/limeira.sp.gov.br\/teatro-vitoria-recebe-iv-concerto-da-serie-alianca-da-orquestra-sinfonica-de-limeira\" rel=\"noopener\">Informa\u00e7\u00f5es da PML <\/a><\/p>\n","protected":false},"excerpt":{"rendered":"<p>O Teatro Vit&oacute;ria sedia nesta quinta-feira, dia 18 de junho, &agrave;s 20h30, o IV Concerto da S&eacute;rie Alian&ccedil;a, intitulado &ldquo;Paisagens Imagin&aacute;rias&rdquo;. O espet&aacute;culo promete uma noite de grandes emo&ccedil;&otilde;es conduzida pela for&ccedil;a da m&uacute;sica orquestral ao vivo da Orquestra Sinf&ocirc;nica de Limeira, em uma realiza&ccedil;&atilde;o da Sociedade Pr&oacute;-Sinf&ocirc;nica de Limeira (SPSL) com o apoio da [&hellip;]<\/p>\n","protected":false},"author":1,"featured_media":69060,"comment_status":"","ping_status":"open","sticky":false,"template":"","format":"standard","meta":{"_jetpack_newsletter_access":"","_jetpack_dont_email_post_to_subs":false,"_jetpack_newsletter_tier_id":0,"_jetpack_memberships_contains_paywalled_content":false,"_mbp_banners":[],"_jetpack_feature_clip_id":0,"_jetpack_memberships_contains_paid_content":false,"footnotes":"","jetpack_publicize_message":"","jetpack_publicize_feature_enabled":true,"jetpack_social_post_already_shared":true,"jetpack_social_options":{"image_generator_settings":{"template":"highway","default_image_id":0,"font":"","enabled":false},"version":2},"jetpack_post_was_ever_published":false},"categories":[16],"tags":[],"class_list":["post-69059","post","type-post","status-publish","format-standard","has-post-thumbnail","category-local"],"jetpack_publicize_connections":[],"jetpack-related-posts":[],"jetpack_shortlink":"https:\/\/wp.me\/p7Eq1F-hXR","jetpack_sharing_enabled":true,"jetpack_featured_media_url":"https:\/\/i0.wp.com\/guialimeira.com.br\/news\/wp-content\/uploads\/2026\/06\/m_137_0_1_15062026085118.png?fit=614%2C345&ssl=1","_links":{"self":[{"href":"https:\/\/guialimeira.com.br\/news\/wp-json\/wp\/v2\/posts\/69059","targetHints":{"allow":["GET"]}}],"collection":[{"href":"https:\/\/guialimeira.com.br\/news\/wp-json\/wp\/v2\/posts"}],"about":[{"href":"https:\/\/guialimeira.com.br\/news\/wp-json\/wp\/v2\/types\/post"}],"author":[{"embeddable":true,"href":"https:\/\/guialimeira.com.br\/news\/wp-json\/wp\/v2\/users\/1"}],"replies":[{"embeddable":true,"href":"https:\/\/guialimeira.com.br\/news\/wp-json\/wp\/v2\/comments?post=69059"}],"version-history":[{"count":0,"href":"https:\/\/guialimeira.com.br\/news\/wp-json\/wp\/v2\/posts\/69059\/revisions"}],"wp:featuredmedia":[{"embeddable":true,"href":"https:\/\/guialimeira.com.br\/news\/wp-json\/wp\/v2\/media\/69060"}],"wp:attachment":[{"href":"https:\/\/guialimeira.com.br\/news\/wp-json\/wp\/v2\/media?parent=69059"}],"wp:term":[{"taxonomy":"category","embeddable":true,"href":"https:\/\/guialimeira.com.br\/news\/wp-json\/wp\/v2\/categories?post=69059"},{"taxonomy":"post_tag","embeddable":true,"href":"https:\/\/guialimeira.com.br\/news\/wp-json\/wp\/v2\/tags?post=69059"}],"curies":[{"name":"wp","href":"https:\/\/api.w.org\/{rel}","templated":true}]}}