{"id":69051,"date":"2026-06-15T07:56:07","date_gmt":"2026-06-15T10:56:07","guid":{"rendered":"https:\/\/guialimeira.com.br\/sp-conecta-reune-liderancas-para-debater-economia-verde\/"},"modified":"2026-06-15T07:56:07","modified_gmt":"2026-06-15T10:56:07","slug":"sp-conecta-reune-liderancas-para-debater-economia-verde","status":"publish","type":"post","link":"https:\/\/guialimeira.com.br\/news\/sp-conecta-reune-liderancas-para-debater-economia-verde\/","title":{"rendered":"SP Conecta re\u00fane lideran\u00e7as para debater economia verde"},"content":{"rendered":"<p> <br \/>\n<br \/><img data-recalc-dims=\"1\" decoding=\"async\" src=\"https:\/\/i0.wp.com\/www.agenciasp.sp.gov.br\/wp-content\/uploads\/2026\/06\/rio.jpeg?w=696&#038;ssl=1\" \/><\/p>\n<div>\n<p class=\"wp-block-paragraph\">A InvestSP, ag\u00eancia de promo\u00e7\u00e3o de investimentos vinculada \u00e0 Secretaria de Desenvolvimento Econ\u00f4mico, e a S<a href=\"https:\/\/semil.sp.gov.br\/\" target=\"_blank\" rel=\"noopener\">ecretaria de Meio Ambiente, Infraestrutura e Log\u00edstica do Estado de S\u00e3o Paulo (Semil)<\/a> realizam nesta ter\u00e7a (16) e quarta (17) o F\u00f3rum SP Conecta: Economia Verde, Saneamento e Resili\u00eancia H\u00eddrica. O encontro acontece em meio \u00e0s comemora\u00e7\u00f5es do M\u00eas do Meio Ambiente e reunir\u00e1 lideran\u00e7as do setor p\u00fablico e privado, investidores, especialistas, representantes da academia e organiza\u00e7\u00f5es da sociedade civil para discutir solu\u00e7\u00f5es, inova\u00e7\u00e3o e oportunidades de investimento voltadas ao desenvolvimento sustent\u00e1vel, \u00e0 seguran\u00e7a h\u00eddrica e \u00e0 economia verde no Estado de S\u00e3o Paulo.<\/p>\n<p class=\"wp-block-paragraph\">O f\u00f3rum tamb\u00e9m representa um desdobramento da Agenda SP+Verde, iniciativa do Governo do Estado voltada \u00e0 promo\u00e7\u00e3o de pol\u00edticas, projetos e investimentos alinhados \u00e0 sustentabilidade, \u00e0 transi\u00e7\u00e3o ecol\u00f3gica e ao desenvolvimento econ\u00f4mico sustent\u00e1vel. A proposta \u00e9 ampliar o di\u00e1logo entre setor p\u00fablico, iniciativa privada e sociedade civil em torno de estrat\u00e9gias capazes de fortalecer a competitividade ambiental paulista e acelerar solu\u00e7\u00f5es para os desafios clim\u00e1ticos e de infraestrutura verde.<\/p>\n<p class=\"wp-block-paragraph\"><strong>LEIA TAMB\u00c9M: <\/strong><a href=\"https:\/\/www.agenciasp.sp.gov.br\/com-investimentos-recordes-estudo-mostra-sao-paulo-com-86-das-cidades-mais-avancadas-em-saneamento-basico-do-brasil\/\" rel=\"noopener\">Com investimentos recordes, estudo mostra S\u00e3o Paulo com 86% das cidades mais avan\u00e7adas em saneamento b\u00e1sico do Brasil<\/a><\/p>\n<p class=\"wp-block-paragraph\">Com uma programa\u00e7\u00e3o estruturada em pain\u00e9is tem\u00e1ticos, o SP Conecta busca promover um ambiente de di\u00e1logo qualificado, articula\u00e7\u00e3o institucional e networking estrat\u00e9gico, fortalecendo o posicionamento de S\u00e3o Paulo como refer\u00eancia nacional em sustentabilidade, inova\u00e7\u00e3o ambiental e investimentos de impacto.<\/p>\n<p class=\"wp-block-paragraph\">\u201cS\u00e3o Paulo re\u00fane ativos estrat\u00e9gicos, capacidade institucional e um ambiente de neg\u00f3cios favor\u00e1vel para liderar esse movimento no Brasil e na Am\u00e9rica Latina. O SP Conecta foi concebido justamente para aproximar governos, empresas, investidores, academia e sociedade civil, fortalecendo parcerias e acelerando solu\u00e7\u00f5es que contribuam para a resili\u00eancia clim\u00e1tica, a seguran\u00e7a h\u00eddrica e a competitividade sustent\u00e1vel do Estado\u201d, afirma a secret\u00e1ria de Meio Ambiente, Infraestrutura e Log\u00edstica de S\u00e3o Paulo (Semil), Nat\u00e1lia Resende.<\/p>\n<p class=\"wp-block-paragraph\">\u201cS\u00e3o Paulo tem todas as condi\u00e7\u00f5es para se consolidar como o principal polo de investimentos em economia verde, infraestrutura sustent\u00e1vel e inova\u00e7\u00e3o ambiental da Am\u00e9rica Latina. O SP Conecta foi estruturado para aproximar investidores, empresas, setor p\u00fablico e especialistas, criando um ambiente favor\u00e1vel \u00e0 gera\u00e7\u00e3o de neg\u00f3cios, parcerias e projetos capazes de acelerar a transi\u00e7\u00e3o sustent\u00e1vel e ampliar a competitividade do Estado\u201d, acrescenta Rui Gomes, presidente da InvestSP.<\/p>\n<p class=\"wp-block-paragraph\"><strong>LEIA TAMB\u00c9M: <\/strong><a href=\"https:\/\/www.agenciasp.sp.gov.br\/sp-abre-inscricoes-para-sp-carbono-zero\/\" rel=\"noopener\">Governo de SP abre inscri\u00e7\u00f5es para 2\u00aa edi\u00e7\u00e3o do Pr\u00eamio SP Carbono Zero<\/a><\/p>\n<p class=\"wp-block-paragraph\">No dia 16 de junho, o foco ser\u00e1 a economia verde. Entre os temas em debate est\u00e3o a transforma\u00e7\u00e3o da restaura\u00e7\u00e3o ambiental em ativo escal\u00e1vel de investimento, os instrumentos de mercado ligados a carbono e ativos ambientais, modelos de neg\u00f3cios sustent\u00e1veis, integra\u00e7\u00e3o entre inova\u00e7\u00e3o, pesquisa aplicada e desenvolvimento econ\u00f4mico, al\u00e9m das oportunidades para ampliar a competitividade paulista na agenda verde.<\/p>\n<p class=\"wp-block-paragraph\">J\u00e1 no dia 17 de junho, os debates ser\u00e3o voltados \u00e0 seguran\u00e7a h\u00eddrica e saneamento, com destaque para infraestrutura h\u00eddrica priorit\u00e1ria, modelos de financiamento e concess\u00f5es, governan\u00e7a regulat\u00f3ria, seguran\u00e7a jur\u00eddica e inova\u00e7\u00e3o para a universaliza\u00e7\u00e3o do saneamento.<\/p>\n<p class=\"wp-block-paragraph\">Al\u00e9m dos pain\u00e9is, o SP Conecta contar\u00e1 com momentos dedicados ao networking entre empresas, investidores, gestores p\u00fablicos e especialistas, incentivando conex\u00f5es estrat\u00e9gicas e o desenvolvimento de projetos voltados \u00e0 transi\u00e7\u00e3o sustent\u00e1vel no Estado de S\u00e3o Paulo.<\/p>\n<p class=\"wp-block-paragraph\"><strong>Confira a programa\u00e7\u00e3o:<\/strong><\/p>\n<p class=\"wp-block-paragraph\"><strong>16\/6 \u2013 Economia Verde<\/strong><\/p>\n<p class=\"wp-block-paragraph\">14h \u2013 Abertura institucional<\/p>\n<p class=\"wp-block-paragraph\">14h25 \u2013 Painel: Caminhos para o desenvolvimento sustent\u00e1vel: integra\u00e7\u00e3o entre meio ambiente, inova\u00e7\u00e3o e setor produtivo<br \/>\u2022 Nat\u00e1lia Resende, Secret\u00e1ria de Meio Ambiente, Infraestrutura e Log\u00edstica do Governo do Estado de S\u00e3o Paulo<br \/>\u2022 Vahan Agopyan, Secret\u00e1rio Estadual da Ci\u00eancia, Tecnologia e Inova\u00e7\u00e3o do Governo de S\u00e3o Paulo<br \/>\u2022 Joaquim Leite, Presidente do Conselho Superior de Meio Ambiente da FIESP<br \/>\u2022 Marco Schiewe, Diretor de Projetos da GIZ<\/p>\n<p class=\"wp-block-paragraph\">15h20 \u2013 Painel: Bioeconomia da restaura\u00e7\u00e3o: produtividade, renda e novos modelos de neg\u00f3cio<br \/>\u2022 Valmir Ortega, Fundador e CEO da Belterra Agroflorestas<br \/>\u2022 Guilherme Wolff Bueno, Coordenador do Bioeconomia Lab e professor associado da UNESP Registro<br \/>\u2022 Gabriel Buzzo, Diretor de Opera\u00e7\u00f5es e Prospec\u00e7\u00e3o na Carbonext<br \/>\u2022 Rodrigo Levkovicz, Diretor Executivo da Funda\u00e7\u00e3o Florestal<br \/>Modera\u00e7\u00e3o: Eduarda Thurler, Gerente de Economia e Finan\u00e7as para Natureza no WRI Brasil<\/p>\n<p class=\"wp-block-paragraph\">16h15 \u2013 Painel: Da obriga\u00e7\u00e3o ao ativo: como transformar restaura\u00e7\u00e3o em investimento<br \/>\u2022 Anderson Oliveira, Secret\u00e1rio Executivo da Secretaria de Meio Ambiente, Infraestrutura e Log\u00edstica<br \/>\u2022 Andr\u00e9 Escada, Gerente de Pol\u00edtica Clim\u00e1tica da Biomas<br \/>\u2022 Carlos Alberto Guerreiro, Diretor de Opera\u00e7\u00f5es, TTG Brasil Investimentos Florestais<br \/>\u2022 Danilo Almeida, Conselheiro da Alian\u00e7a Brasil NBS<\/p>\n<p class=\"wp-block-paragraph\">17h \u2013 Encerramento<\/p>\n<p class=\"wp-block-paragraph\"><strong>17\/6 \u2013 Seguran\u00e7a H\u00eddrica e Saneamento<\/strong><\/p>\n<p class=\"wp-block-paragraph\">9h30 \u2013 Painel com autoridades<\/p>\n<p class=\"wp-block-paragraph\">9h45 \u2013 Painel: Seguran\u00e7a h\u00eddrica como agenda de investimento: onde est\u00e3o os projetos?<br \/>\u2022 Rafael Benini, Secret\u00e1rio Estadual de Parcerias em Investimentos do Governo de S\u00e3o Paulo<br \/>\u2022 Thiago Picolo, CEO da re.green<br \/>\u2022 Jo\u00e3o Carneiro, Head de Investimentos em Infraestrutura no Brasil do IFC (International Finance Corporation)<br \/>Modera\u00e7\u00e3o: Beatriz Bulla, Jornalista da RedeTV!<\/p>\n<p class=\"wp-block-paragraph\">10h40 \u2013 Painel: Governan\u00e7a e regula\u00e7\u00e3o para destravar investimentos em \u00e1gua e saneamento<br \/>\u2022 Diego Domingues, Diretor-Presidente da ARSESP<br \/>\u2022 Rog\u00e9rio de Paula Tavares, Vice-Presidente de Rela\u00e7\u00f5es Institucionais na Aegea Saneamento<br \/>\u2022 Silvana Bianco, Diretora de Infraestrutura e Energia na IDB INVEST<br \/>\u2022 Claiton de Jesus Barbosa, Superintendente de Regula\u00e7\u00e3o e Recursos H\u00eddricos da SP \u00c1guas<br \/>Modera\u00e7\u00e3o: Carlos Ari Sundfeld, Cofundador e professor na FGV Direito SP<\/p>\n<p class=\"wp-block-paragraph\">11h35 \u2013 Painel: Saneamento rural e inclus\u00e3o: solu\u00e7\u00f5es para munic\u00edpios de pequeno porte<br \/>\u2022 Nat\u00e1lia Resende, Secret\u00e1ria de Meio Ambiente, Infraestrutura e Log\u00edstica do Governo do Estado de S\u00e3o Paulo<br \/>\u2022 Carlos Almiro de Magalh\u00e3es Melo, Diretor de Rela\u00e7\u00f5es Institucionais, Sustentabilidade e Riscos da BRK<br \/>\u2022 Pedro Pr\u00e1danos Zarzosa, CEO da Veolia Brasil<br \/>\u2022 Eliana Kitahara, Articuladora do G9 Saneamento Rural na Entidades do Setor de Saneamento<br \/>Modera\u00e7\u00e3o: Cintia Torquetto, Gerente de Rela\u00e7\u00f5es Institucionais e Comunica\u00e7\u00e3o do Instituto Trata Brasil<\/p>\n<h3 class=\"wp-block-heading\">Servi\u00e7o: <\/h3>\n<p class=\"wp-block-paragraph\"><strong>SP Conecta \u2013 Edi\u00e7\u00e3o Economia Verde, Saneamento e Resili\u00eancia H\u00eddrica<\/strong><br \/>Data: 16 e 17 de junho de 2026<br \/>Hor\u00e1rio: 16\/6, das 14h \u00e0s 18h | 17\/6, das 9h30 \u00e0s 12h30<br \/>Local: Audit\u00f3rio da Secretaria de Desenvolvimento Econ\u00f4mico \u2013 Avenida Escola Polit\u00e9cnica, 82, Jaguar\u00e9, S\u00e3o Paulo\/SP<br \/>Inscri\u00e7\u00f5es: <a href=\"https:\/\/forms.office.com\/Pages\/ResponsePage.aspx?id=T-Syi1aESE6Tx6nG-VAlIF2svkle_HVIihZVvV4oKwBUMERIRVY3UklRUU1LMFlJWTQ3TTkyWlRNMi4u\" target=\"_blank\" rel=\"noopener\">https:\/\/forms.office.com\/Pages\/ResponsePage.aspx?id=T-Syi1aESE6Tx6nG-VAlIF2svkle_HVIihZVvV4oKwBUMERIRVY3UklRUU1LMFlJWTQ3TTkyWlRNMi4u<\/a><\/p>\n<\/p><\/div>\n<p><br \/>\n<br \/><a href=\"https:\/\/www.agenciasp.sp.gov.br\/sp-conecta-lideranca-debate-economia-verde\/\" rel=\"noopener\">Informa\u00e7\u00f5es GOV.SP<\/a><\/p>\n","protected":false},"excerpt":{"rendered":"<p>A InvestSP, ag\u00eancia de promo\u00e7\u00e3o de investimentos vinculada \u00e0 Secretaria de Desenvolvimento Econ\u00f4mico, e a Secretaria de Meio Ambiente, Infraestrutura e Log\u00edstica do Estado de S\u00e3o Paulo (Semil) realizam nesta ter\u00e7a (16) e quarta (17) o F\u00f3rum SP Conecta: Economia Verde, Saneamento e Resili\u00eancia H\u00eddrica. O encontro acontece em meio \u00e0s comemora\u00e7\u00f5es do M\u00eas do [&hellip;]<\/p>\n","protected":false},"author":1,"featured_media":69052,"comment_status":"","ping_status":"open","sticky":false,"template":"","format":"standard","meta":{"_jetpack_newsletter_access":"","_jetpack_dont_email_post_to_subs":false,"_jetpack_newsletter_tier_id":0,"_jetpack_memberships_contains_paywalled_content":false,"_mbp_banners":[],"_jetpack_feature_clip_id":0,"_jetpack_memberships_contains_paid_content":false,"footnotes":"","jetpack_publicize_message":"","jetpack_publicize_feature_enabled":true,"jetpack_social_post_already_shared":true,"jetpack_social_options":{"image_generator_settings":{"template":"highway","default_image_id":0,"font":"","enabled":false},"version":2},"jetpack_post_was_ever_published":false},"categories":[21],"tags":[],"class_list":["post-69051","post","type-post","status-publish","format-standard","has-post-thumbnail","category-sp-news"],"jetpack_publicize_connections":[],"jetpack-related-posts":[],"jetpack_shortlink":"https:\/\/wp.me\/p7Eq1F-hXJ","jetpack_sharing_enabled":true,"jetpack_featured_media_url":"https:\/\/i0.wp.com\/guialimeira.com.br\/news\/wp-content\/uploads\/2026\/06\/SP-Conecta-reune-liderancas-para-debater-economia-verde.jpeg?fit=1024%2C767&ssl=1","_links":{"self":[{"href":"https:\/\/guialimeira.com.br\/news\/wp-json\/wp\/v2\/posts\/69051","targetHints":{"allow":["GET"]}}],"collection":[{"href":"https:\/\/guialimeira.com.br\/news\/wp-json\/wp\/v2\/posts"}],"about":[{"href":"https:\/\/guialimeira.com.br\/news\/wp-json\/wp\/v2\/types\/post"}],"author":[{"embeddable":true,"href":"https:\/\/guialimeira.com.br\/news\/wp-json\/wp\/v2\/users\/1"}],"replies":[{"embeddable":true,"href":"https:\/\/guialimeira.com.br\/news\/wp-json\/wp\/v2\/comments?post=69051"}],"version-history":[{"count":0,"href":"https:\/\/guialimeira.com.br\/news\/wp-json\/wp\/v2\/posts\/69051\/revisions"}],"wp:featuredmedia":[{"embeddable":true,"href":"https:\/\/guialimeira.com.br\/news\/wp-json\/wp\/v2\/media\/69052"}],"wp:attachment":[{"href":"https:\/\/guialimeira.com.br\/news\/wp-json\/wp\/v2\/media?parent=69051"}],"wp:term":[{"taxonomy":"category","embeddable":true,"href":"https:\/\/guialimeira.com.br\/news\/wp-json\/wp\/v2\/categories?post=69051"},{"taxonomy":"post_tag","embeddable":true,"href":"https:\/\/guialimeira.com.br\/news\/wp-json\/wp\/v2\/tags?post=69051"}],"curies":[{"name":"wp","href":"https:\/\/api.w.org\/{rel}","templated":true}]}}