{"id":69023,"date":"2026-06-14T18:38:57","date_gmt":"2026-06-14T21:38:57","guid":{"rendered":"https:\/\/guialimeira.com.br\/melhora-no-cheiro-e-mais-animais-como-a-despoluicao-do-rio-pinheiros-e-percebida-por-quem-frequenta-a-ciclovia\/"},"modified":"2026-06-14T18:38:57","modified_gmt":"2026-06-14T21:38:57","slug":"melhora-no-cheiro-e-mais-animais-como-a-despoluicao-do-rio-pinheiros-e-percebida-por-quem-frequenta-a-ciclovia","status":"publish","type":"post","link":"https:\/\/guialimeira.com.br\/news\/melhora-no-cheiro-e-mais-animais-como-a-despoluicao-do-rio-pinheiros-e-percebida-por-quem-frequenta-a-ciclovia\/","title":{"rendered":"Melhora no cheiro e mais animais: como a despolui\u00e7\u00e3o do Rio Pinheiros \u00e9 percebida por quem frequenta a ciclovia"},"content":{"rendered":"<p> <br \/>\n<\/p>\n<div>\n<p class=\"wp-block-paragraph\">Os avan\u00e7os nas a\u00e7\u00f5es de recupera\u00e7\u00e3o ambiental do Rio Pinheiros j\u00e1 fazem a diferen\u00e7a para quem circula diariamente na regi\u00e3o. Frequentadores da ciclovia e das \u00e1reas de lazer \u00e0s margens do rio relatam mudan\u00e7as na paisagem, redu\u00e7\u00e3o dos odores e aumento da presen\u00e7a de fauna silvestre, resultados que acompanham o conjunto de interven\u00e7\u00f5es conduzidas pelo Governo de S\u00e3o Paulo para a despolui\u00e7\u00e3o e revitaliza\u00e7\u00e3o da regi\u00e3o.<\/p>\n<p class=\"wp-block-paragraph\">O m\u00e9dico Marcelo Giordano usa a ciclovia do Pinheiros h\u00e1 cinco anos e afirma que a transforma\u00e7\u00e3o \u00e9 evidente. \u201cNos \u00faltimos dois anos, melhorou muito. Voc\u00ea encontra um rio limpo, o odor n\u00e3o \u00e9 mais o cheiro forte que tinha anteriormente. Agora voc\u00ea v\u00ea animais por a\u00ed, patinhos, capivaras, ficou muito melhor do que era antes. Hoje em dia voc\u00ea n\u00e3o v\u00ea mais aqueles ratos que voc\u00ea via antes.\u201d<\/p>\n<figure class=\"wp-block-image size-full\"><img data-recalc-dims=\"1\" fetchpriority=\"high\" decoding=\"async\" width=\"696\" height=\"464\" src=\"https:\/\/i0.wp.com\/www.agenciasp.sp.gov.br\/wp-content\/uploads\/2026\/06\/55328805779_6fd3186b03_c.jpg?resize=696%2C464&#038;ssl=1\" alt=\"\" class=\"wp-image-151725 lazy\" srcset=\"https:\/\/www.agenciasp.sp.gov.br\/wp-content\/uploads\/2026\/06\/55328805779_6fd3186b03_c.jpg 799w, https:\/\/www.agenciasp.sp.gov.br\/wp-content\/uploads\/2026\/06\/55328805779_6fd3186b03_c-300x200.jpg 300w, https:\/\/www.agenciasp.sp.gov.br\/wp-content\/uploads\/2026\/06\/55328805779_6fd3186b03_c-768x512.jpg 768w, https:\/\/www.agenciasp.sp.gov.br\/wp-content\/uploads\/2026\/06\/55328805779_6fd3186b03_c-150x100.jpg 150w\" data-sizes=\"(max-width: 799px) 100vw, 799px\"\/><figcaption class=\"wp-element-caption\"><em>M\u00e9dico usa a ciclovia do Pinheiros h\u00e1 cinco anos  Foto: Divulga\u00e7\u00e3o\/Governo de SP<\/em><\/figcaption><\/figure>\n<p class=\"wp-block-paragraph\">O relato acompanha os indicadores de melhoria da qualidade da \u00e1gua monitorados pelo Governo de S\u00e3o Paulo. Entre 2024 e 2026, tr\u00eas dos quatro pontos de monitoramento da calha principal do Rio Pinheiros registraram redu\u00e7\u00e3o na concentra\u00e7\u00e3o de mat\u00e9ria org\u00e2nica, um dos principais indicadores de polui\u00e7\u00e3o h\u00eddrica. Nos cinco primeiros meses do per\u00edodo analisado, a queda foi de 55% na Barragem de Pedreira, 29% na Ponte do Socorro e 26% na Usina S\u00e3o Paulo.<\/p>\n<blockquote class=\"instagram-media\" data-instgrm-captioned=\"\" data-instgrm-permalink=\"https:\/\/www.instagram.com\/reel\/DZcxDjnROlx\/?utm_source=ig_embed&amp;utm_campaign=loading\" data-instgrm-version=\"14\" style=\" background:#FFF; border:0; border-radius:3px; box-shadow:0 0 1px 0 rgba(0,0,0,0.5),0 1px 10px 0 rgba(0,0,0,0.15); margin: 1px; max-width:540px; min-width:326px; padding:0; width:99.375%; width:-webkit-calc(100% - 2px); width:calc(100% - 2px);\"\/>\n<p class=\"wp-block-paragraph\">Segundo o m\u00e9dico, as melhorias refletem diretamente na qualidade de vida da popula\u00e7\u00e3o e t\u00eam impacto na sa\u00fade p\u00fablica. \u201cA despolui\u00e7\u00e3o sempre ajuda a melhorar a sa\u00fade da popula\u00e7\u00e3o. Quando voc\u00ea melhora a rede de \u00e1gua, de esgoto, tudo melhora. Enquanto cidad\u00e3o, a gente quer tudo em ordem, limpo, bonito, seguro. Isso que esperamos.\u201d<\/p>\n<p class=\"wp-block-paragraph\">A percep\u00e7\u00e3o \u00e9 compartilhada pela professora e ciclista Lilian Faria Ferreira, frequentadora da ciclovia h\u00e1 cinco anos. Para ela, a redu\u00e7\u00e3o dos odores \u00e9 um dos sinais mais percept\u00edveis da recupera\u00e7\u00e3o do rio. \u201cO cheiro diminuiu principalmente nos per\u00edodos mais secos, houve sim uma mudan\u00e7a\u201d, afirma.<\/p>\n<p class=\"wp-block-paragraph\">Lilian tamb\u00e9m observa mudan\u00e7as na fauna local. \u201cVejo v\u00e1rios p\u00e1ssaros, capivaras\u201d, relata. \u201cO trabalho de despolui\u00e7\u00e3o melhora a qualidade de vida de quem est\u00e1 ao redor, atrai mais pessoas para usar a regi\u00e3o. Percebo que houve um trabalho em rela\u00e7\u00e3o \u00e0 ilumina\u00e7\u00e3o, no controle da vegeta\u00e7\u00e3o ao redor e mais policiamento para que a gente se sinta mais segura. A despolui\u00e7\u00e3o cria um c\u00edrculo virtuoso. As pessoas se sentem melhores, vem mais gente utilizar e isso \u00e9 importante.\u201d<\/p>\n<figure class=\"wp-block-image size-full\"><img data-recalc-dims=\"1\" loading=\"lazy\" decoding=\"async\" width=\"696\" height=\"464\" src=\"https:\/\/i0.wp.com\/www.agenciasp.sp.gov.br\/wp-content\/uploads\/2026\/06\/55329013870_a6618ec729_c.jpg?resize=696%2C464&#038;ssl=1\" alt=\"\" class=\"wp-image-151727 lazy\" srcset=\"https:\/\/www.agenciasp.sp.gov.br\/wp-content\/uploads\/2026\/06\/55329013870_a6618ec729_c.jpg 799w, https:\/\/www.agenciasp.sp.gov.br\/wp-content\/uploads\/2026\/06\/55329013870_a6618ec729_c-300x200.jpg 300w, https:\/\/www.agenciasp.sp.gov.br\/wp-content\/uploads\/2026\/06\/55329013870_a6618ec729_c-768x512.jpg 768w, https:\/\/www.agenciasp.sp.gov.br\/wp-content\/uploads\/2026\/06\/55329013870_a6618ec729_c-150x100.jpg 150w\" data-sizes=\"(max-width: 799px) 100vw, 799px\"\/><figcaption class=\"wp-element-caption\"><em>Professora diz que redu\u00e7\u00e3o dos odores \u00e9 um dos sinais mais percept\u00edveis da recupera\u00e7\u00e3o do rio  Foto: Divulga\u00e7\u00e3o\/Governo de SP<\/em><\/figcaption><\/figure>\n<p class=\"wp-block-paragraph\"><strong>LEIA TAMB\u00c9M: <\/strong><a href=\"https:\/\/www.agenciasp.sp.gov.br\/praias-tiete-terao-monitoramento-satelite\/\" rel=\"noopener\">Praias do Tiet\u00ea ter\u00e3o monitoramento por sat\u00e9lite para alertar sobre prolifera\u00e7\u00e3o de algas<\/a><\/p>\n<p class=\"wp-block-paragraph\">O trabalho de requalifica\u00e7\u00e3o das margens do Rio Pinheiros continua. O Parque Linear Bruno Covas e a ciclovia receber\u00e3o melhorias de infraestrutura, refor\u00e7o da seguran\u00e7a, moderniza\u00e7\u00e3o da ilumina\u00e7\u00e3o, nova sinaliza\u00e7\u00e3o, requalifica\u00e7\u00e3o paisag\u00edstica e a\u00e7\u00f5es de recupera\u00e7\u00e3o ambiental. A iniciativa \u00e9 resultado de parceria entre a Secretaria de Meio Ambiente, Infraestrutura e Log\u00edstica (Semil) e a Empresa Metropolitana de \u00c1guas e Energia (Emae).<\/p>\n<p class=\"wp-block-paragraph\">A regi\u00e3o tamb\u00e9m ser\u00e1 integrada ao programa Muralha Paulista, por meio de parceria entre a Semil e a Secretaria da Seguran\u00e7a P\u00fablica, ampliando as a\u00e7\u00f5es de monitoramento e refor\u00e7o da seguran\u00e7a para usu\u00e1rios da ciclovia e dos parques urbanos estaduais.<\/p>\n<h3 class=\"wp-block-heading\"><strong>Mais investimentos para despoluir o Rio Pinheiros<\/strong><\/h3>\n<p class=\"wp-block-paragraph\">Os resultados fazem parte das a\u00e7\u00f5es do Programa IntegraTiet\u00ea, iniciativa do Governo de S\u00e3o Paulo voltada \u00e0 recupera\u00e7\u00e3o do Rio Tiet\u00ea e de seus afluentes. Entre as medidas em andamento est\u00e1 o refor\u00e7o da retirada de res\u00edduos flutuantes no Rio Pinheiros. A opera\u00e7\u00e3o passar\u00e1 a contar com tr\u00eas novas embarca\u00e7\u00f5es, ampliando a capacidade de remo\u00e7\u00e3o de lixo e possibilitando a retirada de at\u00e9 900 toneladas adicionais de res\u00edduos por m\u00eas.<\/p>\n<p class=\"wp-block-paragraph\">Com a amplia\u00e7\u00e3o da frota, o trabalho passa de oito para 11 embarca\u00e7\u00f5es atuando diariamente ao longo dos 25 quil\u00f4metros do rio. Em 2025, foram retiradas 43,9 mil toneladas de res\u00edduos flutuantes do Pinheiros, volume 23% superior ao registrado no ano anterior. Apenas no primeiro trimestre de 2026, a remo\u00e7\u00e3o alcan\u00e7ou 12,3 mil toneladas, crescimento de 19,4% em compara\u00e7\u00e3o com o mesmo per\u00edodo de 2025. Desde 2023, mais de 134 mil toneladas de lixo foram retiradas do manancial, com investimentos superiores a R$ 214 milh\u00f5es.<\/p>\n<p class=\"wp-block-paragraph\"><strong>LEIA TAMB\u00c9M: <\/strong><a href=\"https:\/\/www.agenciasp.sp.gov.br\/poluicao-tem-queda-de-ate-55-em-pontos-dos-rios-pinheiros-e-tiete\/\" rel=\"noopener\">Polui\u00e7\u00e3o tem queda de at\u00e9 55% em pontos dos rios Pinheiros e Tiet\u00ea<\/a><\/p>\n<p class=\"wp-block-paragraph\">Outra frente importante \u00e9 o desassoreamento do rio. Desde 2023, mais de 1,57 milh\u00e3o de metros c\u00fabicos de sedimentos foram removidos do leito do Pinheiros, em investimentos que somam R$ 189 milh\u00f5es at\u00e9 abril de 2026.<\/p>\n<p class=\"wp-block-paragraph\">O programa tamb\u00e9m contempla a\u00e7\u00f5es estruturais de saneamento. Desde 2023, a Sabesp conectou mais de 1,1 milh\u00e3o de domic\u00edlios \u00e0 rede de esgoto. A meta \u00e9 alcan\u00e7ar 1,5 milh\u00e3o de novas conex\u00f5es at\u00e9 2026 e mais de 2,2 milh\u00f5es at\u00e9 2029, ampliando a coleta e o tratamento de esgoto na Regi\u00e3o Metropolitana de S\u00e3o Paulo e no Alto Tiet\u00ea.<\/p>\n<\/p><\/div>\n<p><script async src=\"\/\/www.instagram.com\/embed.js\"><\/script><br \/>\n<br \/><br \/>\n<br \/><a href=\"https:\/\/www.agenciasp.sp.gov.br\/melhora-no-cheiro-e-mais-animais-como-a-despoluicao-do-rio-pinheiros-e-percebida-por-quem-frequenta-a-ciclovia\/\" rel=\"noopener\">Informa\u00e7\u00f5es GOV.SP<\/a><\/p>\n","protected":false},"excerpt":{"rendered":"<p>Os avan\u00e7os nas a\u00e7\u00f5es de recupera\u00e7\u00e3o ambiental do Rio Pinheiros j\u00e1 fazem a diferen\u00e7a para quem circula diariamente na regi\u00e3o. Frequentadores da ciclovia e das \u00e1reas de lazer \u00e0s margens do rio relatam mudan\u00e7as na paisagem, redu\u00e7\u00e3o dos odores e aumento da presen\u00e7a de fauna silvestre, resultados que acompanham o conjunto de interven\u00e7\u00f5es conduzidas pelo [&hellip;]<\/p>\n","protected":false},"author":1,"featured_media":69024,"comment_status":"","ping_status":"open","sticky":false,"template":"","format":"standard","meta":{"_jetpack_newsletter_access":"","_jetpack_dont_email_post_to_subs":false,"_jetpack_newsletter_tier_id":0,"_jetpack_memberships_contains_paywalled_content":false,"_mbp_banners":[],"_jetpack_feature_clip_id":0,"_jetpack_memberships_contains_paid_content":false,"footnotes":"","jetpack_publicize_message":"","jetpack_publicize_feature_enabled":true,"jetpack_social_post_already_shared":true,"jetpack_social_options":{"image_generator_settings":{"template":"highway","default_image_id":0,"font":"","enabled":false},"version":2},"jetpack_post_was_ever_published":false},"categories":[21],"tags":[],"class_list":["post-69023","post","type-post","status-publish","format-standard","has-post-thumbnail","category-sp-news"],"jetpack_publicize_connections":[],"jetpack-related-posts":[],"jetpack_shortlink":"https:\/\/wp.me\/p7Eq1F-hXh","jetpack_sharing_enabled":true,"jetpack_featured_media_url":"https:\/\/i0.wp.com\/guialimeira.com.br\/news\/wp-content\/uploads\/2026\/06\/Melhora-no-cheiro-e-mais-animais-como-a-despoluicao-do.jpg?fit=799%2C533&ssl=1","_links":{"self":[{"href":"https:\/\/guialimeira.com.br\/news\/wp-json\/wp\/v2\/posts\/69023","targetHints":{"allow":["GET"]}}],"collection":[{"href":"https:\/\/guialimeira.com.br\/news\/wp-json\/wp\/v2\/posts"}],"about":[{"href":"https:\/\/guialimeira.com.br\/news\/wp-json\/wp\/v2\/types\/post"}],"author":[{"embeddable":true,"href":"https:\/\/guialimeira.com.br\/news\/wp-json\/wp\/v2\/users\/1"}],"replies":[{"embeddable":true,"href":"https:\/\/guialimeira.com.br\/news\/wp-json\/wp\/v2\/comments?post=69023"}],"version-history":[{"count":0,"href":"https:\/\/guialimeira.com.br\/news\/wp-json\/wp\/v2\/posts\/69023\/revisions"}],"wp:featuredmedia":[{"embeddable":true,"href":"https:\/\/guialimeira.com.br\/news\/wp-json\/wp\/v2\/media\/69024"}],"wp:attachment":[{"href":"https:\/\/guialimeira.com.br\/news\/wp-json\/wp\/v2\/media?parent=69023"}],"wp:term":[{"taxonomy":"category","embeddable":true,"href":"https:\/\/guialimeira.com.br\/news\/wp-json\/wp\/v2\/categories?post=69023"},{"taxonomy":"post_tag","embeddable":true,"href":"https:\/\/guialimeira.com.br\/news\/wp-json\/wp\/v2\/tags?post=69023"}],"curies":[{"name":"wp","href":"https:\/\/api.w.org\/{rel}","templated":true}]}}