{"id":68980,"date":"2026-06-14T08:26:22","date_gmt":"2026-06-14T11:26:22","guid":{"rendered":"https:\/\/guialimeira.com.br\/estado-de-sp-tem-roteiros-por-onde-passou-anchieta-confira\/"},"modified":"2026-06-14T08:26:22","modified_gmt":"2026-06-14T11:26:22","slug":"estado-de-sp-tem-roteiros-por-onde-passou-anchieta-confira","status":"publish","type":"post","link":"https:\/\/guialimeira.com.br\/news\/estado-de-sp-tem-roteiros-por-onde-passou-anchieta-confira\/","title":{"rendered":"Estado de SP tem roteiros por onde passou Anchieta; confira"},"content":{"rendered":"<p> <br \/>\n<\/p>\n<div>\n<p class=\"wp-block-paragraph\">Em maio de 1560, o padre jesu\u00edta Jos\u00e9 de Anchieta escreveu um relat\u00f3rio chamado \u201cCarta de S\u00e3o Vicente\u201d, em que descreveu o que viu da Mata Atl\u00e2ntica, da geografia f\u00edsica e humana, da fauna e da flora presentes na ent\u00e3o Capitania de S\u00e3o Vicente. Mas ele fez muito mais. Anchieta e a hist\u00f3ria do Brasil est\u00e3o praticamente interligados. Em 9 de junho  o jesu\u00edta \u00e9 homenageado em Dia Nacional, uma data que marca o seu falecimento, em 1597. Anchieta foi canonizado em 2014.<\/p>\n<p class=\"wp-block-paragraph\">Para prestar essa homenagem e relembrar os passos do jesu\u00edta, a Secretaria de Turismo e Viagens do Estado de S\u00e3o Paulo (Setur-SP) registrou alguns dos destinos por onde ele esteve, lugares que se tornaram tur\u00edsticos e que lembram a passagem de Anchieta pelo territ\u00f3rio e pela hist\u00f3ria paulista.<\/p>\n<h3 class=\"wp-block-heading\">Itanha\u00e9m<\/h3>\n<p class=\"wp-block-paragraph\">A segunda cidade mais antiga do Brasil abriga os Caminhos de Anchieta, um roteiro de seis atra\u00e7\u00f5es que celebram a passagem dele, entre 1563 e 1595: a Cama de Anchieta (uma forma\u00e7\u00e3o rochosa onde ele descansava e compunha poemas), a Passarela de Anchieta (um passadi\u00e7o suspenso de 220 metros, com vista para o mar), o Pocinho de Anchieta (uma estrutura de pedras constru\u00edda por ind\u00edgenas), os Pain\u00e9is de Anchieta (mosaicos em pastilhas de vidro), o Monumento a Anchieta (uma est\u00e1tua na Pra\u00e7a Narciso de Andrade) e a Igreja Matriz de Sant\u2019Anna (que abriga a imagem da Virgem de Anchieta). Itanha\u00e9m est\u00e1 a 116 km da capital.<\/p>\n<h3 class=\"wp-block-heading\">Ubatuba<\/h3>\n<p class=\"wp-block-paragraph\">Nas areias de Iperoig (atual Praia do Cruzeiro), onde hoje \u00e9 Ubatuba, Anchieta comp\u00f4s um poema dedicado \u00e0 Virgem Maria, com mais de 5.700 versos. Como n\u00e3o tinha papel, ele memorizava os versos e os riscava com um cajado na areia. Anchieta esteve em Ubatuba em 1563. A Praia do Cruzeiro \u00e9 uma extensa faixa de areia, com cal\u00e7ad\u00e3o, com local para esportes e passeios, pista de skate, feirinha de artesanato e restaurantes. A ilha Anchieta, tamb\u00e9m em Ubatuba, tem esse nome em homenagem ao jesu\u00edta. \u00c9 a segunda maior ilha do litoral paulista, tem praias paradis\u00edacas, rica vida marinha, trilhas, ru\u00ednas de um antigo pres\u00eddio e praias (do Pres\u00eddio e a Praia do Sul). Ubatuba fica a 220 km da capital paulista.<\/p>\n<figure class=\"wp-block-image size-large\"><img data-recalc-dims=\"1\" fetchpriority=\"high\" decoding=\"async\" width=\"696\" height=\"462\" src=\"https:\/\/i0.wp.com\/www.agenciasp.sp.gov.br\/wp-content\/uploads\/2026\/06\/WhatsApp-Image-2026-06-11-at-13.07.261-1024x680.jpeg?resize=696%2C462&#038;ssl=1\" alt=\"\" class=\"wp-image-151301 lazy\" srcset=\"https:\/\/www.agenciasp.sp.gov.br\/wp-content\/uploads\/2026\/06\/WhatsApp-Image-2026-06-11-at-13.07.261-1024x680.jpeg 1024w, https:\/\/www.agenciasp.sp.gov.br\/wp-content\/uploads\/2026\/06\/WhatsApp-Image-2026-06-11-at-13.07.261-300x199.jpeg 300w, https:\/\/www.agenciasp.sp.gov.br\/wp-content\/uploads\/2026\/06\/WhatsApp-Image-2026-06-11-at-13.07.261-768x510.jpeg 768w, https:\/\/www.agenciasp.sp.gov.br\/wp-content\/uploads\/2026\/06\/WhatsApp-Image-2026-06-11-at-13.07.261-1536x1020.jpeg 1536w, https:\/\/www.agenciasp.sp.gov.br\/wp-content\/uploads\/2026\/06\/WhatsApp-Image-2026-06-11-at-13.07.261-150x100.jpeg 150w, https:\/\/www.agenciasp.sp.gov.br\/wp-content\/uploads\/2026\/06\/WhatsApp-Image-2026-06-11-at-13.07.261.jpeg 1600w\" data-sizes=\"(max-width: 1024px) 100vw, 1024px\"\/><figcaption class=\"wp-element-caption\">Praia do Cruzeiro (antiga Iperoig) em Ubatuba, onde Anchieta escreveu versos na areia (foto: Ken Chu \/ Setur-SP)<\/figcaption><\/figure>\n<h3 class=\"wp-block-heading\">Itu<\/h3>\n<p class=\"wp-block-paragraph\">Anchieta esteve na aldeia de Mani\u00e7oba, \u00e0s margens do Tiet\u00ea, na atual Itu, para catequizar ind\u00edgenas, aprender a l\u00edngua dos nativos e conhecer o territ\u00f3rio. Itu homenageia o padre no Largo do Bom Jesus (hoje a Pra\u00e7a Padre Anchieta). Nessa pra\u00e7a, ficava a antiga capela de Nossa Senhora da Candel\u00e1ria, que deu origem ao munic\u00edpio, em 1610, e \u00e0 Igreja Matriz, que cont\u00e9m o maior patrim\u00f4nio do barroco paulista, com altar e \u00f3rg\u00e3o magn\u00edficos. A Matriz \u00e9 o cora\u00e7\u00e3o hist\u00f3rico de Itu e, pr\u00f3ximos a ela, est\u00e3o o Sem\u00e1foro Gigante, o Orelh\u00e3o Gigante e lojinhas de souvenirs exagerados, al\u00e9m do Museu Republicano, da USP. Itu est\u00e1 a 96 km de S\u00e3o Paulo.<\/p>\n<h3 class=\"wp-block-heading\">S\u00e3o Paulo<\/h3>\n<p class=\"wp-block-paragraph\">A capital tem muitas marcas da presen\u00e7a de Anchieta. Marco Zero de S\u00e3o Paulo, o Pateo do Collegio foi fundado em 1554 pelo Padre Manoel da N\u00f3brega, provincial jesu\u00edta e seus auxiliares, entre eles, Anchieta. A Igreja S\u00e3o Jos\u00e9 de Anchieta, localizada no Pateo do Collegio, cont\u00e9m rel\u00edquias do santo e arquitetura do barroco paulista. O Monumento a Anchieta, em bronze, \u00e9 uma escultura de 1954, para comemorar o quarto centen\u00e1rio da cidade e fica na Pra\u00e7a da S\u00e9, em frente \u00e0 Catedral. Ainda no Pateo do Collegio, o Museu Anchieta preserva objetos hist\u00f3ricos e conta com uma maquete da Vila de S\u00e3o Paulo de Piratininga, no s\u00e9culo XVI.<\/p>\n<h3 class=\"wp-block-heading\">Outras passagens de Anchieta<\/h3>\n<p class=\"wp-block-paragraph\">Anchieta esteve em locais que hoje s\u00e3o est\u00e2ncias tur\u00edsticas, como S\u00e3o Vicente, por onde chegou \u00e0 Capitania, em 1553. Na vila, ele aprendeu o tupi e escreveu a primeira gram\u00e1tica ind\u00edgena da Hist\u00f3ria. No Guaruj\u00e1, o jesu\u00edta rezou missas e catequizou ind\u00edgenas na Ermida de Santo Ant\u00f4nio do Guaib\u00ea, que \u00e9 uma das primeiras igrejas do Brasil, toda feita de pedras de sambaquis com \u00f3leo de baleia e conchas. Em Bertioga, Anchieta abrigou-se no Forte de S\u00e3o Jo\u00e3o, outro ponto tur\u00edstico da cidade, antes de seguir para miss\u00f5es em Ubatuba, no litoral norte.<\/p>\n<figure class=\"wp-block-image size-large\"><img data-recalc-dims=\"1\" loading=\"lazy\" decoding=\"async\" width=\"696\" height=\"464\" src=\"https:\/\/i0.wp.com\/www.agenciasp.sp.gov.br\/wp-content\/uploads\/2026\/06\/WhatsApp-Image-2026-06-11-at-13.07.26-1024x683.jpeg?resize=696%2C464&#038;ssl=1\" alt=\"\" class=\"wp-image-151300 lazy\" srcset=\"https:\/\/www.agenciasp.sp.gov.br\/wp-content\/uploads\/2026\/06\/WhatsApp-Image-2026-06-11-at-13.07.26-1024x683.jpeg 1024w, https:\/\/www.agenciasp.sp.gov.br\/wp-content\/uploads\/2026\/06\/WhatsApp-Image-2026-06-11-at-13.07.26-300x200.jpeg 300w, https:\/\/www.agenciasp.sp.gov.br\/wp-content\/uploads\/2026\/06\/WhatsApp-Image-2026-06-11-at-13.07.26-768x512.jpeg 768w, https:\/\/www.agenciasp.sp.gov.br\/wp-content\/uploads\/2026\/06\/WhatsApp-Image-2026-06-11-at-13.07.26-1536x1024.jpeg 1536w, https:\/\/www.agenciasp.sp.gov.br\/wp-content\/uploads\/2026\/06\/WhatsApp-Image-2026-06-11-at-13.07.26-150x100.jpeg 150w, https:\/\/www.agenciasp.sp.gov.br\/wp-content\/uploads\/2026\/06\/WhatsApp-Image-2026-06-11-at-13.07.26.jpeg 1600w\" data-sizes=\"(max-width: 1024px) 100vw, 1024px\"\/><figcaption class=\"wp-element-caption\">Forte de S\u00e3o Jo\u00e3o, em Bertioga, onde Anchieta se hospedou, no s\u00e9culo XVI (foto: Elias Gomes \/ Setur-SP)<\/figcaption><\/figure>\n<h3 class=\"wp-block-heading\">O espanhol crist\u00e3o-novo que gerou S\u00e3o Paulo<\/h3>\n<p class=\"wp-block-paragraph\">Nascido em 1534 na ilha de Tenerife, nas Can\u00e1rias (Espanha), Jos\u00e9 de Anchieta tinha ascend\u00eancia judaica sefardita (da Pen\u00ednsula Ib\u00e9rica) e pertencia a uma fam\u00edlia de crist\u00e3os-novos (judeus convertidos \u00e0 for\u00e7a ao catolicismo). Devido \u00e0s \u00f3bvias restri\u00e7\u00f5es espanholas para que o rapaz entrasse em semin\u00e1rio cat\u00f3lico, Anchieta foi enviado a Portugal, onde estudou na Universidade de Coimbra. Aos 17 anos, ingressou na Companhia de Jesus e, em julho de 1553, ap\u00f3s dois meses de viagem, chegou ao Brasil, desembarcando em Salvador. Em outubro do mesmo ano, seguiu para a Capitania de S\u00e3o Vicente, participando da funda\u00e7\u00e3o de S\u00e3o Paulo, em janeiro de 1554. O padre jesu\u00edta Jos\u00e9 de Anchieta morreu em 1597, no Esp\u00edrito Santo.<\/p>\n<\/p><\/div>\n<p><br \/>\n<br \/><a href=\"https:\/\/www.agenciasp.sp.gov.br\/estado-de-sp-tem-roteiros-por-onde-passou-anchieta-confira\/\" rel=\"noopener\">Informa\u00e7\u00f5es GOV.SP<\/a><\/p>\n","protected":false},"excerpt":{"rendered":"<p>Em maio de 1560, o padre jesu\u00edta Jos\u00e9 de Anchieta escreveu um relat\u00f3rio chamado \u201cCarta de S\u00e3o Vicente\u201d, em que descreveu o que viu da Mata Atl\u00e2ntica, da geografia f\u00edsica e humana, da fauna e da flora presentes na ent\u00e3o Capitania de S\u00e3o Vicente. Mas ele fez muito mais. Anchieta e a hist\u00f3ria do Brasil [&hellip;]<\/p>\n","protected":false},"author":1,"featured_media":68981,"comment_status":"","ping_status":"open","sticky":false,"template":"","format":"standard","meta":{"_jetpack_newsletter_access":"","_jetpack_dont_email_post_to_subs":false,"_jetpack_newsletter_tier_id":0,"_jetpack_memberships_contains_paywalled_content":false,"_mbp_banners":[],"_jetpack_feature_clip_id":0,"_jetpack_memberships_contains_paid_content":false,"footnotes":"","jetpack_publicize_message":"","jetpack_publicize_feature_enabled":true,"jetpack_social_post_already_shared":true,"jetpack_social_options":{"image_generator_settings":{"template":"highway","default_image_id":0,"font":"","enabled":false},"version":2},"jetpack_post_was_ever_published":false},"categories":[21],"tags":[],"class_list":["post-68980","post","type-post","status-publish","format-standard","has-post-thumbnail","category-sp-news"],"jetpack_publicize_connections":[],"jetpack-related-posts":[],"jetpack_shortlink":"https:\/\/wp.me\/p7Eq1F-hWA","jetpack_sharing_enabled":true,"jetpack_featured_media_url":"https:\/\/i0.wp.com\/guialimeira.com.br\/news\/wp-content\/uploads\/2026\/06\/Estado-de-SP-tem-roteiros-por-onde-passou-Anchieta-confira.jpeg?fit=1024%2C680&ssl=1","_links":{"self":[{"href":"https:\/\/guialimeira.com.br\/news\/wp-json\/wp\/v2\/posts\/68980","targetHints":{"allow":["GET"]}}],"collection":[{"href":"https:\/\/guialimeira.com.br\/news\/wp-json\/wp\/v2\/posts"}],"about":[{"href":"https:\/\/guialimeira.com.br\/news\/wp-json\/wp\/v2\/types\/post"}],"author":[{"embeddable":true,"href":"https:\/\/guialimeira.com.br\/news\/wp-json\/wp\/v2\/users\/1"}],"replies":[{"embeddable":true,"href":"https:\/\/guialimeira.com.br\/news\/wp-json\/wp\/v2\/comments?post=68980"}],"version-history":[{"count":0,"href":"https:\/\/guialimeira.com.br\/news\/wp-json\/wp\/v2\/posts\/68980\/revisions"}],"wp:featuredmedia":[{"embeddable":true,"href":"https:\/\/guialimeira.com.br\/news\/wp-json\/wp\/v2\/media\/68981"}],"wp:attachment":[{"href":"https:\/\/guialimeira.com.br\/news\/wp-json\/wp\/v2\/media?parent=68980"}],"wp:term":[{"taxonomy":"category","embeddable":true,"href":"https:\/\/guialimeira.com.br\/news\/wp-json\/wp\/v2\/categories?post=68980"},{"taxonomy":"post_tag","embeddable":true,"href":"https:\/\/guialimeira.com.br\/news\/wp-json\/wp\/v2\/tags?post=68980"}],"curies":[{"name":"wp","href":"https:\/\/api.w.org\/{rel}","templated":true}]}}