{"id":6897,"date":"2024-05-29T13:55:44","date_gmt":"2024-05-29T16:55:44","guid":{"rendered":"https:\/\/guialimeira.com.br\/2024\/05\/29\/ibge-defende-sistema-de-centralizacao-de-dados-e-estatisticas-federais\/"},"modified":"2024-05-29T13:55:44","modified_gmt":"2024-05-29T16:55:44","slug":"ibge-defende-sistema-de-centralizacao-de-dados-e-estatisticas-federais","status":"publish","type":"post","link":"https:\/\/guialimeira.com.br\/news\/ibge-defende-sistema-de-centralizacao-de-dados-e-estatisticas-federais\/","title":{"rendered":"IBGE defende sistema de centraliza\u00e7\u00e3o de dados e estat\u00edsticas federais"},"content":{"rendered":"<p> <br \/>\n<\/p>\n<div>\n<p>O presidente do Instituto Brasileiro de Geografia e Estat\u00edstica (IBGE), Marcio Pochmann, defendeu, nesta quarta-feira (29) a cria\u00e7\u00e3o do Sistema Nacional de Geoci\u00e9ncias, Estatistica e Dados (Singed). A ideia \u00e9 centralizar dados produzidos pelos diferentes \u00f3rg\u00e3os governamentais, sob a coordena\u00e7\u00e3o do IBGE, como era feito at\u00e9 1964.<img data-recalc-dims=\"1\" decoding=\"async\" src=\"https:\/\/i0.wp.com\/agenciabrasil.ebc.com.br\/ebc.png?w=696&#038;ssl=1\" style=\"width:1px; height:1px; display:inline;\"\/><img data-recalc-dims=\"1\" decoding=\"async\" src=\"https:\/\/i0.wp.com\/agenciabrasil.ebc.com.br\/ebc.gif?w=696&#038;ssl=1\" style=\"width:1px; height:1px; display:inline;\"\/><\/p>\n<p>Para isso, no entanto, \u00e9 necess\u00e1ria uma mudan\u00e7a na legisla\u00e7\u00e3o brasileira, a ser feita pelo Congresso Nacional.<\/p>\n<p>&#8220;Cada institui\u00e7\u00e3o tem seu banco de dados, seu dado administrativo, e a gest\u00e3o desse processamento implica custos. Esse sistema permitiria reduzir custos&#8221;, afirmou Pochmann.<\/p>\n<p>Entre os dados que poderiam ser centralizados no Singed est\u00e3o as informa\u00e7\u00f5es sobre o Cadastro \u00danico (Cad\u00danico) e aquelas geradas pelo Datasus e pela Dataprev. O Instituto Nacional de Pesquisas Educacionais (Inep) \u00e9 outra institui\u00e7\u00e3o que gera dados em seus censos.<\/p>\n<h2>Pesquisas<\/h2>\n<p>Pochmann afirmou ainda que, nos pr\u00f3ximos anos, o IBGE pretende retomar algumas pesquisas como o estudo sobre informalidade no mercado de trabalho urbano e criar novas, como o Produto Interno Bruto (PIB) da Amaz\u00f4nia Azul.<\/p>\n<p>Outro projeto do IBGE \u00e9 oferecer intelig\u00eancia artificial (IA) em suas interfaces com o p\u00fablico, de forma a facilitar o acesso \u00e0s informa\u00e7\u00f5es produzidas pelo instituto. Em parceria com universidades, ser\u00e1 feita uma chamada p\u00fablica para escolher o melhor projeto de IA.<\/p>\n<p>Em rela\u00e7\u00e3o ao Rio Grande do Sul, o IBGE criou uma for\u00e7a-tarefa para auxiliar nos trabalhos de levantamentos de danos e de pessoas atingidas.\u00a0<\/p>\n<p>A partir de endere\u00e7os e dados obtidos pelo Censo 2022, \u00e9 poss\u00edvel saber, por exemplo, os\u00a0tipos de neg\u00f3cios e o n\u00famero de\u00a0pessoas em \u00e1reas afetadas.<\/p>\n<p>&#8220;J\u00e1 recebemos\u00a0demandas de alguns munic\u00edpios como Lajeado e Porto Alegre e do pr\u00f3prio governo do estado. N\u00f3s disponibilizamos dados para que eles pudessem trabalhar em torno disso&#8221;, disse.<\/p>\n<p>Em comemora\u00e7\u00e3o ao seu anivers\u00e1rio de 88 anos, o\u00a0IBGE lan\u00e7ou, nesta quarta-feira (29), o projeto Casa Brasil IBGE, que busca preservar e disseminar a mem\u00f3ria da institui\u00e7\u00e3o. O espa\u00e7o funcionar\u00e1 no Pal\u00e1cio da Fazenda, no centro da cidade do Rio de Janeiro.<\/p>\n<p>O local ter\u00e1 exposi\u00e7\u00f5es presenciais e virtuais, que contar\u00e3o a hist\u00f3ria de 88 anos do instituto e de suas pesquisas. Segundo o IBGE, a ideia \u00e9 que cada estado receba uma unidade do Casa Brasil.<\/p>\n<p>As exibi\u00e7\u00f5es apresentar\u00e3o as interfaces do IBGE com o Estado brasileiro, suas empresas e entidades, com as universidades, com o pr\u00f3prio cidad\u00e3o e cidad\u00e3, al\u00e9m das conex\u00f5es do instituto com o exterior<\/p>\n<p>Entre os itens expostos estar\u00e3o o\u00a0formul\u00e1rio do primeiro censo realizado no pa\u00eds, em 1870, seis d\u00e9cadas antes da cria\u00e7\u00e3o do IBGE; e equipamentos hist\u00f3ricos de produ\u00e7\u00e3o de mapas, entre outras pe\u00e7as.<\/p>\n<p>As visitas ao espa\u00e7o poder\u00e3o ser feitas\u00a0de segunda a sexta-feira, das 9h \u00e0s 16h. Visitas de escolas dever\u00e3o ser agendadas previamente.\u00a0<\/p>\n<\/p><\/div>\n<p><br \/>\n<br \/><a href=\"https:\/\/agenciabrasil.ebc.com.br\/economia\/noticia\/2024-05\/ibge-defende-sistema-de-centralizacao-de-dados-e-estatisticas-federais\" rel=\"noopener\">Ag\u00eancia Brasil<\/a><\/p>\n","protected":false},"excerpt":{"rendered":"<p>O presidente do Instituto Brasileiro de Geografia e Estat\u00edstica (IBGE), Marcio Pochmann, defendeu, nesta quarta-feira (29) a cria\u00e7\u00e3o do Sistema Nacional de Geoci\u00e9ncias, Estatistica e Dados (Singed). A ideia \u00e9 centralizar dados produzidos pelos diferentes \u00f3rg\u00e3os governamentais, sob a coordena\u00e7\u00e3o do IBGE, como era feito at\u00e9 1964. Para isso, no entanto, \u00e9 necess\u00e1ria uma mudan\u00e7a [&hellip;]<\/p>\n","protected":false},"author":1,"featured_media":6898,"comment_status":"open","ping_status":"open","sticky":false,"template":"","format":"standard","meta":{"_jetpack_newsletter_access":"","_jetpack_dont_email_post_to_subs":false,"_jetpack_newsletter_tier_id":0,"_jetpack_memberships_contains_paywalled_content":false,"_mbp_banners":[],"_jetpack_feature_clip_id":0,"_jetpack_memberships_contains_paid_content":false,"footnotes":"","jetpack_publicize_message":"","jetpack_publicize_feature_enabled":true,"jetpack_social_post_already_shared":true,"jetpack_social_options":{"image_generator_settings":{"template":"highway","default_image_id":0,"font":"","enabled":false},"version":2},"jetpack_post_was_ever_published":false},"categories":[24],"tags":[],"class_list":["post-6897","post","type-post","status-publish","format-standard","has-post-thumbnail","category-economia"],"jetpack_publicize_connections":[],"jetpack-related-posts":[],"jetpack_shortlink":"https:\/\/wp.me\/p7Eq1F-1Nf","jetpack_sharing_enabled":true,"jetpack_featured_media_url":"https:\/\/i0.wp.com\/guialimeira.com.br\/news\/wp-content\/uploads\/2024\/05\/seminario05.jpg?fit=1600%2C800&ssl=1","_links":{"self":[{"href":"https:\/\/guialimeira.com.br\/news\/wp-json\/wp\/v2\/posts\/6897","targetHints":{"allow":["GET"]}}],"collection":[{"href":"https:\/\/guialimeira.com.br\/news\/wp-json\/wp\/v2\/posts"}],"about":[{"href":"https:\/\/guialimeira.com.br\/news\/wp-json\/wp\/v2\/types\/post"}],"author":[{"embeddable":true,"href":"https:\/\/guialimeira.com.br\/news\/wp-json\/wp\/v2\/users\/1"}],"replies":[{"embeddable":true,"href":"https:\/\/guialimeira.com.br\/news\/wp-json\/wp\/v2\/comments?post=6897"}],"version-history":[{"count":0,"href":"https:\/\/guialimeira.com.br\/news\/wp-json\/wp\/v2\/posts\/6897\/revisions"}],"wp:featuredmedia":[{"embeddable":true,"href":"https:\/\/guialimeira.com.br\/news\/wp-json\/wp\/v2\/media\/6898"}],"wp:attachment":[{"href":"https:\/\/guialimeira.com.br\/news\/wp-json\/wp\/v2\/media?parent=6897"}],"wp:term":[{"taxonomy":"category","embeddable":true,"href":"https:\/\/guialimeira.com.br\/news\/wp-json\/wp\/v2\/categories?post=6897"},{"taxonomy":"post_tag","embeddable":true,"href":"https:\/\/guialimeira.com.br\/news\/wp-json\/wp\/v2\/tags?post=6897"}],"curies":[{"name":"wp","href":"https:\/\/api.w.org\/{rel}","templated":true}]}}