{"id":68960,"date":"2026-06-13T20:10:38","date_gmt":"2026-06-13T23:10:38","guid":{"rendered":"https:\/\/guialimeira.com.br\/com-chegada-de-agua-encanada-empresaria-decide-ampliar-comercio-em-mairipora\/"},"modified":"2026-06-13T20:10:38","modified_gmt":"2026-06-13T23:10:38","slug":"com-chegada-de-agua-encanada-empresaria-decide-ampliar-comercio-em-mairipora","status":"publish","type":"post","link":"https:\/\/guialimeira.com.br\/news\/com-chegada-de-agua-encanada-empresaria-decide-ampliar-comercio-em-mairipora\/","title":{"rendered":"Com chegada de \u00e1gua encanada, empres\u00e1ria decide ampliar com\u00e9rcio em Mairipor\u00e3"},"content":{"rendered":"<p> <br \/>\n<br \/><img data-recalc-dims=\"1\" decoding=\"async\" src=\"https:\/\/i0.wp.com\/www.agenciasp.sp.gov.br\/wp-content\/uploads\/2026\/06\/josilene-de-oliveira-saneamento-mairipora.jpg?w=696&#038;ssl=1\" \/><\/p>\n<div>\n<p class=\"wp-block-paragraph\">A chegada de \u00e1gua encanada no bairro Santa In\u00eas, em Mairipor\u00e3, na Grande S\u00e3o Paulo, j\u00e1 se reflete at\u00e9 nos planos de expans\u00e3o do com\u00e9rcio da regi\u00e3o. \u00c9 o caso de Rosilene de Oliveira, moradora do bairro e dona de um bar que n\u00e3o tinha banheiro por causa da falta de abastecimento regular. \u201cEu emprestava o banheiro da minha casa para os clientes\u201d, conta. Com a chegada da \u00e1gua encanada, ela concluir\u00e1 ainda neste m\u00eas a constru\u00e7\u00e3o de um banheiro para atender os frequentadores do local.\u00a0<\/p>\n<p class=\"wp-block-paragraph\">A liga\u00e7\u00e3o de \u00e1gua em sua resid\u00eancia e estabelecimento integra um conjunto de obras executadas pela Sabesp no loteamento para ampliar a rede de distribui\u00e7\u00e3o de \u00e1gua e atender moradores que ainda n\u00e3o contavam com acesso regular ao servi\u00e7o. Com investimento de aproximadamente R$ 1 milh\u00e3o, o projeto prev\u00ea a implanta\u00e7\u00e3o da infraestrutura necess\u00e1ria para viabilizar 184 liga\u00e7\u00f5es domiciliares de \u00e1gua no bairro. A secret\u00e1ria de Meio Ambiente, Infraestrutura e Log\u00edstica do Estado de S\u00e3o Paulo, Nat\u00e1lia Resende, visitou o loteamento nesta sexta (12).<\/p>\n<p class=\"wp-block-paragraph\">At\u00e9 o momento, j\u00e1 foram implantados 1,5 quil\u00f4metro de rede de distribui\u00e7\u00e3o e executadas 22 liga\u00e7\u00f5es domiciliares, enquanto outras oito est\u00e3o em fase de regulariza\u00e7\u00e3o administrativa. A pr\u00f3xima etapa contempla mais 1,5 quil\u00f4metro de rede e a execu\u00e7\u00e3o de 154 novas liga\u00e7\u00f5es. A medida integra o plano do Governo de S\u00e3o Paulo para universalizar o saneamento em todo o estado at\u00e9 2029 e foram viabilizadas ap\u00f3s a desestatiza\u00e7\u00e3o da Sabesp em 2024.<\/p>\n<p class=\"wp-block-paragraph\"><strong>LEIA MAIS: <a href=\"https:\/\/www.agenciasp.sp.gov.br\/com-investimentos-recordes-estudo-mostra-sao-paulo-com-86-das-cidades-mais-avancadas-em-saneamento-basico-do-brasil\/\" rel=\"noopener\">Com investimentos recordes, estudo mostra S\u00e3o Paulo com 86% das cidades mais avan\u00e7adas em saneamento b\u00e1sico do Brasil<\/a><\/strong><\/p>\n<p class=\"wp-block-paragraph\">Assim como muitos de seus vizinhos, Josilene tinha o costume de pedir \u00e1gua emprestada para garantir o abastecimento em sua casa e em seu com\u00e9rcio. Ela tinha um po\u00e7o em seu terreno, mas a situa\u00e7\u00e3o era marcada pela instabilidade. \u201cO po\u00e7o \u00e9 aquela coisa: tem \u00e9poca que tem mais \u00e1gua, tem \u00e9poca que n\u00e3o tem \u00e1gua. A\u00ed eu pegava \u00e1gua emprestada com o vizinho. Cheguei a gastar fazendo mais um po\u00e7o.\u201d<\/p>\n<p class=\"wp-block-paragraph\">A chegada da \u00e1gua tratada representa uma mudan\u00e7a significativa tanto para a rotina dom\u00e9stica quanto para o funcionamento do com\u00e9rcio. \u201cFacilita muito\u201d, diz a Josilene. \u201c\u00c9 um direito nosso. \u00c9 mais dignidade.\u201d<\/p>\n<p class=\"wp-block-paragraph\">As interven\u00e7\u00f5es em Mairipor\u00e3 fazem parte do programa IntegraTiet\u00ea, iniciativa do Governo do Estado voltada \u00e0 amplia\u00e7\u00e3o da coleta e do tratamento de esgoto, \u00e0 recupera\u00e7\u00e3o ambiental e \u00e0 melhoria da qualidade das \u00e1guas na bacia do Rio Tiet\u00ea.<\/p>\n<p class=\"wp-block-paragraph\"><strong>LEIA MAIS: <a href=\"https:\/\/www.agenciasp.sp.gov.br\/poluicao-tem-queda-de-ate-55-em-pontos-dos-rios-pinheiros-e-tiete\/\" rel=\"noopener\">Polui\u00e7\u00e3o tem queda de at\u00e9 55% em pontos dos rios Pinheiros e Tiet\u00ea<\/a><\/strong><\/p>\n<p class=\"wp-block-paragraph\">Desde 2023, a Sabesp j\u00e1 conectou mais de 1,1 milh\u00e3o de domic\u00edlios \u00e0 rede de esgoto. O programa prev\u00ea a conex\u00e3o de 1,5 milh\u00e3o de novos domic\u00edlios \u00e0 rede de coleta e tratamento de esgoto at\u00e9 2026 e de mais de 2,2 milh\u00f5es at\u00e9 2029, beneficiando principalmente munic\u00edpios da Regi\u00e3o Metropolitana de S\u00e3o Paulo e do Alto Tiet\u00ea.\u00a0<\/p>\n<p class=\"wp-block-paragraph\">\u201cLevar \u00e1gua tratada para quem ainda n\u00e3o tinha acesso ao servi\u00e7o e ampliar a coleta e o tratamento de esgoto significa promover sa\u00fade, qualidade de vida, prote\u00e7\u00e3o dos recursos h\u00eddricos e desenvolvimento para o munic\u00edpio. Infraestrutura e meio ambiente caminham juntos para construir cidades mais resilientes e sustent\u00e1veis\u201d, afirmou Nat\u00e1lia Resende.<\/p>\n<p class=\"wp-block-paragraph\"><strong>Investimento em saneamento<\/strong><\/p>\n<p class=\"wp-block-paragraph\">A expans\u00e3o dos servi\u00e7os ocorre em meio ao aumento dos investimentos da Sabesp. Em 2025, foram R$ 15,2 bilh\u00f5es aplicados pela companhia, valor 120% maior em compara\u00e7\u00e3o ao ano anterior. Os investimentos t\u00eam como foco a amplia\u00e7\u00e3o da cobertura de saneamento e a melhoria dos padr\u00f5es de qualidade dos servi\u00e7os.<\/p>\n<p class=\"wp-block-paragraph\">A coleta e o tratamento de esgoto chegaram a mais de 4,3 milh\u00f5es de pessoas com a expans\u00e3o de liga\u00e7\u00f5es da Sabesp. O cumprimento das metas de acesso \u00e0 \u00e1gua, coleta e tratamento de esgoto alcan\u00e7aram, respectivamente, 87%, 77% e 71% ao fim do primeiro trimestre de 2026.<\/p>\n<p class=\"wp-block-paragraph\"><strong>Na Rota da \u00c1gua<\/strong><\/p>\n<p class=\"wp-block-paragraph\">O Governo de S\u00e3o Paulo acompanha os avan\u00e7os no saneamento por meio do Na Rota da \u00c1gua. A iniciativa d\u00e1 mais visibilidade \u00e0s obras de seguran\u00e7a h\u00eddrica, refor\u00e7o de abastecimento e universaliza\u00e7\u00e3o do saneamento nas cidades atendidas pela companhia.<\/p>\n<p class=\"wp-block-paragraph\">O programa prev\u00ea uma s\u00e9rie de entregas e visitas t\u00e9cnicas a mais de 1,1 mil frentes de obras em andamento nos munic\u00edpios contemplados pelo novo contrato da Sabesp.<\/p>\n<p class=\"wp-block-paragraph\">Entre as entregas j\u00e1 realizadas, est\u00e3o obras de saneamento em Itapecerica da Serra, Embu das Artes e Embu-Gua\u00e7u. Al\u00e9m disso, h\u00e1 duas novas Esta\u00e7\u00f5es de Tratamento de Esgoto em Caieiras e Franco da Rocha e um Sistema de Expans\u00e3o de Esgotamento Sanit\u00e1rio que tamb\u00e9m contempla Francisco Morato, na Grande S\u00e3o Paulo.<\/p>\n<\/p><\/div>\n<p><br \/>\n<br \/><a href=\"https:\/\/www.agenciasp.sp.gov.br\/com-chegada-de-agua-encanada-empresaria-decide-ampliar-comercio-em-mairipora\/\" rel=\"noopener\">Informa\u00e7\u00f5es GOV.SP<\/a><\/p>\n","protected":false},"excerpt":{"rendered":"<p>A chegada de \u00e1gua encanada no bairro Santa In\u00eas, em Mairipor\u00e3, na Grande S\u00e3o Paulo, j\u00e1 se reflete at\u00e9 nos planos de expans\u00e3o do com\u00e9rcio da regi\u00e3o. \u00c9 o caso de Rosilene de Oliveira, moradora do bairro e dona de um bar que n\u00e3o tinha banheiro por causa da falta de abastecimento regular. \u201cEu emprestava [&hellip;]<\/p>\n","protected":false},"author":1,"featured_media":68961,"comment_status":"","ping_status":"open","sticky":false,"template":"","format":"standard","meta":{"_jetpack_newsletter_access":"","_jetpack_dont_email_post_to_subs":false,"_jetpack_newsletter_tier_id":0,"_jetpack_memberships_contains_paywalled_content":false,"_mbp_banners":[],"_jetpack_feature_clip_id":0,"_jetpack_memberships_contains_paid_content":false,"footnotes":"","jetpack_publicize_message":"","jetpack_publicize_feature_enabled":true,"jetpack_social_post_already_shared":true,"jetpack_social_options":{"image_generator_settings":{"template":"highway","default_image_id":0,"font":"","enabled":false},"version":2},"jetpack_post_was_ever_published":false},"categories":[21],"tags":[],"class_list":["post-68960","post","type-post","status-publish","format-standard","has-post-thumbnail","category-sp-news"],"jetpack_publicize_connections":[],"jetpack-related-posts":[],"jetpack_shortlink":"https:\/\/wp.me\/p7Eq1F-hWg","jetpack_sharing_enabled":true,"jetpack_featured_media_url":"https:\/\/i0.wp.com\/guialimeira.com.br\/news\/wp-content\/uploads\/2026\/06\/Com-chegada-de-agua-encanada-empresaria-decide-ampliar-comercio-em.jpg?fit=2048%2C1365&ssl=1","_links":{"self":[{"href":"https:\/\/guialimeira.com.br\/news\/wp-json\/wp\/v2\/posts\/68960","targetHints":{"allow":["GET"]}}],"collection":[{"href":"https:\/\/guialimeira.com.br\/news\/wp-json\/wp\/v2\/posts"}],"about":[{"href":"https:\/\/guialimeira.com.br\/news\/wp-json\/wp\/v2\/types\/post"}],"author":[{"embeddable":true,"href":"https:\/\/guialimeira.com.br\/news\/wp-json\/wp\/v2\/users\/1"}],"replies":[{"embeddable":true,"href":"https:\/\/guialimeira.com.br\/news\/wp-json\/wp\/v2\/comments?post=68960"}],"version-history":[{"count":0,"href":"https:\/\/guialimeira.com.br\/news\/wp-json\/wp\/v2\/posts\/68960\/revisions"}],"wp:featuredmedia":[{"embeddable":true,"href":"https:\/\/guialimeira.com.br\/news\/wp-json\/wp\/v2\/media\/68961"}],"wp:attachment":[{"href":"https:\/\/guialimeira.com.br\/news\/wp-json\/wp\/v2\/media?parent=68960"}],"wp:term":[{"taxonomy":"category","embeddable":true,"href":"https:\/\/guialimeira.com.br\/news\/wp-json\/wp\/v2\/categories?post=68960"},{"taxonomy":"post_tag","embeddable":true,"href":"https:\/\/guialimeira.com.br\/news\/wp-json\/wp\/v2\/tags?post=68960"}],"curies":[{"name":"wp","href":"https:\/\/api.w.org\/{rel}","templated":true}]}}