{"id":68955,"date":"2026-06-13T19:09:29","date_gmt":"2026-06-13T22:09:29","guid":{"rendered":"https:\/\/guialimeira.com.br\/dos-recordes-em-moradia-ao-avanco-do-saneamento-os-avancos-ineditos-que-marcaram-a-agenda-de-transformacao-nos-ultimos-tres-anos-e-meio-em-sp\/"},"modified":"2026-06-13T19:09:29","modified_gmt":"2026-06-13T22:09:29","slug":"dos-recordes-em-moradia-ao-avanco-do-saneamento-os-avancos-ineditos-que-marcaram-a-agenda-de-transformacao-nos-ultimos-tres-anos-e-meio-em-sp","status":"publish","type":"post","link":"https:\/\/guialimeira.com.br\/news\/dos-recordes-em-moradia-ao-avanco-do-saneamento-os-avancos-ineditos-que-marcaram-a-agenda-de-transformacao-nos-ultimos-tres-anos-e-meio-em-sp\/","title":{"rendered":"Dos recordes em moradia ao avan\u00e7o do saneamento: os avan\u00e7os in\u00e9ditos que marcaram a agenda de transforma\u00e7\u00e3o nos \u00faltimos tr\u00eas anos e meio em SP"},"content":{"rendered":"<p> <br \/>\n<\/p>\n<div>\n<p class=\"wp-block-paragraph\">Mais de 83 mil moradias entregues, 405 mil novas empresas abertas em um \u00fanico ano, 1,7 milh\u00e3o de alunos beneficiados por reformas em escolas estaduais, 3,5 milh\u00f5es de cirurgias eletivas, R$ 260 bilh\u00f5es contratados para expandir o saneamento e mais de 16 mil novos policiais incorporados \u00e0s for\u00e7as de seguran\u00e7a.\u00a0<\/p>\n<p class=\"wp-block-paragraph\">Os n\u00fameros ajudam a dimensionar a s\u00e9rie de avan\u00e7os registrados por S\u00e3o Paulo nos \u00faltimos tr\u00eas anos e meio em \u00e1reas fundamentais para a popula\u00e7\u00e3o, per\u00edodo em que o Governo de SP consolidou uma agenda de transforma\u00e7\u00e3o baseada em resultados, inova\u00e7\u00e3o na gest\u00e3o p\u00fablica e foco na melhoria da qualidade de vida da popula\u00e7\u00e3o.\u00a0<\/p>\n<p class=\"wp-block-paragraph\">Guiada pelos pilares do Desenvolvimento, do Di\u00e1logo e da Dignidade, a gest\u00e3o vem combinando responsabilidade fiscal, efici\u00eancia administrativa e pol\u00edticas p\u00fablicas voltadas \u00e0 gera\u00e7\u00e3o de oportunidades, \u00e0 redu\u00e7\u00e3o das desigualdades e ao fortalecimento dos servi\u00e7os essenciais.\u00a0<\/p>\n<p class=\"wp-block-paragraph\">Iniciativas como Casa Paulista, Prontos pro Mundo, Tabela SUS Paulista, SuperA\u00e7\u00e3o SP e SP Por Todas ilustram uma estrat\u00e9gia voltada \u00e0 gera\u00e7\u00e3o de oportunidades, \u00e0 redu\u00e7\u00e3o das desigualdades e \u00e0 melhoria dos servi\u00e7os p\u00fablicos em todas as regi\u00f5es do estado.\u00a0<\/p>\n<h3 class=\"wp-block-heading\"><strong>Moradia: o maior programa habitacional da hist\u00f3ria paulista<\/strong><\/h3>\n<figure class=\"wp-block-image size-large\"><img data-recalc-dims=\"1\" fetchpriority=\"high\" decoding=\"async\" width=\"696\" height=\"464\" src=\"https:\/\/i0.wp.com\/www.agenciasp.sp.gov.br\/wp-content\/uploads\/2026\/06\/55311492972_027c8a5a8d_k-1024x683.jpg?resize=696%2C464&#038;ssl=1\" alt=\"\" class=\"wp-image-149683 lazy\" srcset=\"https:\/\/www.agenciasp.sp.gov.br\/wp-content\/uploads\/2026\/06\/55311492972_027c8a5a8d_k-1024x683.jpg 1024w, https:\/\/www.agenciasp.sp.gov.br\/wp-content\/uploads\/2026\/06\/55311492972_027c8a5a8d_k-300x200.jpg 300w, https:\/\/www.agenciasp.sp.gov.br\/wp-content\/uploads\/2026\/06\/55311492972_027c8a5a8d_k-768x512.jpg 768w, https:\/\/www.agenciasp.sp.gov.br\/wp-content\/uploads\/2026\/06\/55311492972_027c8a5a8d_k-1536x1024.jpg 1536w, https:\/\/www.agenciasp.sp.gov.br\/wp-content\/uploads\/2026\/06\/55311492972_027c8a5a8d_k-150x100.jpg 150w, https:\/\/www.agenciasp.sp.gov.br\/wp-content\/uploads\/2026\/06\/55311492972_027c8a5a8d_k.jpg 2048w\" data-sizes=\"(max-width: 1024px) 100vw, 1024px\"\/><figcaption class=\"wp-element-caption\"><em>Governo de S\u00e3o Paulo j\u00e1 entregou 86 mil moradias e t\u00eam mais 116 mil em constru\u00e7\u00e3o  Foto: Divulga\u00e7\u00e3o\/Governo de SP<\/em><\/figcaption><\/figure>\n<p class=\"wp-block-paragraph\">O acesso \u00e0 moradia digna avan\u00e7ou de forma significativa nos \u00faltimos anos. O Governo de S\u00e3o Paulo j\u00e1 entregou 86 mil moradias e mant\u00e9m outras 116 mil em constru\u00e7\u00e3o, n\u00fameros que representam uma das maiores frentes habitacionais j\u00e1 realizadas no estado.<\/p>\n<p class=\"wp-block-paragraph\">Principal instrumento dessa pol\u00edtica, o Casa Paulista tornou-se o maior programa habitacional da hist\u00f3ria de S\u00e3o Paulo. O programa re\u00fane iniciativas voltadas \u00e0 amplia\u00e7\u00e3o do acesso \u00e0 casa pr\u00f3pria, promovendo seguran\u00e7a habitacional e melhores condi\u00e7\u00f5es de vida para milhares de fam\u00edlias.<\/p>\n<p class=\"wp-block-paragraph\">Em m\u00e9dia, 70 fam\u00edlias realizam o sonho da casa pr\u00f3pria todos os dias. Entre os exemplos mais emblem\u00e1ticos est\u00e1 o reassentamento de mais de 800 fam\u00edlias da antiga Favela do Moinho, encerrando uma espera de d\u00e9cadas e proporcionando moradia definitiva, seguran\u00e7a e dignidade ap\u00f3s mais de 30 anos de vulnerabilidade social.<\/p>\n<h3 class=\"wp-block-heading\"><strong>Educa\u00e7\u00e3o: mais oportunidades e experi\u00eancias in\u00e9ditas para os estudantes<\/strong><\/h3>\n<figure class=\"wp-block-image size-large\"><img data-recalc-dims=\"1\" loading=\"lazy\" decoding=\"async\" width=\"696\" height=\"464\" src=\"https:\/\/i0.wp.com\/www.agenciasp.sp.gov.br\/wp-content\/uploads\/2026\/01\/55020016767_07bb4006d1_k-1024x682.jpg?resize=696%2C464&#038;ssl=1\" alt=\"\" class=\"wp-image-109114 lazy\" srcset=\"https:\/\/www.agenciasp.sp.gov.br\/wp-content\/uploads\/2026\/01\/55020016767_07bb4006d1_k-1024x682.jpg 1024w, https:\/\/www.agenciasp.sp.gov.br\/wp-content\/uploads\/2026\/01\/55020016767_07bb4006d1_k-300x200.jpg 300w, https:\/\/www.agenciasp.sp.gov.br\/wp-content\/uploads\/2026\/01\/55020016767_07bb4006d1_k-768x511.jpg 768w, https:\/\/www.agenciasp.sp.gov.br\/wp-content\/uploads\/2026\/01\/55020016767_07bb4006d1_k-1536x1022.jpg 1536w, https:\/\/www.agenciasp.sp.gov.br\/wp-content\/uploads\/2026\/01\/55020016767_07bb4006d1_k-150x100.jpg 150w, https:\/\/www.agenciasp.sp.gov.br\/wp-content\/uploads\/2026\/01\/55020016767_07bb4006d1_k.jpg 2048w\" data-sizes=\"(max-width: 1024px) 100vw, 1024px\"\/><figcaption class=\"wp-element-caption\"><em>O Prontos pro Mundo leva todos os anos 1.000 estudantes para pa\u00edses de l\u00edngua inglesa. Foto: Divulga\u00e7\u00e3o\/Governo de SP<\/em><\/figcaption><\/figure>\n<p class=\"wp-block-paragraph\">A educa\u00e7\u00e3o estadual tamb\u00e9m registra avan\u00e7os, com foco na amplia\u00e7\u00e3o de oportunidades e na melhoria da infraestrutura escolar. Pela primeira vez na hist\u00f3ria da rede estadual, estudantes passaram a participar de interc\u00e2mbios internacionais por meio do programa Prontos pro Mundo. A iniciativa leva 2 mil alunos para estudar ingl\u00eas em cinco destinos internacionais, ampliando horizontes acad\u00eamicos, culturais e profissionais para jovens da rede p\u00fablica.<\/p>\n<p class=\"wp-block-paragraph\">A expans\u00e3o do ensino m\u00e9dio t\u00e9cnico tamb\u00e9m ganhou escala in\u00e9dita. O n\u00famero de vagas foi dobrado nas matr\u00edculas do ensino m\u00e9dio t\u00e9cnico totalizando 321 mil oportunidades, o equivale a um crescimento de 134%. Esse n\u00famero considera a soma das vagas entre a Secretaria da Educa\u00e7\u00e3o e o Centro Paula Souza, fortalecendo a forma\u00e7\u00e3o profissional e aproximando os estudantes das demandas do mercado de trabalho.<\/p>\n<p class=\"wp-block-paragraph\">Na infraestrutura escolar, o estado alcan\u00e7ou o maior n\u00famero de escolas estaduais reformadas da \u00faltima d\u00e9cada. As obras realizadas em 3,5 mil unidades beneficiam diretamente cerca de 1,7 milh\u00e3o de alunos, proporcionando ambientes mais adequados para o aprendizado.<\/p>\n<h3 class=\"wp-block-heading\"><strong>Sa\u00fade: recordes de atendimento e amplia\u00e7\u00e3o da rede assistencial<\/strong><\/h3>\n<figure class=\"wp-block-image size-large\"><img data-recalc-dims=\"1\" loading=\"lazy\" decoding=\"async\" width=\"696\" height=\"464\" src=\"https:\/\/i0.wp.com\/www.agenciasp.sp.gov.br\/wp-content\/uploads\/2025\/12\/54967833158_363df4a8ee_k-1024x683.jpg?resize=696%2C464&#038;ssl=1\" alt=\"\" class=\"wp-image-108873 lazy\" srcset=\"https:\/\/www.agenciasp.sp.gov.br\/wp-content\/uploads\/2025\/12\/54967833158_363df4a8ee_k-1024x683.jpg 1024w, https:\/\/www.agenciasp.sp.gov.br\/wp-content\/uploads\/2025\/12\/54967833158_363df4a8ee_k-300x200.jpg 300w, https:\/\/www.agenciasp.sp.gov.br\/wp-content\/uploads\/2025\/12\/54967833158_363df4a8ee_k-768x512.jpg 768w, https:\/\/www.agenciasp.sp.gov.br\/wp-content\/uploads\/2025\/12\/54967833158_363df4a8ee_k-1536x1024.jpg 1536w, https:\/\/www.agenciasp.sp.gov.br\/wp-content\/uploads\/2025\/12\/54967833158_363df4a8ee_k-150x100.jpg 150w, https:\/\/www.agenciasp.sp.gov.br\/wp-content\/uploads\/2025\/12\/54967833158_363df4a8ee_k.jpg 2048w\" data-sizes=\"(max-width: 1024px) 100vw, 1024px\"\/><figcaption class=\"wp-element-caption\"><em>Atendimento \u00e0 sa\u00fade bateu recorde: 3,5 milh\u00f5es de cirurgias eletivas em todo o estado<\/em> <em>Foto: Divulga\u00e7\u00e3o\/Governo de SP<\/em><\/figcaption><\/figure>\n<p class=\"wp-block-paragraph\">Na sa\u00fade, o Governo de S\u00e3o Paulo promoveu uma amplia\u00e7\u00e3o expressiva da oferta de consultas, exames e cirurgias em todas as regi\u00f5es do estado. Foi alcan\u00e7ado o recorde de 3, 5 milh\u00f5es de cirurgias eletivas, com a retirada de aproximadamente 3,5 mil pacientes das filas desde 2023. O resultado \u00e9 reflexo de uma estrat\u00e9gia voltada \u00e0 amplia\u00e7\u00e3o da capacidade de atendimento e \u00e0 redu\u00e7\u00e3o do tempo de espera para procedimentos.<\/p>\n<p class=\"wp-block-paragraph\">Uma dessas pol\u00edticas p\u00fablicas, que refletiram diretamente na amplia\u00e7\u00e3o da assist\u00eancia, foi a implanta\u00e7\u00e3o da Tabela SUS Paulista. A iniciativa ampliou o financiamento de hospitais filantr\u00f3picos, aut\u00e1rquicos e santas casas, reduziu um d\u00e9ficit financeiro hist\u00f3rico dessas unidades e contribuiu diretamente para a redu\u00e7\u00e3o das filas e a reabertura de leitos em todas as regi\u00f5es do estado. O programa j\u00e1 soma mais de R$ 9,7 bilh\u00f5es em investimentos.<\/p>\n<p class=\"wp-block-paragraph\">A aten\u00e7\u00e3o prim\u00e1ria tamb\u00e9m recebeu refor\u00e7o significativo por meio do IGM SUS Paulista. O estado mais que triplicou o investimento anual nessa \u00e1rea, destinando mais de R$ 1,3 bilh\u00e3o para fortalecer o atendimento b\u00e1sico e ampliar o acesso da popula\u00e7\u00e3o aos servi\u00e7os de sa\u00fade.<\/p>\n<h3 class=\"wp-block-heading\"><strong>Inclus\u00e3o produtiva: nova pol\u00edtica para supera\u00e7\u00e3o da pobreza<\/strong><\/h3>\n<figure class=\"wp-block-image size-large\"><img data-recalc-dims=\"1\" loading=\"lazy\" decoding=\"async\" width=\"696\" height=\"464\" src=\"https:\/\/i0.wp.com\/www.agenciasp.sp.gov.br\/wp-content\/uploads\/2026\/04\/55212042313_cc142c7713_k-1024x683.jpg?resize=696%2C464&#038;ssl=1\" alt=\"\" class=\"wp-image-138819 lazy\" srcset=\"https:\/\/www.agenciasp.sp.gov.br\/wp-content\/uploads\/2026\/04\/55212042313_cc142c7713_k-1024x683.jpg 1024w, https:\/\/www.agenciasp.sp.gov.br\/wp-content\/uploads\/2026\/04\/55212042313_cc142c7713_k-300x200.jpg 300w, https:\/\/www.agenciasp.sp.gov.br\/wp-content\/uploads\/2026\/04\/55212042313_cc142c7713_k-768x512.jpg 768w, https:\/\/www.agenciasp.sp.gov.br\/wp-content\/uploads\/2026\/04\/55212042313_cc142c7713_k-1536x1024.jpg 1536w, https:\/\/www.agenciasp.sp.gov.br\/wp-content\/uploads\/2026\/04\/55212042313_cc142c7713_k-150x100.jpg 150w, https:\/\/www.agenciasp.sp.gov.br\/wp-content\/uploads\/2026\/04\/55212042313_cc142c7713_k.jpg 2048w\" data-sizes=\"(max-width: 1024px) 100vw, 1024px\"\/><figcaption class=\"wp-element-caption\"><em>Programa de combate \u00e0 pobreza integra qualifica\u00e7\u00e3o profissional, gera\u00e7\u00e3o de renda, emprego e prote\u00e7\u00e3o social Foto: Divulga\u00e7\u00e3o\/Governo de SP<\/em><\/figcaption><\/figure>\n<p class=\"wp-block-paragraph\">O combate \u00e0 pobreza passou a contar com uma estrat\u00e9gia estruturada de inclus\u00e3o produtiva. Com o programa SuperA\u00e7\u00e3o SP, o Governo de S\u00e3o Paulo implementou a primeira pol\u00edtica estadual organizada especificamente para promover a supera\u00e7\u00e3o da pobreza por meio da integra\u00e7\u00e3o entre qualifica\u00e7\u00e3o profissional, gera\u00e7\u00e3o de renda, emprego e prote\u00e7\u00e3o social.<\/p>\n<p class=\"wp-block-paragraph\">A iniciativa conecta fam\u00edlias em situa\u00e7\u00e3o de vulnerabilidade a oportunidades de desenvolvimento econ\u00f4mico, acompanhadas por agentes preparados para orientar sua trajet\u00f3ria rumo \u00e0 autonomia financeira e \u00e0 inclus\u00e3o produtiva.<\/p>\n<p class=\"wp-block-paragraph\">A proposta representa uma mudan\u00e7a de abordagem ao integrar diferentes pol\u00edticas p\u00fablicas em uma mesma estrat\u00e9gia voltada \u00e0 constru\u00e7\u00e3o de oportunidades duradouras.<\/p>\n<h3 class=\"wp-block-heading\"><strong>Prote\u00e7\u00e3o \u00e0s mulheres: amplia\u00e7\u00e3o da rede e inova\u00e7\u00e3o no enfrentamento \u00e0 viol\u00eancia<\/strong><\/h3>\n<figure class=\"wp-block-image size-large\"><img data-recalc-dims=\"1\" loading=\"lazy\" decoding=\"async\" width=\"696\" height=\"464\" src=\"https:\/\/i0.wp.com\/www.agenciasp.sp.gov.br\/wp-content\/uploads\/2026\/05\/00059811-1024x683.jpeg?resize=696%2C464&#038;ssl=1\" alt=\"\" class=\"wp-image-143061 lazy\" srcset=\"https:\/\/www.agenciasp.sp.gov.br\/wp-content\/uploads\/2026\/05\/00059811-1024x683.jpeg 1024w, https:\/\/www.agenciasp.sp.gov.br\/wp-content\/uploads\/2026\/05\/00059811-300x200.jpeg 300w, https:\/\/www.agenciasp.sp.gov.br\/wp-content\/uploads\/2026\/05\/00059811-768x512.jpeg 768w, https:\/\/www.agenciasp.sp.gov.br\/wp-content\/uploads\/2026\/05\/00059811-1536x1024.jpeg 1536w, https:\/\/www.agenciasp.sp.gov.br\/wp-content\/uploads\/2026\/05\/00059811-2048x1366.jpeg 2048w, https:\/\/www.agenciasp.sp.gov.br\/wp-content\/uploads\/2026\/05\/00059811-150x100.jpeg 150w\" data-sizes=\"(max-width: 1024px) 100vw, 1024px\"\/><figcaption class=\"wp-element-caption\"><em>SP teve maior expans\u00e3o da rede de Delegacias de Defesa da Mulher j\u00e1 registrada; hoje s\u00e3o 317 servi\u00e7os especializados, entre 144 delegacias e 173 Salas DDM  Foto: Divulga\u00e7\u00e3o\/Governo de SP<\/em><\/figcaption><\/figure>\n<p class=\"wp-block-paragraph\">S\u00e3o Paulo tamb\u00e9m ampliou sua atua\u00e7\u00e3o na prote\u00e7\u00e3o \u00e0s mulheres com medidas in\u00e9ditas e expans\u00e3o dos servi\u00e7os especializados. Pela primeira vez, o estado passou a utilizar o monitoramento eletr\u00f4nico de agressores por meio de tornozeleiras integradas ao aplicativo SP Mulher Segura. A ferramenta permite maior acompanhamento das medidas protetivas e j\u00e1 conta com mais de 61 mil usu\u00e1rias. A expectativa \u00e9 alcan\u00e7ar 2,4 mil equipamentos monitorados at\u00e9 o final do ano.<\/p>\n<p class=\"wp-block-paragraph\">Outro destaque \u00e9 o SP Por Todas, movimento voltado ao fortalecimento da rede de acolhimento, prote\u00e7\u00e3o e promo\u00e7\u00e3o da autonomia profissional e financeira das mulheres.<\/p>\n<p class=\"wp-block-paragraph\">A estrutura de atendimento tamb\u00e9m foi ampliada com a maior expans\u00e3o da rede de Delegacias de Defesa da Mulher j\u00e1 registrada. O crescimento foi de 57%, alcan\u00e7ando 317 servi\u00e7os especializados, entre 144 delegacias e 173 Salas DDM.<\/p>\n<h3 class=\"wp-block-heading\"><strong>Seguran\u00e7a p\u00fablica: tecnologia, intelig\u00eancia e refor\u00e7o do efetivo<\/strong><\/h3>\n<figure class=\"wp-block-image size-large\"><img data-recalc-dims=\"1\" loading=\"lazy\" decoding=\"async\" width=\"696\" height=\"464\" src=\"https:\/\/i0.wp.com\/www.agenciasp.sp.gov.br\/wp-content\/uploads\/2025\/12\/muralha-paulista_54959867980_o-1024x683.jpg?resize=696%2C464&#038;ssl=1\" alt=\"\" class=\"wp-image-101663 lazy\" srcset=\"https:\/\/www.agenciasp.sp.gov.br\/wp-content\/uploads\/2025\/12\/muralha-paulista_54959867980_o-1024x683.jpg 1024w, https:\/\/www.agenciasp.sp.gov.br\/wp-content\/uploads\/2025\/12\/muralha-paulista_54959867980_o-300x200.jpg 300w, https:\/\/www.agenciasp.sp.gov.br\/wp-content\/uploads\/2025\/12\/muralha-paulista_54959867980_o-768x512.jpg 768w, https:\/\/www.agenciasp.sp.gov.br\/wp-content\/uploads\/2025\/12\/muralha-paulista_54959867980_o-1536x1024.jpg 1536w, https:\/\/www.agenciasp.sp.gov.br\/wp-content\/uploads\/2025\/12\/muralha-paulista_54959867980_o-2048x1365.jpg 2048w, https:\/\/www.agenciasp.sp.gov.br\/wp-content\/uploads\/2025\/12\/muralha-paulista_54959867980_o-150x100.jpg 150w\" data-sizes=\"(max-width: 1024px) 100vw, 1024px\"\/><figcaption class=\"wp-element-caption\"><em>Muralha Paulista re\u00fane 125 mil c\u00e2meras e sensores conectados em 612 munic\u00edpios Foto: Divulga\u00e7\u00e3o\/Governo de SP<\/em><\/figcaption><\/figure>\n<p class=\"wp-block-paragraph\">Na \u00e1rea da seguran\u00e7a p\u00fablica, o estado combinou intelig\u00eancia policial, integra\u00e7\u00e3o entre \u00f3rg\u00e3os e amplia\u00e7\u00e3o do efetivo para fortalecer o combate ao crime.<\/p>\n<p class=\"wp-block-paragraph\">O estado de S\u00e3o Paulo vem consolidando uma trajet\u00f3ria consistente de redu\u00e7\u00e3o hist\u00f3rica dos principais indicadores criminais desde 2023. O resultado \u00e9 fruto de uma pol\u00edtica p\u00fablica que combina intelig\u00eancia, tecnologia, inova\u00e7\u00e3o, integra\u00e7\u00e3o entre as for\u00e7as de seguran\u00e7a e fortalecimento do efetivo policial.\u00a0<\/p>\n<p class=\"wp-block-paragraph\">Um dos principais pilares dessa estrat\u00e9gia \u00e9 o programa Muralha Paulista, pol\u00edtica p\u00fablica desenvolvida para integra\u00e7\u00e3o dos n\u00edveis estadual e municipal de seguran\u00e7a. A iniciativa cria uma rede inteligente de monitoramento capaz de dificultar a mobilidade criminal e ampliar a capacidade de resposta das for\u00e7as de seguran\u00e7a. Atualmente, 612munic\u00edpios aderiram aoprograma e 228j\u00e1 est\u00e3o totalmente integrados. A estrutura re\u00fane 125 mil c\u00e2meras e sensores conectados e recebeu investimentos de R$ 440 milh\u00f5es.<\/p>\n<p class=\"wp-block-paragraph\">Outro marco foi a desmobiliza\u00e7\u00e3o dos fluxos permanentes da Cracol\u00e2ndia. O processo, conclu\u00eddo por meio de uma estrat\u00e9gia integrada que reuniu a\u00e7\u00f5es de combate ao tr\u00e1fico de drogas, acolhimento em sa\u00fade e assist\u00eancia social, completou um ano em maio de 2026. No in\u00edcio da gest\u00e3o, a regi\u00e3o chegou a concentrar cerca de 3 mil frequentadores.<\/p>\n<p class=\"wp-block-paragraph\">O Governo de S\u00e3o Paulo tamb\u00e9m promoveu a maior recomposi\u00e7\u00e3o das for\u00e7as de seguran\u00e7a dos \u00faltimos 20 anos. Desde 2023, mais de 16 mil novos policiais j\u00e1 est\u00e3o atuando nas ruas em todo o estado. At\u00e9 o fim da gest\u00e3o, o n\u00famero de novos agentes chegar\u00e1 a 26 mil, fortalecendo a presen\u00e7a policial.\u00a0\u00a0<\/p>\n<h3 class=\"wp-block-heading\"><strong>Saneamento: investimentos recordes e antecipa\u00e7\u00e3o da universaliza\u00e7\u00e3o<\/strong><\/h3>\n<p class=\"wp-block-paragraph\">Os investimentos em saneamento b\u00e1sico alcan\u00e7aram uma dimens\u00e3o in\u00e9dita no estado. A pol\u00edtica de expans\u00e3o da infraestrutura do setor j\u00e1 beneficiou 3,8 milh\u00f5es de pessoas em apenas dois anos.<\/p>\n<p class=\"wp-block-paragraph\">A desestatiza\u00e7\u00e3o da Sabesp viabilizou um plano de investimentos de R$ 260 bilh\u00f5es, com a meta de antecipar a universaliza\u00e7\u00e3o do saneamento para 2029. O avan\u00e7o representa a amplia\u00e7\u00e3o do acesso aos servi\u00e7os de \u00e1gua e esgoto, com impactos diretos na sa\u00fade p\u00fablica, na qualidade ambiental e na qualidade de vida da popula\u00e7\u00e3o.<\/p>\n<p class=\"wp-block-paragraph\">Outro destaque \u00e9 a Tarifa Social Paulista, que dobrou o n\u00famero de benefici\u00e1rios em apenas um ano. Atualmente, cerca de 6 milh\u00f5es de pessoas s\u00e3o contempladas pela iniciativa, que oferece descontos de at\u00e9 78% nas contas de \u00e1gua e esgoto para fam\u00edlias eleg\u00edveis.<\/p>\n<h3 class=\"wp-block-heading\"><strong>Desenvolvimento econ\u00f4mico: lideran\u00e7a nacional na gera\u00e7\u00e3o de oportunidades<\/strong><\/h3>\n<p class=\"wp-block-paragraph\">Os indicadores econ\u00f4micos refor\u00e7am o protagonismo paulista na gera\u00e7\u00e3o de empregos, renda e investimentos. Em 2025, S\u00e3o Paulo registrou um novo recorde anual na abertura de empresas, com 405 mil novos neg\u00f3cios formalizados. O resultado supera em 10% o recorde anterior, alcan\u00e7ado em 2024, e confirma o estado como principal polo de desenvolvimento econ\u00f4mico do pa\u00eds.<\/p>\n<p class=\"wp-block-paragraph\">O dinamismo da economia paulista tamb\u00e9m se reflete no mercado de trabalho. Nos \u00faltimos tr\u00eas anos e meio, o estado criou mais de 1,3 milh\u00e3o de novos postos de trabalho. O desempenho reflete um ambiente favor\u00e1vel ao empreendedorismo, \u00e0 atra\u00e7\u00e3o de investimentos e \u00e0 cria\u00e7\u00e3o de oportunidades em diferentes setores da economia, fortalecendo a gera\u00e7\u00e3o de renda e impulsionando o crescimento regional.<\/p>\n<\/p><\/div>\n<p><br \/>\n<br \/><a href=\"https:\/\/www.agenciasp.sp.gov.br\/dos-recordes-em-moradia-ao-avanco-do-saneamento-os-avancos-ineditos-que-marcaram-a-agenda-de-transformacao-nos-ultimos-tres-anos-e-meio-em-sp\/\" rel=\"noopener\">Informa\u00e7\u00f5es GOV.SP<\/a><\/p>\n","protected":false},"excerpt":{"rendered":"<p>Mais de 83 mil moradias entregues, 405 mil novas empresas abertas em um \u00fanico ano, 1,7 milh\u00e3o de alunos beneficiados por reformas em escolas estaduais, 3,5 milh\u00f5es de cirurgias eletivas, R$ 260 bilh\u00f5es contratados para expandir o saneamento e mais de 16 mil novos policiais incorporados \u00e0s for\u00e7as de seguran\u00e7a.\u00a0 Os n\u00fameros ajudam a dimensionar [&hellip;]<\/p>\n","protected":false},"author":1,"featured_media":68956,"comment_status":"","ping_status":"open","sticky":false,"template":"","format":"standard","meta":{"_jetpack_newsletter_access":"","_jetpack_dont_email_post_to_subs":false,"_jetpack_newsletter_tier_id":0,"_jetpack_memberships_contains_paywalled_content":false,"_mbp_banners":[],"_jetpack_feature_clip_id":0,"_jetpack_memberships_contains_paid_content":false,"footnotes":"","jetpack_publicize_message":"","jetpack_publicize_feature_enabled":true,"jetpack_social_post_already_shared":true,"jetpack_social_options":{"image_generator_settings":{"template":"highway","default_image_id":0,"font":"","enabled":false},"version":2},"jetpack_post_was_ever_published":false},"categories":[21],"tags":[],"class_list":["post-68955","post","type-post","status-publish","format-standard","has-post-thumbnail","category-sp-news"],"jetpack_publicize_connections":[],"jetpack-related-posts":[],"jetpack_shortlink":"https:\/\/wp.me\/p7Eq1F-hWb","jetpack_sharing_enabled":true,"jetpack_featured_media_url":"https:\/\/i0.wp.com\/guialimeira.com.br\/news\/wp-content\/uploads\/2026\/06\/Dos-recordes-em-moradia-ao-avanco-do-saneamento-os-avancos.jpg?fit=1024%2C683&ssl=1","_links":{"self":[{"href":"https:\/\/guialimeira.com.br\/news\/wp-json\/wp\/v2\/posts\/68955","targetHints":{"allow":["GET"]}}],"collection":[{"href":"https:\/\/guialimeira.com.br\/news\/wp-json\/wp\/v2\/posts"}],"about":[{"href":"https:\/\/guialimeira.com.br\/news\/wp-json\/wp\/v2\/types\/post"}],"author":[{"embeddable":true,"href":"https:\/\/guialimeira.com.br\/news\/wp-json\/wp\/v2\/users\/1"}],"replies":[{"embeddable":true,"href":"https:\/\/guialimeira.com.br\/news\/wp-json\/wp\/v2\/comments?post=68955"}],"version-history":[{"count":0,"href":"https:\/\/guialimeira.com.br\/news\/wp-json\/wp\/v2\/posts\/68955\/revisions"}],"wp:featuredmedia":[{"embeddable":true,"href":"https:\/\/guialimeira.com.br\/news\/wp-json\/wp\/v2\/media\/68956"}],"wp:attachment":[{"href":"https:\/\/guialimeira.com.br\/news\/wp-json\/wp\/v2\/media?parent=68955"}],"wp:term":[{"taxonomy":"category","embeddable":true,"href":"https:\/\/guialimeira.com.br\/news\/wp-json\/wp\/v2\/categories?post=68955"},{"taxonomy":"post_tag","embeddable":true,"href":"https:\/\/guialimeira.com.br\/news\/wp-json\/wp\/v2\/tags?post=68955"}],"curies":[{"name":"wp","href":"https:\/\/api.w.org\/{rel}","templated":true}]}}