{"id":6894,"date":"2024-05-29T13:37:45","date_gmt":"2024-05-29T16:37:45","guid":{"rendered":"https:\/\/guialimeira.com.br\/2024\/05\/29\/sessao-ordinaria-camara-tem-quatro-projetos-na-pauta-desta-segunda-feira-3-6\/"},"modified":"2024-05-29T13:37:45","modified_gmt":"2024-05-29T16:37:45","slug":"sessao-ordinaria-camara-tem-quatro-projetos-na-pauta-desta-segunda-feira-3-6","status":"publish","type":"post","link":"https:\/\/guialimeira.com.br\/news\/sessao-ordinaria-camara-tem-quatro-projetos-na-pauta-desta-segunda-feira-3-6\/","title":{"rendered":"Sess\u00e3o ordin\u00e1ria: C\u00e2mara tem quatro projetos na pauta desta segunda-feira (3\/6)"},"content":{"rendered":"<p> <br \/>\n<\/p>\n<div>\n<p>Durante a sess\u00e3o ordin\u00e1ria desta segunda-feira, 3 de junho, quatro projetos v\u00e3o \u00e0 vota\u00e7\u00e3o de acordo com a <a href=\"http:\/\/consulta.limeira.sp.leg.br\/Sessoes\/Documento\/347419\" rel=\"noopener\">Ordem do Dia<\/a> da C\u00e2mara Municipal. Os trabalhos s\u00e3o transmitidos ao vivo pelos canais de comunica\u00e7\u00e3o do Legislativo no <a href=\"https:\/\/www.youtube.com\/user\/camaradelimeira\" rel=\"noopener\">Youtube<\/a>,<a href=\"https:\/\/www.facebook.com\/camaradelimeira\/\" rel=\"noopener\"> Facebook<\/a> e<a href=\"http:\/\/www.limeira.sp.leg.br\/sessoes\/aovivo\" rel=\"noopener\"> site<\/a>, e pela R\u00e1dio Limeira FM 106,9, a partir das 16h.\u00a0<\/p>\n<p>Tamb\u00e9m \u00e9 poss\u00edvel acompanhar a sess\u00e3o presencialmente no Plen\u00e1rio Vereador Vit\u00f3rio Bortolan, na C\u00e2mara, que fica na rua Pedro Zaccaria, 70, Jardim Santa Luiza. Para entrar no pr\u00e9dio basta apresentar documento de identifica\u00e7\u00e3o com foto.<\/p>\n<p>Confira os itens pautados para a pr\u00f3xima sess\u00e3o:<\/p>\n<p><a href=\"http:\/\/consulta.limeira.sp.leg.br\/Documentos\/Documento\/290651\" rel=\"noopener\">Projeto de Lei N\u00b0132\/2022<\/a>, do vereador Elias Barbosa (PRTB), altera o inciso IV, art. 2\u00b0, da <a href=\"http:\/\/legislacao.limeira.sp.leg.br\/Limeira-SP\/LeisOrdinarias\/5206-2013\" rel=\"noopener\">Lei Ordin\u00e1ria n\u00ba 5206\/2013<\/a>, que disp\u00f5e sobre a cria\u00e7\u00e3o do Programa \u201cCreche com Fila \u00danica\u201d na Rede Municipal de ensino p\u00fablico infantil.\u00a0<\/p>\n<p><a href=\"http:\/\/consulta.limeira.sp.leg.br\/Documentos\/Documento\/324322\" rel=\"noopener\">Projeto de Lei N\u00b0 133\/2023<\/a>, da vereadora Mariana Calsa (MDB), altera o art. 1\u00ba, acrescenta os artigos 1\u00ba-A, 1\u00ba-B, 1\u00ba-C, 1\u00ba-D, 1\u00ba-E, 1\u00ba-F, 1\u00ba-G e 1\u00ba-H \u00e0 <a href=\"http:\/\/legislacao.limeira.sp.leg.br\/Limeira-SP\/LeisOrdinarias\/6314-2019\" rel=\"noopener\">Lei Ordin\u00e1ria N\u00ba 6.314\/2019<\/a>, disp\u00f5e sobre o pagamento da tarifa e da aquisi\u00e7\u00e3o de passes no sistema de bilhetagem por meio de cart\u00f5es de d\u00e9bito e\/ou cr\u00e9dito, inclusive por aproxima\u00e7\u00e3o, nos ve\u00edculos automotores de transporte coletivo das empresas de concession\u00e1rias de servi\u00e7o p\u00fablico.<\/p>\n<p><a href=\"http:\/\/consulta.limeira.sp.leg.br\/Documentos\/Documento\/341181\" rel=\"noopener\">Projeto de Lei N\u00b036\/2024<\/a>, do vereador Dr. J\u00falio (MDB), institui no Calend\u00e1rio Oficial do Munic\u00edpio o Dia Municipal do Cooperativismo.<\/p>\n<p><a href=\"http:\/\/consulta.limeira.sp.leg.br\/Documentos\/Documento\/345447\" rel=\"noopener\">Projeto de Lei N\u00b0 65\/2024<\/a>, do vereador Jos\u00e9 Farid Zaine (PL), inclui no Calend\u00e1rio Oficial de Eventos do Munic\u00edpio a Festa da Primavera do Cantinho do Vov\u00f4.<\/p>\n<\/p><\/div>\n<p><br \/>\n<br \/><a href=\"https:\/\/www.limeira.sp.leg.br\/noticias\/view\/2024-05-29_sessao-ordinaria-camara-tem-quatro-projetos-na-pauta-desta-segundafeira-36\" rel=\"noopener\">Informa\u00e7\u00f5es CML<\/a><\/p>\n","protected":false},"excerpt":{"rendered":"<p>Durante a sess\u00e3o ordin\u00e1ria desta segunda-feira, 3 de junho, quatro projetos v\u00e3o \u00e0 vota\u00e7\u00e3o de acordo com a Ordem do Dia da C\u00e2mara Municipal. Os trabalhos s\u00e3o transmitidos ao vivo pelos canais de comunica\u00e7\u00e3o do Legislativo no Youtube, Facebook e site, e pela R\u00e1dio Limeira FM 106,9, a partir das 16h.\u00a0 Tamb\u00e9m \u00e9 poss\u00edvel acompanhar [&hellip;]<\/p>\n","protected":false},"author":1,"featured_media":0,"comment_status":"open","ping_status":"open","sticky":false,"template":"","format":"standard","meta":{"_jetpack_newsletter_access":"","_jetpack_dont_email_post_to_subs":false,"_jetpack_newsletter_tier_id":0,"_jetpack_memberships_contains_paywalled_content":false,"_mbp_banners":[],"_jetpack_feature_clip_id":0,"_jetpack_memberships_contains_paid_content":false,"footnotes":"","jetpack_publicize_message":"","jetpack_publicize_feature_enabled":true,"jetpack_social_post_already_shared":true,"jetpack_social_options":{"image_generator_settings":{"template":"highway","default_image_id":0,"font":"","enabled":false},"version":2},"jetpack_post_was_ever_published":false},"categories":[19],"tags":[],"class_list":["post-6894","post","type-post","status-publish","format-standard","category-politica"],"jetpack_publicize_connections":[],"jetpack-related-posts":[],"jetpack_shortlink":"https:\/\/wp.me\/p7Eq1F-1Nc","jetpack_sharing_enabled":true,"jetpack_featured_media_url":"","_links":{"self":[{"href":"https:\/\/guialimeira.com.br\/news\/wp-json\/wp\/v2\/posts\/6894","targetHints":{"allow":["GET"]}}],"collection":[{"href":"https:\/\/guialimeira.com.br\/news\/wp-json\/wp\/v2\/posts"}],"about":[{"href":"https:\/\/guialimeira.com.br\/news\/wp-json\/wp\/v2\/types\/post"}],"author":[{"embeddable":true,"href":"https:\/\/guialimeira.com.br\/news\/wp-json\/wp\/v2\/users\/1"}],"replies":[{"embeddable":true,"href":"https:\/\/guialimeira.com.br\/news\/wp-json\/wp\/v2\/comments?post=6894"}],"version-history":[{"count":0,"href":"https:\/\/guialimeira.com.br\/news\/wp-json\/wp\/v2\/posts\/6894\/revisions"}],"wp:attachment":[{"href":"https:\/\/guialimeira.com.br\/news\/wp-json\/wp\/v2\/media?parent=6894"}],"wp:term":[{"taxonomy":"category","embeddable":true,"href":"https:\/\/guialimeira.com.br\/news\/wp-json\/wp\/v2\/categories?post=6894"},{"taxonomy":"post_tag","embeddable":true,"href":"https:\/\/guialimeira.com.br\/news\/wp-json\/wp\/v2\/tags?post=6894"}],"curies":[{"name":"wp","href":"https:\/\/api.w.org\/{rel}","templated":true}]}}