{"id":68937,"date":"2026-06-13T16:14:46","date_gmt":"2026-06-13T19:14:46","guid":{"rendered":"https:\/\/guialimeira.com.br\/prefeitura-processara-o-governo-federal-na-justica-apos-morte-na-ponte-do-esqueleto\/"},"modified":"2026-06-13T16:14:46","modified_gmt":"2026-06-13T19:14:46","slug":"prefeitura-processara-o-governo-federal-na-justica-apos-morte-na-ponte-do-esqueleto","status":"publish","type":"post","link":"https:\/\/guialimeira.com.br\/news\/prefeitura-processara-o-governo-federal-na-justica-apos-morte-na-ponte-do-esqueleto\/","title":{"rendered":"Prefeitura processar\u00e1 o Governo Federal na Justi\u00e7a ap\u00f3s morte na Ponte do Esqueleto"},"content":{"rendered":"<p> <br \/>\n<br \/><img data-recalc-dims=\"1\" decoding=\"async\" src=\"https:\/\/i0.wp.com\/ecrie.com.br\/sistema\/conteudos\/imagem\/m_137_0_1_13062026160811.jpeg?w=696&#038;ssl=1\" \/><\/p>\n<p style=\"text-align: justify\">A Prefeitura de Limeira informa que vai processar o Governo Federal na Justi&ccedil;a diante da omiss&atilde;o sobre a Ponte do Esqueleto. Desde o in&iacute;cio de 2025, a administra&ccedil;&atilde;o municipal vinha adotando medidas administrativas e cobrando provid&ecirc;ncias junto aos &oacute;rg&atilde;os federais respons&aacute;veis pela &aacute;rea. A trag&eacute;dia deste s&aacute;bado (13), que resultou na morte de uma jovem de 21 anos, torna insustent&aacute;vel e inaceit&aacute;vel a continuidade dessa omiss&atilde;o.<\/p>\n<p style=\"text-align: justify\">A responsabilidade pela fiscaliza&ccedil;&atilde;o, manuten&ccedil;&atilde;o e controle de acesso &agrave; Ponte do Esqueleto &eacute; exclusivamente do Governo Federal. A administra&ccedil;&atilde;o municipal e a C&acirc;mara Municipal, por iniciativa da vereadora Bruna Magalh&atilde;es, j&aacute; haviam encaminhado of&iacute;cios aos &oacute;rg&atilde;os respons&aacute;veis cobrando medidas de seguran&ccedil;a. Nenhuma provid&ecirc;ncia concreta foi adotada.<\/p>\n<p style=\"text-align: justify\">&#8220;Al&eacute;m das circunst&acirc;ncias que levaram &agrave; morte da jovem, &eacute; preciso apurar a responsabilidade pela falta de controle de acesso a uma &aacute;rea federal que, h&aacute; anos, apresenta riscos conhecidos e segue sem as medidas de prote&ccedil;&atilde;o necess&aacute;rias. A Prefeitura e a C&acirc;mara v&ecirc;m cobrando provid&ecirc;ncias h&aacute; meses para que o Governo Federal assuma sua responsabilidade. Infelizmente, a omiss&atilde;o federal acaba de resultar em mais uma trag&eacute;dia em Limeira&#8221;, afirmou o prefeito Murilo F&eacute;lix.<\/p>\n<p style=\"text-align: justify\">Segundo a Pol&iacute;cia Militar, a morte aconteceu durante atividade de bungee jump promovida por uma empresa privada, que n&atilde;o amarrou a corda na jovem antes do salto. O Samu foi acionado e constatou parada cardiorrespirat&oacute;ria e &oacute;bito no local. O corpo foi encaminhado ao Instituto M&eacute;dico Legal. Ap&oacute;s o incidente, a PM deteve seis pessoas ligadas &agrave; organiza&ccedil;&atilde;o da atividade.<\/p>\n<p style=\"text-align: justify\">A Prefeitura apoiar&aacute; a Pol&iacute;cia Civil nas investiga&ccedil;&otilde;es e se solidariza com os familiares e amigos da v&iacute;tima.<\/p>\n<p><br \/>\n<br \/><a href=\"https:\/\/limeira.sp.gov.br\/prefeitura-processara-o-governo-federal-na-justica-apos-morte-na-ponte-do-esqueleto\" rel=\"noopener\">Informa\u00e7\u00f5es da PML <\/a><\/p>\n","protected":false},"excerpt":{"rendered":"<p>A Prefeitura de Limeira informa que vai processar o Governo Federal na Justi&ccedil;a diante da omiss&atilde;o sobre a Ponte do Esqueleto. Desde o in&iacute;cio de 2025, a administra&ccedil;&atilde;o municipal vinha adotando medidas administrativas e cobrando provid&ecirc;ncias junto aos &oacute;rg&atilde;os federais respons&aacute;veis pela &aacute;rea. A trag&eacute;dia deste s&aacute;bado (13), que resultou na morte de uma jovem [&hellip;]<\/p>\n","protected":false},"author":1,"featured_media":68938,"comment_status":"","ping_status":"open","sticky":false,"template":"","format":"standard","meta":{"_jetpack_newsletter_access":"","_jetpack_dont_email_post_to_subs":false,"_jetpack_newsletter_tier_id":0,"_jetpack_memberships_contains_paywalled_content":false,"_mbp_banners":[],"_jetpack_feature_clip_id":0,"_jetpack_memberships_contains_paid_content":false,"footnotes":"","jetpack_publicize_message":"","jetpack_publicize_feature_enabled":true,"jetpack_social_post_already_shared":true,"jetpack_social_options":{"image_generator_settings":{"template":"highway","default_image_id":0,"font":"","enabled":false},"version":2},"jetpack_post_was_ever_published":false},"categories":[16],"tags":[],"class_list":["post-68937","post","type-post","status-publish","format-standard","has-post-thumbnail","category-local"],"jetpack_publicize_connections":[],"jetpack-related-posts":[],"jetpack_shortlink":"https:\/\/wp.me\/p7Eq1F-hVT","jetpack_sharing_enabled":true,"jetpack_featured_media_url":"https:\/\/i0.wp.com\/guialimeira.com.br\/news\/wp-content\/uploads\/2026\/06\/m_137_0_1_13062026160811.jpeg?fit=941%2C530&ssl=1","_links":{"self":[{"href":"https:\/\/guialimeira.com.br\/news\/wp-json\/wp\/v2\/posts\/68937","targetHints":{"allow":["GET"]}}],"collection":[{"href":"https:\/\/guialimeira.com.br\/news\/wp-json\/wp\/v2\/posts"}],"about":[{"href":"https:\/\/guialimeira.com.br\/news\/wp-json\/wp\/v2\/types\/post"}],"author":[{"embeddable":true,"href":"https:\/\/guialimeira.com.br\/news\/wp-json\/wp\/v2\/users\/1"}],"replies":[{"embeddable":true,"href":"https:\/\/guialimeira.com.br\/news\/wp-json\/wp\/v2\/comments?post=68937"}],"version-history":[{"count":0,"href":"https:\/\/guialimeira.com.br\/news\/wp-json\/wp\/v2\/posts\/68937\/revisions"}],"wp:featuredmedia":[{"embeddable":true,"href":"https:\/\/guialimeira.com.br\/news\/wp-json\/wp\/v2\/media\/68938"}],"wp:attachment":[{"href":"https:\/\/guialimeira.com.br\/news\/wp-json\/wp\/v2\/media?parent=68937"}],"wp:term":[{"taxonomy":"category","embeddable":true,"href":"https:\/\/guialimeira.com.br\/news\/wp-json\/wp\/v2\/categories?post=68937"},{"taxonomy":"post_tag","embeddable":true,"href":"https:\/\/guialimeira.com.br\/news\/wp-json\/wp\/v2\/tags?post=68937"}],"curies":[{"name":"wp","href":"https:\/\/api.w.org\/{rel}","templated":true}]}}