{"id":68935,"date":"2026-06-13T16:05:38","date_gmt":"2026-06-13T19:05:38","guid":{"rendered":"https:\/\/guialimeira.com.br\/secretaria-de-comunicacao-do-governo-de-sp-passa-a-utilizar-perfil-da-agencia-sp-nas-redes-sociais\/"},"modified":"2026-06-13T16:05:38","modified_gmt":"2026-06-13T19:05:38","slug":"secretaria-de-comunicacao-do-governo-de-sp-passa-a-utilizar-perfil-da-agencia-sp-nas-redes-sociais","status":"publish","type":"post","link":"https:\/\/guialimeira.com.br\/news\/secretaria-de-comunicacao-do-governo-de-sp-passa-a-utilizar-perfil-da-agencia-sp-nas-redes-sociais\/","title":{"rendered":"Secretaria de Comunica\u00e7\u00e3o do Governo de SP passa a utilizar perfil da Ag\u00eancia SP nas redes sociais"},"content":{"rendered":"<p> <br \/>\n<br \/><img data-recalc-dims=\"1\" decoding=\"async\" src=\"https:\/\/i0.wp.com\/www.agenciasp.sp.gov.br\/wp-content\/uploads\/2025\/10\/54874458611_e319cd3cb3_k.jpg?w=696&#038;ssl=1\" \/><\/p>\n<div data-id=\"753696f\" data-element_type=\"widget\" data-e-type=\"widget\" data-widget_type=\"text-editor.default\">\n<p>\n\t\t\t\t\t\t\t\t\tEntre os conte\u00fados produzidos pela Ag\u00eancia SP est\u00e3o reportagens especiais, coberturas de eventos, o videocast SP POD e s\u00e9ries digitais como Ag\u00eancia SP Por Dentro da Obra e Minuto SP; estrutura conta ainda com um est\u00fadio m\u00f3vel (foto). Foto: Divulga\u00e7\u00e3o\/Governo de SP.\t\t\t\t\t\t\t\t<\/p>\n<\/p><\/div>\n<div data-id=\"5a922b4\" data-element_type=\"widget\" data-e-type=\"widget\" data-widget_type=\"theme-post-content.default\">\n<div class=\"elementor-widget-container\">\n<p class=\"wp-block-paragraph\">A Secretaria de Comunica\u00e7\u00e3o do Governo de S\u00e3o Paulo passar\u00e1 a utilizar, a partir da pr\u00f3xima semana, o perfil @agenciaspoficial no Instagram como principal canal de divulga\u00e7\u00e3o de conte\u00fados institucionais nas redes sociais. A mudan\u00e7a fortalece a presen\u00e7a digital da Ag\u00eancia SP, plataforma oficial de not\u00edcias do Governo do Estado, respons\u00e1vel pela produ\u00e7\u00e3o e distribui\u00e7\u00e3o de conte\u00fado jornal\u00edstico e de utilidade p\u00fablica para a popula\u00e7\u00e3o paulista.<\/p>\n<p class=\"wp-block-paragraph\">Vinculada \u00e0 Secretaria de Comunica\u00e7\u00e3o (Secom), a Ag\u00eancia SP foi criada em 2024 com a miss\u00e3o de ampliar a transpar\u00eancia das a\u00e7\u00f5es governamentais e garantir o acesso da popula\u00e7\u00e3o a informa\u00e7\u00f5es de interesse p\u00fablico. A plataforma re\u00fane not\u00edcias, reportagens, v\u00eddeos, podcasts e conte\u00fados multim\u00eddia sobre programas, servi\u00e7os, investimentos e pol\u00edticas p\u00fablicas desenvolvidos pelo Governo de S\u00e3o Paulo.<\/p>\n<p class=\"wp-block-paragraph\">Al\u00e9m de informar a popula\u00e7\u00e3o dos 645 munic\u00edpios paulistas, a Ag\u00eancia SP tamb\u00e9m atua como fonte oficial de informa\u00e7\u00e3o para ve\u00edculos de comunica\u00e7\u00e3o de todo o estado, oferecendo conte\u00fado produzido com agilidade e precis\u00e3o. A iniciativa busca aproximar o cidad\u00e3o das a\u00e7\u00f5es do poder p\u00fablico e facilitar o acesso a servi\u00e7os, orienta\u00e7\u00f5es e informa\u00e7\u00f5es essenciais para o dia a dia.<\/p>\n<p class=\"wp-block-paragraph\">Entre os conte\u00fados produzidos pela Ag\u00eancia SP est\u00e3o reportagens especiais, coberturas de eventos, o videocast SP POD e s\u00e9ries digitais como Ag\u00eancia SP Por Dentro da Obra e Minuto SP. A estrutura conta ainda com um est\u00fadio m\u00f3vel, que amplia a produ\u00e7\u00e3o regional de conte\u00fado e fortalece a divulga\u00e7\u00e3o de a\u00e7\u00f5es e servi\u00e7os p\u00fablicos em todas as regi\u00f5es do estado.<\/p>\n<p class=\"wp-block-paragraph\">A Ag\u00eancia SP foi oficializada pela Resolu\u00e7\u00e3o n\u00ba 4\/2024, publicada no Di\u00e1rio Oficial do Estado, que tamb\u00e9m estabeleceu diretrizes e boas pr\u00e1ticas para o funcionamento da plataforma. Desde sua cria\u00e7\u00e3o, a iniciativa tem contribu\u00eddo para consolidar uma comunica\u00e7\u00e3o p\u00fablica mais acess\u00edvel, transparente e conectada \u00e0s demandas da popula\u00e7\u00e3o.<\/p>\n<\/p><\/div>\n<\/p><\/div>\n<p><br \/>\n<br \/><a href=\"https:\/\/www.agenciasp.sp.gov.br\/secretaria-de-comunicacao-do-governo-de-sp-passa-a-utilizar-perfil-da-agencia-sp-nas-redes-sociais\/\" rel=\"noopener\">Informa\u00e7\u00f5es GOV.SP<\/a><\/p>\n","protected":false},"excerpt":{"rendered":"<p>Entre os conte\u00fados produzidos pela Ag\u00eancia SP est\u00e3o reportagens especiais, coberturas de eventos, o videocast SP POD e s\u00e9ries digitais como Ag\u00eancia SP Por Dentro da Obra e Minuto SP; estrutura conta ainda com um est\u00fadio m\u00f3vel (foto). Foto: Divulga\u00e7\u00e3o\/Governo de SP. A Secretaria de Comunica\u00e7\u00e3o do Governo de S\u00e3o Paulo passar\u00e1 a utilizar, a [&hellip;]<\/p>\n","protected":false},"author":1,"featured_media":68936,"comment_status":"","ping_status":"open","sticky":false,"template":"","format":"standard","meta":{"_jetpack_newsletter_access":"","_jetpack_dont_email_post_to_subs":false,"_jetpack_newsletter_tier_id":0,"_jetpack_memberships_contains_paywalled_content":false,"_mbp_banners":[],"_jetpack_feature_clip_id":0,"_jetpack_memberships_contains_paid_content":false,"footnotes":"","jetpack_publicize_message":"","jetpack_publicize_feature_enabled":true,"jetpack_social_post_already_shared":true,"jetpack_social_options":{"image_generator_settings":{"template":"highway","default_image_id":0,"font":"","enabled":false},"version":2},"jetpack_post_was_ever_published":false},"categories":[21],"tags":[],"class_list":["post-68935","post","type-post","status-publish","format-standard","has-post-thumbnail","category-sp-news"],"jetpack_publicize_connections":[],"jetpack-related-posts":[],"jetpack_shortlink":"https:\/\/wp.me\/p7Eq1F-hVR","jetpack_sharing_enabled":true,"jetpack_featured_media_url":"https:\/\/i0.wp.com\/guialimeira.com.br\/news\/wp-content\/uploads\/2026\/06\/Secretaria-de-Comunicacao-do-Governo-de-SP-passa-a-utilizar.jpg?fit=2048%2C1365&ssl=1","_links":{"self":[{"href":"https:\/\/guialimeira.com.br\/news\/wp-json\/wp\/v2\/posts\/68935","targetHints":{"allow":["GET"]}}],"collection":[{"href":"https:\/\/guialimeira.com.br\/news\/wp-json\/wp\/v2\/posts"}],"about":[{"href":"https:\/\/guialimeira.com.br\/news\/wp-json\/wp\/v2\/types\/post"}],"author":[{"embeddable":true,"href":"https:\/\/guialimeira.com.br\/news\/wp-json\/wp\/v2\/users\/1"}],"replies":[{"embeddable":true,"href":"https:\/\/guialimeira.com.br\/news\/wp-json\/wp\/v2\/comments?post=68935"}],"version-history":[{"count":0,"href":"https:\/\/guialimeira.com.br\/news\/wp-json\/wp\/v2\/posts\/68935\/revisions"}],"wp:featuredmedia":[{"embeddable":true,"href":"https:\/\/guialimeira.com.br\/news\/wp-json\/wp\/v2\/media\/68936"}],"wp:attachment":[{"href":"https:\/\/guialimeira.com.br\/news\/wp-json\/wp\/v2\/media?parent=68935"}],"wp:term":[{"taxonomy":"category","embeddable":true,"href":"https:\/\/guialimeira.com.br\/news\/wp-json\/wp\/v2\/categories?post=68935"},{"taxonomy":"post_tag","embeddable":true,"href":"https:\/\/guialimeira.com.br\/news\/wp-json\/wp\/v2\/tags?post=68935"}],"curies":[{"name":"wp","href":"https:\/\/api.w.org\/{rel}","templated":true}]}}