{"id":68931,"date":"2026-06-13T15:03:13","date_gmt":"2026-06-13T18:03:13","guid":{"rendered":"https:\/\/guialimeira.com.br\/usp-oferece-bolsas-de-residencia-profissional-na-area-da-saude\/"},"modified":"2026-06-13T15:03:13","modified_gmt":"2026-06-13T18:03:13","slug":"usp-oferece-bolsas-de-residencia-profissional-na-area-da-saude","status":"publish","type":"post","link":"https:\/\/guialimeira.com.br\/news\/usp-oferece-bolsas-de-residencia-profissional-na-area-da-saude\/","title":{"rendered":"USP oferece bolsas de resid\u00eancia profissional na \u00e1rea da sa\u00fade"},"content":{"rendered":"<p> <br \/>\n<br \/><img data-recalc-dims=\"1\" decoding=\"async\" src=\"https:\/\/i0.wp.com\/www.agenciasp.sp.gov.br\/wp-content\/uploads\/2026\/05\/Captura-de-tela-2026-05-27-143637.png?w=696&#038;ssl=1\" \/><\/p>\n<div>\n<p class=\"wp-block-paragraph\">A USP tem inscri\u00e7\u00f5es abertas para o <a href=\"https:\/\/www.fuvest.br\/residencia-area-profissional-da-saude\/\" target=\"_blank\" rel=\"noreferrer noopener\">Programa de Resid\u00eancia em \u00c1rea Profissional da Sa\u00fade<\/a> nas modalidades uniprofissional e multiprofissional, por meio da Pr\u00f3-Reitoria de Cultura e Extens\u00e3o Universit\u00e1ria (PRCEU) e da Comiss\u00e3o de Resid\u00eancia Multiprofissional (Coremu). As inscri\u00e7\u00f5es, assim como a sele\u00e7\u00e3o, ser\u00e3o realizadas pela Fuvest e podem ser efetuadas a partir das 12h do dia 20 de julho at\u00e9 as 12h de 4 de setembro. Os candidatos podem solicitar at\u00e9 o dia 19 de junho o pedido de redu\u00e7\u00e3o do valor para casos previstos na Lei Estadual 12.782\/2007. A taxa de inscri\u00e7\u00e3o \u00e9 de R$ 330.<\/p>\n<p class=\"wp-block-paragraph\"><strong>LEIA TAMB\u00c9M: <\/strong><a href=\"https:\/\/www.agenciasp.sp.gov.br\/governo-de-sp-capacita-medicos-peritos-para-ampliar-acesso-ao-trabalho-para-pessoas-com-deficiencia\/\" rel=\"noopener\">Governo de SP capacita m\u00e9dicos peritos para ampliar acesso ao trabalho para pessoas com defici\u00eancia<\/a><\/p>\n<p class=\"wp-block-paragraph\">Poder\u00e3o participar do programa aqueles que conclu\u00edram ou venham a concluir at\u00e9 28 de fevereiro de 2027 o bacharelado nos seguintes cursos de gradua\u00e7\u00e3o: Biomedicina, Educa\u00e7\u00e3o F\u00edsica, Enfermagem, Farm\u00e1cia, F\u00edsica\/F\u00edsica M\u00e9dica, Fisioterapia, Fonoaudiologia, Medicina Veterin\u00e1ria, Nutri\u00e7\u00e3o, Odontologia, Psicologia, Sa\u00fade P\u00fablica\/Sa\u00fade Coletiva, Servi\u00e7o Social e Terapia Ocupacional.<\/p>\n<p class=\"wp-block-paragraph\">Os selecionados receber\u00e3o bolsas de estudo de R$ 4.106 mensais, financiadas pelo Minist\u00e9rio da Sa\u00fade. As resid\u00eancias, em ambas as modalidades do edital, constituem categoria de ensino de p\u00f3s-gradua\u00e7\u00e3o <em>lato sensu,<\/em> com carga hor\u00e1ria de 60 horas semanais, incluindo plant\u00f5es, e dura\u00e7\u00e3o de dois a tr\u00eas anos.<\/p>\n<p class=\"wp-block-paragraph\">O processo seletivo ocorre em duas etapas. A primeira fase prev\u00ea provas objetiva e dissertativa, no dia 27 de setembro, nos munic\u00edpios de Bauru, Pirassununga, Ribeir\u00e3o Preto e S\u00e3o Paulo. A segunda fase ter\u00e1 uma an\u00e1lise curricular realizada pela comiss\u00e3o do processo seletivo, com base nos documentos a serem anexados no site da Fuvest.\u00a0<\/p>\n<p class=\"wp-block-paragraph\">Mais informa\u00e7\u00f5es e o edital do processo est\u00e3o dispon\u00edveis <a href=\"https:\/\/www.fuvest.br\/residencia-area-profissional-da-saude\/\" target=\"_blank\" rel=\"noreferrer noopener\">neste link<\/a>.<\/p>\n<\/p><\/div>\n<p><br \/>\n<br \/><a href=\"https:\/\/www.agenciasp.sp.gov.br\/usp-oferece-bolsas-residencia-profissional\/\" rel=\"noopener\">Informa\u00e7\u00f5es GOV.SP<\/a><\/p>\n","protected":false},"excerpt":{"rendered":"<p>A USP tem inscri\u00e7\u00f5es abertas para o Programa de Resid\u00eancia em \u00c1rea Profissional da Sa\u00fade nas modalidades uniprofissional e multiprofissional, por meio da Pr\u00f3-Reitoria de Cultura e Extens\u00e3o Universit\u00e1ria (PRCEU) e da Comiss\u00e3o de Resid\u00eancia Multiprofissional (Coremu). As inscri\u00e7\u00f5es, assim como a sele\u00e7\u00e3o, ser\u00e3o realizadas pela Fuvest e podem ser efetuadas a partir das 12h [&hellip;]<\/p>\n","protected":false},"author":1,"featured_media":67401,"comment_status":"","ping_status":"open","sticky":false,"template":"","format":"standard","meta":{"_jetpack_newsletter_access":"","_jetpack_dont_email_post_to_subs":false,"_jetpack_newsletter_tier_id":0,"_jetpack_memberships_contains_paywalled_content":false,"_mbp_banners":[],"_jetpack_feature_clip_id":0,"_jetpack_memberships_contains_paid_content":false,"footnotes":"","jetpack_publicize_message":"","jetpack_publicize_feature_enabled":true,"jetpack_social_post_already_shared":true,"jetpack_social_options":{"image_generator_settings":{"template":"highway","default_image_id":0,"font":"","enabled":false},"version":2},"jetpack_post_was_ever_published":false},"categories":[21],"tags":[],"class_list":["post-68931","post","type-post","status-publish","format-standard","has-post-thumbnail","category-sp-news"],"jetpack_publicize_connections":[],"jetpack-related-posts":[],"jetpack_shortlink":"https:\/\/wp.me\/p7Eq1F-hVN","jetpack_sharing_enabled":true,"jetpack_featured_media_url":"https:\/\/i0.wp.com\/guialimeira.com.br\/news\/wp-content\/uploads\/2026\/05\/Projeto-desenvolvido-no-Hospital-das-Clinicas-de-SP-utiliza-telemedicina.png?fit=1272%2C665&ssl=1","_links":{"self":[{"href":"https:\/\/guialimeira.com.br\/news\/wp-json\/wp\/v2\/posts\/68931","targetHints":{"allow":["GET"]}}],"collection":[{"href":"https:\/\/guialimeira.com.br\/news\/wp-json\/wp\/v2\/posts"}],"about":[{"href":"https:\/\/guialimeira.com.br\/news\/wp-json\/wp\/v2\/types\/post"}],"author":[{"embeddable":true,"href":"https:\/\/guialimeira.com.br\/news\/wp-json\/wp\/v2\/users\/1"}],"replies":[{"embeddable":true,"href":"https:\/\/guialimeira.com.br\/news\/wp-json\/wp\/v2\/comments?post=68931"}],"version-history":[{"count":0,"href":"https:\/\/guialimeira.com.br\/news\/wp-json\/wp\/v2\/posts\/68931\/revisions"}],"wp:featuredmedia":[{"embeddable":true,"href":"https:\/\/guialimeira.com.br\/news\/wp-json\/wp\/v2\/media\/67401"}],"wp:attachment":[{"href":"https:\/\/guialimeira.com.br\/news\/wp-json\/wp\/v2\/media?parent=68931"}],"wp:term":[{"taxonomy":"category","embeddable":true,"href":"https:\/\/guialimeira.com.br\/news\/wp-json\/wp\/v2\/categories?post=68931"},{"taxonomy":"post_tag","embeddable":true,"href":"https:\/\/guialimeira.com.br\/news\/wp-json\/wp\/v2\/tags?post=68931"}],"curies":[{"name":"wp","href":"https:\/\/api.w.org\/{rel}","templated":true}]}}