{"id":68906,"date":"2026-06-13T09:56:07","date_gmt":"2026-06-13T12:56:07","guid":{"rendered":"https:\/\/guialimeira.com.br\/tecnologia-usada-no-coliseu-de-roma-vai-monitorar-conservacao-do-museu-do-ipiranga\/"},"modified":"2026-06-13T09:56:07","modified_gmt":"2026-06-13T12:56:07","slug":"tecnologia-usada-no-coliseu-de-roma-vai-monitorar-conservacao-do-museu-do-ipiranga","status":"publish","type":"post","link":"https:\/\/guialimeira.com.br\/news\/tecnologia-usada-no-coliseu-de-roma-vai-monitorar-conservacao-do-museu-do-ipiranga\/","title":{"rendered":"Tecnologia usada no Coliseu de Roma vai monitorar conserva\u00e7\u00e3o do Museu do Ipiranga"},"content":{"rendered":"<p> <br \/>\n<\/p>\n<div>\n<p class=\"wp-block-paragraph\">A mesma tecnologia de escaneamento a laser tridimensional usada no monitoramento do Coliseu de Roma, na It\u00e1lia, ser\u00e1 utilizada em um projeto de conserva\u00e7\u00e3o do Museu do Ipiranga, em S\u00e3o Paulo. A iniciativa, prevista para come\u00e7ar em julho, foi apresentada pela professora da Faculdade de Arquitetura e Urbanismo e de Design da Universidade de S\u00e3o Paulo (FAU-USP) Beatriz Kuhl durante a <a href=\"https:\/\/fapesp.br\/week\/2026\/london\" target=\"_blank\" rel=\"noreferrer noopener\">FAPESP Week Londres<\/a>, que ocorreu entre 2 e 4 de junho na capital brit\u00e2nica.<\/p>\n<p class=\"wp-block-paragraph\">O projeto prev\u00ea o escaneamento completo do museu, por dentro e por fora. O objetivo \u00e9 analisar o comportamento do edif\u00edcio ap\u00f3s as obras de restaura\u00e7\u00e3o realizadas nos \u00faltimos anos, estabelecer um sistema de monitoramento e, principalmente, criar um modelo de gest\u00e3o da informa\u00e7\u00e3o para fins de conserva\u00e7\u00e3o preventiva baseado na metodologia HBIM (sigla em ingl\u00eas de <em>Historic Building Information Modelling<\/em>). Trata-se de um processo de modelagem 3D para edif\u00edcios e s\u00edtios hist\u00f3ricos que permite introduzir dados sobre as caracter\u00edsticas f\u00edsicas, sistemas e outros elementos dentro de um ambiente digital tridimensional, integrando tecnologias, processos e informa\u00e7\u00f5es de uma edifica\u00e7\u00e3o.<\/p>\n<p class=\"wp-block-paragraph\"><strong>LEIA TAMB\u00c9M: <\/strong><a href=\"https:\/\/www.agenciasp.sp.gov.br\/exposicao-leva-amostra-do-acervo-do-museu-ipiranga-ao-metro-de-sp\/\" rel=\"noopener\">Exposi\u00e7\u00e3o leva amostra do acervo do Museu Ipiranga ao Metr\u00f4 de SP<\/a><\/p>\n<p class=\"wp-block-paragraph\">\u201cA ideia \u00e9 alimentar um sistema HBIM a partir de uma \u00e1rea piloto do museu de modo a permitir a gest\u00e3o da informa\u00e7\u00e3o para fins de conserva\u00e7\u00e3o preventiva\u201d, explicou Kuhl \u00e0 Ag\u00eancia FAPESP.<\/p>\n<figure class=\"wp-block-image size-full\"><img data-recalc-dims=\"1\" fetchpriority=\"high\" decoding=\"async\" width=\"696\" height=\"406\" src=\"https:\/\/i0.wp.com\/www.agenciasp.sp.gov.br\/wp-content\/uploads\/2026\/06\/58303.jpg?resize=696%2C406&#038;ssl=1\" alt=\"\" class=\"wp-image-150381 lazy\" srcset=\"https:\/\/www.agenciasp.sp.gov.br\/wp-content\/uploads\/2026\/06\/58303.jpg 800w, https:\/\/www.agenciasp.sp.gov.br\/wp-content\/uploads\/2026\/06\/58303-300x175.jpg 300w, https:\/\/www.agenciasp.sp.gov.br\/wp-content\/uploads\/2026\/06\/58303-768x448.jpg 768w, https:\/\/www.agenciasp.sp.gov.br\/wp-content\/uploads\/2026\/06\/58303-150x88.jpg 150w\" data-sizes=\"(max-width: 800px) 100vw, 800px\"\/><figcaption class=\"wp-element-caption\">Modelo digital integrado do Museu do Ipiranga: projeto, que come\u00e7a em julho, far\u00e1 o escaneamento completo do edif\u00edcio hist\u00f3rico, por dentro e por fora (imagem: Ipiranga Digital)<\/figcaption><\/figure>\n<p class=\"wp-block-paragraph\">Ap\u00f3s uma d\u00e9cada fechado para o p\u00fablico, o museu, constru\u00eddo entre 1885 e 1890, reabriu suas portas em setembro de 2022.<\/p>\n<p class=\"wp-block-paragraph\">A execu\u00e7\u00e3o t\u00e9cnica do escaneamento ficar\u00e1 a cargo do laborat\u00f3rio Diaprem, da Universidade de Ferrara, na It\u00e1lia, o mesmo que recentemente concluiu o escaneamento do Coliseu e que havia feito um escaneamento do Museu do Ipiranga antes das obras. A parceria entre o grupo italiano, pesquisadores da FAU-USP e do Centro de Preserva\u00e7\u00e3o Cultural da USP (CPC-USP) j\u00e1 tem v\u00e1rios anos de hist\u00f3ria: a mesma equipe realizou o escaneamento do pr\u00f3prio edif\u00edcio da FAU-USP, projetado por Vilanova Artigas, e agora retorna ao Museu do Ipiranga para registrar o estado do monumento ap\u00f3s a restaura\u00e7\u00e3o.<\/p>\n<p class=\"wp-block-paragraph\">A continuidade da parceria \u00e9 estrat\u00e9gica. \u201cPara ter dados de fato compar\u00e1veis, \u00e9 fundamental utilizar a mesma metodologia e os mesmos pontos de refer\u00eancia\u201d, afirmou Kuhl. \u201cDependendo de como o escaneamento \u00e9 feito, ele pode ter muitas imprecis\u00f5es. Se for muito bem planejado, com muita consist\u00eancia, d\u00e1 resultados muito precisos.\u201d<\/p>\n<figure class=\"wp-block-image size-large\"><img data-recalc-dims=\"1\" loading=\"lazy\" decoding=\"async\" width=\"696\" height=\"372\" src=\"https:\/\/i0.wp.com\/www.agenciasp.sp.gov.br\/wp-content\/uploads\/2026\/06\/20260608_beatriz_kuhl_fau-1024x547.jpg?resize=696%2C372&#038;ssl=1\" alt=\"\" class=\"wp-image-150651 lazy\" srcset=\"https:\/\/www.agenciasp.sp.gov.br\/wp-content\/uploads\/2026\/06\/20260608_beatriz_kuhl_fau-1024x547.jpg 1024w, https:\/\/www.agenciasp.sp.gov.br\/wp-content\/uploads\/2026\/06\/20260608_beatriz_kuhl_fau-300x160.jpg 300w, https:\/\/www.agenciasp.sp.gov.br\/wp-content\/uploads\/2026\/06\/20260608_beatriz_kuhl_fau-768x411.jpg 768w, https:\/\/www.agenciasp.sp.gov.br\/wp-content\/uploads\/2026\/06\/20260608_beatriz_kuhl_fau-150x80.jpg 150w, https:\/\/www.agenciasp.sp.gov.br\/wp-content\/uploads\/2026\/06\/20260608_beatriz_kuhl_fau.jpg 1100w\" data-sizes=\"(max-width: 1024px) 100vw, 1024px\"\/><figcaption class=\"wp-element-caption\">De acordo com Beatriz Kuhl, se o escaneamento for muito bem planejado dar\u00e1 resultados muito precisos \u2013 Foto: Elton Alisson\/Ag\u00eancia Fapesp<\/figcaption><\/figure>\n<h3 class=\"wp-block-heading\">Escaneamento peri\u00f3dico<\/h3>\n<p class=\"wp-block-paragraph\">O equipamento \u2013 port\u00e1til, do tamanho de uma caixa de sapatos \u2013 emite raios laser que mapeiam com precis\u00e3o milim\u00e9trica as coordenadas geom\u00e9tricas de cada ponto das superf\u00edcies internas e externas do edif\u00edcio. Al\u00e9m da geometria, o esc\u00e2ner capta o chamado dado de reflet\u00e2ncia: a porcentagem da luz emitida que retorna ao sensor varia conforme o material encontrado, seu grau de umidade ou a presen\u00e7a de mofo.<\/p>\n<p class=\"wp-block-paragraph\">Essa varia\u00e7\u00e3o permite identificar anomalias. \u201cAo conseguir pegar um ponto que est\u00e1 diferente do vizinho e deveria ser igual, \u00e9 poss\u00edvel questionar se aquilo indica alguma manifesta\u00e7\u00e3o patol\u00f3gica\u201d, explicou Kuhl. Os dados resultantes formam uma nuvem de pontos densa que serve tanto para a mem\u00f3ria geom\u00e9trica do edif\u00edcio quanto para o diagn\u00f3stico de problemas estruturais e de conserva\u00e7\u00e3o.<\/p>\n<p class=\"wp-block-paragraph\">O escaneamento ser\u00e1 realizado pauliatinamente, de modo a n\u00e3o interferir no funcionamento do museu. \u201cO esc\u00e2ner funcionar\u00e1 dentro e fora do museu e as atividades ser\u00e3o planejadas de modo a n\u00e3o alterar a rotina de funcionamento. O museu n\u00e3o vai absolutamente ser fechado\u201d, garantiu a pesquisadora.<\/p>\n<figure class=\"wp-block-image size-full\"><img data-recalc-dims=\"1\" loading=\"lazy\" decoding=\"async\" width=\"696\" height=\"340\" src=\"https:\/\/i0.wp.com\/www.agenciasp.sp.gov.br\/wp-content\/uploads\/2026\/06\/n2-meio-2.jpg?resize=696%2C340&#038;ssl=1\" alt=\"\" class=\"wp-image-150382 lazy\" srcset=\"https:\/\/www.agenciasp.sp.gov.br\/wp-content\/uploads\/2026\/06\/n2-meio-2.jpg 800w, https:\/\/www.agenciasp.sp.gov.br\/wp-content\/uploads\/2026\/06\/n2-meio-2-300x147.jpg 300w, https:\/\/www.agenciasp.sp.gov.br\/wp-content\/uploads\/2026\/06\/n2-meio-2-768x375.jpg 768w, https:\/\/www.agenciasp.sp.gov.br\/wp-content\/uploads\/2026\/06\/n2-meio-2-150x73.jpg 150w\" data-sizes=\"(max-width: 800px) 100vw, 800px\"\/><figcaption class=\"wp-element-caption\">A parceria entre o laborat\u00f3rio Diaprem, da Universidade de Ferrara, na It\u00e1lia, pesquisadores da FAU e do Centro de Preserva\u00e7\u00e3o Cultural j\u00e1 tem v\u00e1rios anos de hist\u00f3ria: a mesma equipe realizou o escaneamento do edif\u00edcio da faculdade, projetado por Vilanova Artigas (imagem: FAU-USP)<\/figcaption><\/figure>\n<h3 class=\"wp-block-heading\">Conserva\u00e7\u00e3o preventiva<\/h3>\n<p class=\"wp-block-paragraph\">O projeto do Museu do Ipiranga se insere em uma linha de pesquisa mais ampla que Kuhl desenvolve h\u00e1 anos na FAU-USP, voltada \u00e0 conserva\u00e7\u00e3o preventiva, isto \u00e9, com o objetivo de antecipar e evitar problemas antes que necessitem de interven\u00e7\u00f5es invasivas e custosas.<\/p>\n<p class=\"wp-block-paragraph\">Um projeto anterior, financiado pela Funda\u00e7\u00e3o Getty dentro do programa Keeping It Modern, investigou o estado de conserva\u00e7\u00e3o do edif\u00edcio da FAU-USP e gerou recomenda\u00e7\u00f5es que influenciaram obras pontuais, como um novo sistema de impermeabiliza\u00e7\u00e3o da cobertura e uma rampa de acesso ao edif\u00edcio. Mas Kuhl reconhece que mudar a cultura de manuten\u00e7\u00e3o do patrim\u00f4nio p\u00fablico ainda \u00e9 um desafio.<\/p>\n<p class=\"wp-block-paragraph\">\u201cN\u00f3s ainda n\u00e3o estamos conseguindo agir de forma preventiva, porque tem um passivo grande para enfrentar\u201d, admitiu. Mas essa nova pesquisa visa justamente direcionar para essa finalidade : antever e evitar interven\u00e7\u00f5es mais invasivas.\u201d<\/p>\n<p class=\"wp-block-paragraph\">Para Kuhl, a experi\u00eancia brasileira pode se beneficiar de refer\u00eancias consolidadas, como a Casa de Rui Barbosa, no Rio de Janeiro, onde uma pol\u00edtica sistem\u00e1tica de conserva\u00e7\u00e3o preventiva foi aplicada com sucesso nas duas primeiras d\u00e9cadas deste s\u00e9culo.<\/p>\n<p class=\"wp-block-paragraph\">Do lado te\u00f3rico, o grupo de pesquisa da professora atuar\u00e1 na reflex\u00e3o cr\u00edtica sobre os m\u00e9todos de diagn\u00f3stico avan\u00e7ado e sua articula\u00e7\u00e3o com quest\u00f5es conceituais da conserva\u00e7\u00e3o e com o planejamento de planos de conserva\u00e7\u00e3o. \u201cS\u00e3o duas coisas que se tensionam e que nos ajudam a enxergar os problemas de outra maneira\u201d, concluiu.<\/p>\n<p class=\"wp-block-paragraph\">Para saber mais sobre o projeto, acesse o Ipiranga Digital\u00a0<a href=\"https:\/\/www.ipirangadigital.org\/\" target=\"_blank\" rel=\"noreferrer noopener\">neste link.<\/a><\/p>\n<\/p><\/div>\n<p><br \/>\n<br \/><a href=\"https:\/\/www.agenciasp.sp.gov.br\/tecnologia-coliseu-museu-do-ipiranga\/\" rel=\"noopener\">Informa\u00e7\u00f5es GOV.SP<\/a><\/p>\n","protected":false},"excerpt":{"rendered":"<p>A mesma tecnologia de escaneamento a laser tridimensional usada no monitoramento do Coliseu de Roma, na It\u00e1lia, ser\u00e1 utilizada em um projeto de conserva\u00e7\u00e3o do Museu do Ipiranga, em S\u00e3o Paulo. A iniciativa, prevista para come\u00e7ar em julho, foi apresentada pela professora da Faculdade de Arquitetura e Urbanismo e de Design da Universidade de S\u00e3o [&hellip;]<\/p>\n","protected":false},"author":1,"featured_media":68907,"comment_status":"","ping_status":"open","sticky":false,"template":"","format":"standard","meta":{"_jetpack_newsletter_access":"","_jetpack_dont_email_post_to_subs":false,"_jetpack_newsletter_tier_id":0,"_jetpack_memberships_contains_paywalled_content":false,"_mbp_banners":[],"_jetpack_feature_clip_id":0,"_jetpack_memberships_contains_paid_content":false,"footnotes":"","jetpack_publicize_message":"","jetpack_publicize_feature_enabled":true,"jetpack_social_post_already_shared":true,"jetpack_social_options":{"image_generator_settings":{"template":"highway","default_image_id":0,"font":"","enabled":false},"version":2},"jetpack_post_was_ever_published":false},"categories":[21],"tags":[],"class_list":["post-68906","post","type-post","status-publish","format-standard","has-post-thumbnail","category-sp-news"],"jetpack_publicize_connections":[],"jetpack-related-posts":[],"jetpack_shortlink":"https:\/\/wp.me\/p7Eq1F-hVo","jetpack_sharing_enabled":true,"jetpack_featured_media_url":"https:\/\/i0.wp.com\/guialimeira.com.br\/news\/wp-content\/uploads\/2026\/06\/Tecnologia-usada-no-Coliseu-de-Roma-vai-monitorar-conservacao-do.jpg?fit=800%2C467&ssl=1","_links":{"self":[{"href":"https:\/\/guialimeira.com.br\/news\/wp-json\/wp\/v2\/posts\/68906","targetHints":{"allow":["GET"]}}],"collection":[{"href":"https:\/\/guialimeira.com.br\/news\/wp-json\/wp\/v2\/posts"}],"about":[{"href":"https:\/\/guialimeira.com.br\/news\/wp-json\/wp\/v2\/types\/post"}],"author":[{"embeddable":true,"href":"https:\/\/guialimeira.com.br\/news\/wp-json\/wp\/v2\/users\/1"}],"replies":[{"embeddable":true,"href":"https:\/\/guialimeira.com.br\/news\/wp-json\/wp\/v2\/comments?post=68906"}],"version-history":[{"count":0,"href":"https:\/\/guialimeira.com.br\/news\/wp-json\/wp\/v2\/posts\/68906\/revisions"}],"wp:featuredmedia":[{"embeddable":true,"href":"https:\/\/guialimeira.com.br\/news\/wp-json\/wp\/v2\/media\/68907"}],"wp:attachment":[{"href":"https:\/\/guialimeira.com.br\/news\/wp-json\/wp\/v2\/media?parent=68906"}],"wp:term":[{"taxonomy":"category","embeddable":true,"href":"https:\/\/guialimeira.com.br\/news\/wp-json\/wp\/v2\/categories?post=68906"},{"taxonomy":"post_tag","embeddable":true,"href":"https:\/\/guialimeira.com.br\/news\/wp-json\/wp\/v2\/tags?post=68906"}],"curies":[{"name":"wp","href":"https:\/\/api.w.org\/{rel}","templated":true}]}}