{"id":68899,"date":"2026-06-13T07:52:12","date_gmt":"2026-06-13T10:52:12","guid":{"rendered":"https:\/\/guialimeira.com.br\/palmitolandia-veja-como-o-palmito-virou-experiencia-sustentabilidade-e-desenvolvimento-no-vale-do-ribeira\/"},"modified":"2026-06-13T07:52:12","modified_gmt":"2026-06-13T10:52:12","slug":"palmitolandia-veja-como-o-palmito-virou-experiencia-sustentabilidade-e-desenvolvimento-no-vale-do-ribeira","status":"publish","type":"post","link":"https:\/\/guialimeira.com.br\/news\/palmitolandia-veja-como-o-palmito-virou-experiencia-sustentabilidade-e-desenvolvimento-no-vale-do-ribeira\/","title":{"rendered":"Palmitol\u00e2ndia: veja como o palmito virou experi\u00eancia, sustentabilidade e desenvolvimento no Vale do Ribeira"},"content":{"rendered":"<p> <br \/>\n<\/p>\n<div>\n<p class=\"wp-block-paragraph\">No cora\u00e7\u00e3o da Mata Atl\u00e2ntica, em meio aos montes, rios e cavernas do Vale do Ribeira, uma propriedade rural transformou um produto tradicional da agricultura brasileira em uma experi\u00eancia capaz de unir gastronomia, turismo e preserva\u00e7\u00e3o ambiental. A Palmitol\u00e2ndia, idealizada pela produtora rural Gabriella Rodrigues, mostra que \u00e9 poss\u00edvel gerar renda, desenvolver o turismo, manter a floresta em p\u00e9 e, ainda, alcan\u00e7ar reconhecimento nacional.\u00a0<\/p>\n<p class=\"wp-block-paragraph\">O trabalho desenvolvido pela produtora j\u00e1 conquistou in\u00fameros pr\u00eamios, em diferentes \u00e1reas, como agricultura, empreendedorismo e turismo sustent\u00e1vel.<\/p>\n<p class=\"wp-block-paragraph\">O mais recente deles foi a classifica\u00e7\u00e3o Ouro pela categoria Educa\u00e7\u00e3o Ambiental e Conscientiza\u00e7\u00e3o, no 3\u00b0 Pr\u00eamio ESG. \u201cO pr\u00eamio refor\u00e7a a certeza de que estamos construindo um caminho diferente, mostrando que \u00e9 poss\u00edvel produzir, empreender e preservar ao mesmo tempo\u201d, afirma.<\/p>\n<p class=\"wp-block-paragraph\"><strong>LEIA TAMB\u00c9M: <\/strong><a href=\"https:\/\/www.agenciasp.sp.gov.br\/sp-tem-seis-representantes-em-premiacao-dos-melhores-do-ano-da-gastronomia\/\" rel=\"noopener\">SP tem seis representantes em premia\u00e7\u00e3o dos Melhores do Ano da Gastronomia<\/a><\/p>\n<p class=\"wp-block-paragraph\">Nascida em S\u00e3o Paulo, mas criada em contato direto com a natureza, Gabriella cresceu entre hortas, animais e \u00e1reas verdes. O v\u00ednculo com a regi\u00e3o de Iporanga come\u00e7ou ainda na inf\u00e2ncia, durante as viagens em fam\u00edlia para explorar as cavernas e cachoeiras do PETAR. Formada em Comunica\u00e7\u00e3o Social e com mais de quinze anos de atua\u00e7\u00e3o na \u00e1rea, ela encontrou no palmito pupunha uma oportunidade para unir prop\u00f3sito, empreendedorismo e conserva\u00e7\u00e3o ambiental.<\/p>\n<p class=\"wp-block-paragraph\">A hist\u00f3ria da Palmitol\u00e2ndia come\u00e7ou no fim da d\u00e9cada de 1990, quando a fam\u00edlia trouxe uma tonelada de sementes de palmito pupunha do Par\u00e1 para testar uma teoria defendida por agr\u00f4nomos da \u00e9poca: substituir a extra\u00e7\u00e3o predat\u00f3ria do palmito ju\u00e7ara por uma alternativa cultiv\u00e1vel e sustent\u00e1vel. O experimento deu certo e se transformou em um modelo inovador de neg\u00f3cio que hoje \u00e9 refer\u00eancia nacional.<\/p>\n<figure class=\"wp-block-image size-large\"><img data-recalc-dims=\"1\" fetchpriority=\"high\" decoding=\"async\" width=\"696\" height=\"928\" src=\"https:\/\/i0.wp.com\/www.agenciasp.sp.gov.br\/wp-content\/uploads\/2026\/06\/img-768x1024.jpeg?resize=696%2C928&#038;ssl=1\" alt=\"\" class=\"wp-image-150372 lazy\" srcset=\"https:\/\/www.agenciasp.sp.gov.br\/wp-content\/uploads\/2026\/06\/img-768x1024.jpeg 768w, https:\/\/www.agenciasp.sp.gov.br\/wp-content\/uploads\/2026\/06\/img-225x300.jpeg 225w, https:\/\/www.agenciasp.sp.gov.br\/wp-content\/uploads\/2026\/06\/img-640x853.jpeg 640w, https:\/\/www.agenciasp.sp.gov.br\/wp-content\/uploads\/2026\/06\/img-150x200.jpeg 150w, https:\/\/www.agenciasp.sp.gov.br\/wp-content\/uploads\/2026\/06\/img.jpeg 960w\" data-sizes=\"(max-width: 768px) 100vw, 768px\"\/><figcaption class=\"wp-element-caption\">Gabriella Rodrigues- Fundadora da Palmitol\u00e2ndia<\/figcaption><\/figure>\n<h3 class=\"wp-block-heading\">Muito al\u00e9m da produ\u00e7\u00e3o agr\u00edcola<\/h3>\n<p class=\"wp-block-paragraph\">Ao longo dos anos, a produtora percebeu que o mercado tradicional do palmito enfrentava desafios estruturais. Embora seja um produto valorizado pelo consumidor, a remunera\u00e7\u00e3o ao agricultor permanece baixa, pressionando toda a cadeia produtiva.\u00a0<\/p>\n<p class=\"wp-block-paragraph\">Foi a partir dessa constata\u00e7\u00e3o que nasceu a proposta da Palmitol\u00e2ndia: agregar valor ao produto por meio da gastronomia criativa e do turismo de experi\u00eancia.<\/p>\n<p class=\"wp-block-paragraph\">O visitante n\u00e3o encontra apenas uma planta\u00e7\u00e3o. A experi\u00eancia inclui viv\u00eancias gastron\u00f4micas, oficinas, contato com sistemas agroflorestais e a oportunidade de conhecer de perto a cultura do palmito pupunha, recentemente reconhecida com o selo de Indica\u00e7\u00e3o Geogr\u00e1fica (IG) do Vale do Ribeira.<\/p>\n<p class=\"wp-block-paragraph\">\u201cQueremos mostrar que o palmito \u00e9 muito mais do que um ingrediente de salada. \u00c9 um superalimento vers\u00e1til, nutritivo e que pode ocupar um lugar de destaque na gastronomia brasileira\u201d, afirma.\u00a0<\/p>\n<h3 class=\"wp-block-heading\">Sustentabilidade como modelo de neg\u00f3cio<\/h3>\n<p class=\"wp-block-paragraph\">A preserva\u00e7\u00e3o ambiental n\u00e3o \u00e9 um complemento da atividade, mas o pr\u00f3prio fundamento do empreendimento. A produ\u00e7\u00e3o est\u00e1 baseada em sistemas agroflorestais que combinam cultivo agr\u00edcola e recupera\u00e7\u00e3o da vegeta\u00e7\u00e3o nativa.<\/p>\n<p class=\"wp-block-paragraph\">Al\u00e9m disso, a Palmitol\u00e2ndia investe em conceitos de economia criativa, colaborativa e circular, desenvolvendo projetos em parceria com artistas, produtores e profissionais de diferentes \u00e1reas.\u00a0<\/p>\n<p class=\"wp-block-paragraph\">Entre os pr\u00f3ximos investimentos est\u00e3o a constru\u00e7\u00e3o da Casa do Palmito, espa\u00e7o cultural voltado \u00e0 realiza\u00e7\u00e3o de oficinas gastron\u00f4micas e art\u00edsticas, a amplia\u00e7\u00e3o da estrutura de produ\u00e7\u00e3o e melhorias na hospedagem para receber um n\u00famero maior de visitantes.<\/p>\n<p class=\"wp-block-paragraph\">Para Gabriella, a aproxima\u00e7\u00e3o entre iniciativa privada e poder p\u00fablico \u00e9 fundamental para ampliar o alcance dessas iniciativas.<\/p>\n<p class=\"wp-block-paragraph\">\u201cExistem muitos projetos que nasceram aqui e que podem ganhar o mundo. Precisamos fortalecer a conex\u00e3o entre o setor p\u00fablico e o privado para transformar boas ideias em oportunidades de desenvolvimento\u201d, destaca.\u00a0<\/p>\n<h3 class=\"wp-block-heading\">Um novo olhar sobre o campo<\/h3>\n<p class=\"wp-block-paragraph\">A experi\u00eancia oferecida pela Palmitol\u00e2ndia tamb\u00e9m tem impacto na percep\u00e7\u00e3o dos visitantes sobre a produ\u00e7\u00e3o rural e a conserva\u00e7\u00e3o ambiental. Ao conhecer de perto a realidade da floresta e da agricultura sustent\u00e1vel, turistas passam a enxergar novas possibilidades para a rela\u00e7\u00e3o entre consumo e a natureza.<\/p>\n<p class=\"wp-block-paragraph\">Para Gabriella, o verdadeiro sucesso n\u00e3o est\u00e1 nos pr\u00eamios ou no crescimento do neg\u00f3cio, mas na transforma\u00e7\u00e3o gerada em cada pessoa que visita a propriedade.\u00a0<\/p>\n<p class=\"wp-block-paragraph\">Entre as frases espalhadas pela propriedade, uma resume a ess\u00eancia da Palmitol\u00e2ndia: \u201cDinheiro n\u00e3o se come. Palmito sim.\u201d Uma mensagem simples que traduz a filosofia de quem transformou um produto agr\u00edcola em s\u00edmbolo de sustentabilidade, identidade regional e desenvolvimento para o Vale do Ribeira.<\/p>\n<\/p><\/div>\n<p><br \/>\n<br \/><a href=\"https:\/\/www.agenciasp.sp.gov.br\/palmitolandia-palmito-vale-do-ribeira\/\" rel=\"noopener\">Informa\u00e7\u00f5es GOV.SP<\/a><\/p>\n","protected":false},"excerpt":{"rendered":"<p>No cora\u00e7\u00e3o da Mata Atl\u00e2ntica, em meio aos montes, rios e cavernas do Vale do Ribeira, uma propriedade rural transformou um produto tradicional da agricultura brasileira em uma experi\u00eancia capaz de unir gastronomia, turismo e preserva\u00e7\u00e3o ambiental. A Palmitol\u00e2ndia, idealizada pela produtora rural Gabriella Rodrigues, mostra que \u00e9 poss\u00edvel gerar renda, desenvolver o turismo, manter [&hellip;]<\/p>\n","protected":false},"author":1,"featured_media":68900,"comment_status":"","ping_status":"open","sticky":false,"template":"","format":"standard","meta":{"_jetpack_newsletter_access":"","_jetpack_dont_email_post_to_subs":false,"_jetpack_newsletter_tier_id":0,"_jetpack_memberships_contains_paywalled_content":false,"_mbp_banners":[],"_jetpack_feature_clip_id":0,"_jetpack_memberships_contains_paid_content":false,"footnotes":"","jetpack_publicize_message":"","jetpack_publicize_feature_enabled":true,"jetpack_social_post_already_shared":true,"jetpack_social_options":{"image_generator_settings":{"template":"highway","default_image_id":0,"font":"","enabled":false},"version":2},"jetpack_post_was_ever_published":false},"categories":[21],"tags":[],"class_list":["post-68899","post","type-post","status-publish","format-standard","has-post-thumbnail","category-sp-news"],"jetpack_publicize_connections":[],"jetpack-related-posts":[],"jetpack_shortlink":"https:\/\/wp.me\/p7Eq1F-hVh","jetpack_sharing_enabled":true,"jetpack_featured_media_url":"https:\/\/i0.wp.com\/guialimeira.com.br\/news\/wp-content\/uploads\/2026\/06\/Palmitolandia-veja-como-o-palmito-virou-experiencia-sustentabilidade-e-desenvolvimento.jpeg?fit=768%2C1024&ssl=1","_links":{"self":[{"href":"https:\/\/guialimeira.com.br\/news\/wp-json\/wp\/v2\/posts\/68899","targetHints":{"allow":["GET"]}}],"collection":[{"href":"https:\/\/guialimeira.com.br\/news\/wp-json\/wp\/v2\/posts"}],"about":[{"href":"https:\/\/guialimeira.com.br\/news\/wp-json\/wp\/v2\/types\/post"}],"author":[{"embeddable":true,"href":"https:\/\/guialimeira.com.br\/news\/wp-json\/wp\/v2\/users\/1"}],"replies":[{"embeddable":true,"href":"https:\/\/guialimeira.com.br\/news\/wp-json\/wp\/v2\/comments?post=68899"}],"version-history":[{"count":0,"href":"https:\/\/guialimeira.com.br\/news\/wp-json\/wp\/v2\/posts\/68899\/revisions"}],"wp:featuredmedia":[{"embeddable":true,"href":"https:\/\/guialimeira.com.br\/news\/wp-json\/wp\/v2\/media\/68900"}],"wp:attachment":[{"href":"https:\/\/guialimeira.com.br\/news\/wp-json\/wp\/v2\/media?parent=68899"}],"wp:term":[{"taxonomy":"category","embeddable":true,"href":"https:\/\/guialimeira.com.br\/news\/wp-json\/wp\/v2\/categories?post=68899"},{"taxonomy":"post_tag","embeddable":true,"href":"https:\/\/guialimeira.com.br\/news\/wp-json\/wp\/v2\/tags?post=68899"}],"curies":[{"name":"wp","href":"https:\/\/api.w.org\/{rel}","templated":true}]}}