{"id":68894,"date":"2026-06-13T04:20:20","date_gmt":"2026-06-13T07:20:20","guid":{"rendered":"https:\/\/guialimeira.com.br\/prefeitura-de-limeira-abre-a-partir-de-segunda-feira-15-cadastro-de-onibus-micro-onibus-e-vans-para-uso-em-caso-de-nova-greve-no-transporte-coletivo\/"},"modified":"2026-06-13T04:20:20","modified_gmt":"2026-06-13T07:20:20","slug":"prefeitura-de-limeira-abre-a-partir-de-segunda-feira-15-cadastro-de-onibus-micro-onibus-e-vans-para-uso-em-caso-de-nova-greve-no-transporte-coletivo","status":"publish","type":"post","link":"https:\/\/guialimeira.com.br\/news\/prefeitura-de-limeira-abre-a-partir-de-segunda-feira-15-cadastro-de-onibus-micro-onibus-e-vans-para-uso-em-caso-de-nova-greve-no-transporte-coletivo\/","title":{"rendered":"Prefeitura de Limeira abre, a partir de segunda-feira (15), cadastro de \u00f4nibus, micro-\u00f4nibus e vans para uso em caso de nova greve no transporte coletivo"},"content":{"rendered":"<p> <br \/>\n<br \/><img data-recalc-dims=\"1\" decoding=\"async\" src=\"https:\/\/i0.wp.com\/ecrie.com.br\/sistema\/conteudos\/imagem\/m_137_0_1_13062026041310.jpeg?w=696&#038;ssl=1\" \/><\/p>\n<div>\n<h3 data-reticencias=\"34\">F\u00f3rum debate estrat\u00e9gias para reduzir a mortalidade infantil em Limeira<\/h3>\n<p class=\"descricao\" data-reticencias=\"44 [...]\">&#13;<br \/>\n                                    Evento reuniu profissionais da sa\u00fade para discutir causas, analisar indicadores e elaborar estrat\u00e9gias de enfrentamento no munic\u00edpio&#13;\n                                <\/p>\n<\/p><\/div>\n<p><br \/>\n<br \/><a href=\"https:\/\/limeira.sp.gov.br\/prefeitura-de-limeira-abre-a-partir-de-segunda-feira-15-cadastro-de-onibus-micro-onibus-e-vans-para-uso-em-caso-de-nova-greve-no-transporte-coletivo\" rel=\"noopener\">Informa\u00e7\u00f5es da PML <\/a><\/p>\n","protected":false},"excerpt":{"rendered":"<p>F\u00f3rum debate estrat\u00e9gias para reduzir a mortalidade infantil em Limeira &#13; Evento reuniu profissionais da sa\u00fade para discutir causas, analisar indicadores e elaborar estrat\u00e9gias de enfrentamento no munic\u00edpio&#13; Informa\u00e7\u00f5es da PML<\/p>\n","protected":false},"author":1,"featured_media":68895,"comment_status":"","ping_status":"open","sticky":false,"template":"","format":"standard","meta":{"_jetpack_newsletter_access":"","_jetpack_dont_email_post_to_subs":false,"_jetpack_newsletter_tier_id":0,"_jetpack_memberships_contains_paywalled_content":false,"_mbp_banners":[],"_jetpack_feature_clip_id":0,"_jetpack_memberships_contains_paid_content":false,"footnotes":"","jetpack_publicize_message":"","jetpack_publicize_feature_enabled":true,"jetpack_social_post_already_shared":true,"jetpack_social_options":{"image_generator_settings":{"template":"highway","default_image_id":0,"font":"","enabled":false},"version":2},"jetpack_post_was_ever_published":false},"categories":[16],"tags":[],"class_list":["post-68894","post","type-post","status-publish","format-standard","has-post-thumbnail","category-local"],"jetpack_publicize_connections":[],"jetpack-related-posts":[],"jetpack_shortlink":"https:\/\/wp.me\/p7Eq1F-hVc","jetpack_sharing_enabled":true,"jetpack_featured_media_url":"https:\/\/i0.wp.com\/guialimeira.com.br\/news\/wp-content\/uploads\/2026\/06\/m_137_0_1_13062026041310.jpeg?fit=1024%2C489&ssl=1","_links":{"self":[{"href":"https:\/\/guialimeira.com.br\/news\/wp-json\/wp\/v2\/posts\/68894","targetHints":{"allow":["GET"]}}],"collection":[{"href":"https:\/\/guialimeira.com.br\/news\/wp-json\/wp\/v2\/posts"}],"about":[{"href":"https:\/\/guialimeira.com.br\/news\/wp-json\/wp\/v2\/types\/post"}],"author":[{"embeddable":true,"href":"https:\/\/guialimeira.com.br\/news\/wp-json\/wp\/v2\/users\/1"}],"replies":[{"embeddable":true,"href":"https:\/\/guialimeira.com.br\/news\/wp-json\/wp\/v2\/comments?post=68894"}],"version-history":[{"count":0,"href":"https:\/\/guialimeira.com.br\/news\/wp-json\/wp\/v2\/posts\/68894\/revisions"}],"wp:featuredmedia":[{"embeddable":true,"href":"https:\/\/guialimeira.com.br\/news\/wp-json\/wp\/v2\/media\/68895"}],"wp:attachment":[{"href":"https:\/\/guialimeira.com.br\/news\/wp-json\/wp\/v2\/media?parent=68894"}],"wp:term":[{"taxonomy":"category","embeddable":true,"href":"https:\/\/guialimeira.com.br\/news\/wp-json\/wp\/v2\/categories?post=68894"},{"taxonomy":"post_tag","embeddable":true,"href":"https:\/\/guialimeira.com.br\/news\/wp-json\/wp\/v2\/tags?post=68894"}],"curies":[{"name":"wp","href":"https:\/\/api.w.org\/{rel}","templated":true}]}}