{"id":68885,"date":"2026-06-13T01:46:00","date_gmt":"2026-06-13T04:46:00","guid":{"rendered":"https:\/\/guialimeira.com.br\/ultimo-dia-inscricoes-para-o-enem-devem-ser-confirmadas-ate-esta-sexta-feira-12\/"},"modified":"2026-06-13T01:46:00","modified_gmt":"2026-06-13T04:46:00","slug":"ultimo-dia-inscricoes-para-o-enem-devem-ser-confirmadas-ate-esta-sexta-feira-12","status":"publish","type":"post","link":"https:\/\/guialimeira.com.br\/news\/ultimo-dia-inscricoes-para-o-enem-devem-ser-confirmadas-ate-esta-sexta-feira-12\/","title":{"rendered":"\u00daltimo dia: inscri\u00e7\u00f5es para o Enem devem ser confirmadas at\u00e9 esta sexta-feira (12)"},"content":{"rendered":"<p> <br \/>\n<br \/><img data-recalc-dims=\"1\" decoding=\"async\" src=\"https:\/\/i0.wp.com\/www.agenciasp.sp.gov.br\/wp-content\/uploads\/2025\/11\/enem-exame-nacional.png?w=696&#038;ssl=1\" \/><\/p>\n<div>\n<p class=\"wp-block-paragraph\">Estudantes matriculados na 3\u00aa s\u00e9rie do Ensino M\u00e9dio t\u00eam at\u00e9 esta sexta-feira (12) para confirmar a inscri\u00e7\u00e3o no Enem (Exame Nacional do Ensino M\u00e9dio) 2026. As provas do Enem 2026 est\u00e3o marcadas para os dias 8 e 15 de novembro.<\/p>\n<p class=\"wp-block-paragraph\">Neste ano, o cadastro para estudantes da rede p\u00fablica \u00e9 autom\u00e1tico. Para confirmar a participa\u00e7\u00e3o na prova, cada aluno precisa acessar o sistema do Enem e, na P\u00e1gina do Participante, escolher o munic\u00edpio onde deseja realizar as provas, escolher a l\u00edngua estrangeira (entre l\u00edngua inglesa e espanhola) e, se necess\u00e1rio, solicitar recursos de acessibilidade e tratamento pelo nome social.<\/p>\n<p class=\"wp-block-paragraph\">Em novembro, as provas acontecem em dois domingos. No dia 8, os alunos far\u00e3o as provas de linguagens e c\u00f3digos, ci\u00eancias humanas e a reda\u00e7\u00e3o. No dia 15, de matem\u00e1tica e de ci\u00eancias da natureza.<\/p>\n<h3 class=\"wp-block-heading\">Como se inscrever no Enem<\/h3>\n<p class=\"wp-block-paragraph\">Para confirmar sua inscri\u00e7\u00e3o, os estudantes da rede estadual devem acessar a P\u00e1gina do Participante, no site do Inep, em <a href=\"https:\/\/enem.inep.gov.br\/participante\/#!\/\" target=\"_blank\" rel=\"noopener\">https:\/\/enem.inep.gov.br\/participante\/#!\/<\/a>. \u00c9 preciso que o aluno entre por meio do seu cadastro no Gov.br, com seu CPF. A inscri\u00e7\u00e3o e o local de prova ser\u00e3o disponibilizados no mesmo endere\u00e7o.<\/p>\n<h3 class=\"wp-block-heading\">Cursinho gratuito para o vestibular em SP<\/h3>\n<p class=\"wp-block-paragraph\">A plataforma Prepara SP \u00e9 uma iniciativa da Secretaria da Educa\u00e7\u00e3o do Estado de S\u00e3o Paulo (Seduc-SP) focada na prepara\u00e7\u00e3o gratuita de alunos do Ensino M\u00e9dio para as provas de ingresso no ensino superior. A ferramenta oferece simulados, trilhas personalizadas, tutor virtual e corre\u00e7\u00f5es. Apenas neste ano, 93% dos alunos do Ensino M\u00e9dio j\u00e1 acessaram a ferramenta.<\/p>\n<p class=\"wp-block-paragraph\">No Prepara SP, est\u00e3o dispon\u00edveis aulas com did\u00e1tica exclusiva, com dura\u00e7\u00e3o entre sete e 15 minutos cada uma. Os conte\u00fados da plataforma incluem tamb\u00e9m resumos e cards e disponibilizados digitalmente, a fim de auxiliar o estudante na assimila\u00e7\u00e3o e recapitula\u00e7\u00e3o do que foi visto em aula. O uso da ferramenta n\u00e3o \u00e9 obrigat\u00f3rio, mas complementa as aulas do curr\u00edculo oficial e apoia estudantes na prepara\u00e7\u00e3o para as provas que d\u00e3o acesso ao ensino superior.<\/p>\n<h3 class=\"wp-block-heading\">Prov\u00e3o Paulista<\/h3>\n<p class=\"wp-block-paragraph\">Al\u00e9m do Enem, estudantes da rede p\u00fablica t\u00eam no Prov\u00e3o Paulista Seriado mais uma oportunidade de ingresso no ensino superior. Em tr\u00eas edi\u00e7\u00f5es, o vestibular do Governo do Estado de S\u00e3o Paulo abriu mais de 46 mil vagas na USP (Universidade de S\u00e3o Paulo), Unesp (Universidade Estadual Paulista), Unicamp (Universidade Estadual de Campinas), Fatecs (Faculdades de Tecnologia do Estado de S\u00e3o Paulo) e Univesp (Universidade Virtual do Estado de S\u00e3o Paulo).<\/p>\n<\/p><\/div>\n<p><br \/>\n<br \/><a href=\"https:\/\/www.agenciasp.sp.gov.br\/ultimo-dia-inscricoes-para-o-enem-devem-ser-confirmadas-ate-esta-sexta-feira-12\/\" rel=\"noopener\">Informa\u00e7\u00f5es GOV.SP<\/a><\/p>\n","protected":false},"excerpt":{"rendered":"<p>Estudantes matriculados na 3\u00aa s\u00e9rie do Ensino M\u00e9dio t\u00eam at\u00e9 esta sexta-feira (12) para confirmar a inscri\u00e7\u00e3o no Enem (Exame Nacional do Ensino M\u00e9dio) 2026. As provas do Enem 2026 est\u00e3o marcadas para os dias 8 e 15 de novembro. Neste ano, o cadastro para estudantes da rede p\u00fablica \u00e9 autom\u00e1tico. Para confirmar a participa\u00e7\u00e3o [&hellip;]<\/p>\n","protected":false},"author":1,"featured_media":49524,"comment_status":"","ping_status":"open","sticky":false,"template":"","format":"standard","meta":{"_jetpack_newsletter_access":"","_jetpack_dont_email_post_to_subs":false,"_jetpack_newsletter_tier_id":0,"_jetpack_memberships_contains_paywalled_content":false,"_mbp_banners":[],"_jetpack_feature_clip_id":0,"_jetpack_memberships_contains_paid_content":false,"footnotes":"","jetpack_publicize_message":"","jetpack_publicize_feature_enabled":true,"jetpack_social_post_already_shared":true,"jetpack_social_options":{"image_generator_settings":{"template":"highway","default_image_id":0,"font":"","enabled":false},"version":2},"jetpack_post_was_ever_published":false},"categories":[21],"tags":[],"class_list":["post-68885","post","type-post","status-publish","format-standard","has-post-thumbnail","category-sp-news"],"jetpack_publicize_connections":[],"jetpack-related-posts":[],"jetpack_shortlink":"https:\/\/wp.me\/p7Eq1F-hV3","jetpack_sharing_enabled":true,"jetpack_featured_media_url":"https:\/\/i0.wp.com\/guialimeira.com.br\/news\/wp-content\/uploads\/2025\/11\/Governo-de-Sao-Paulo-oferece-transporte-metropolitano-gratuito-para-estudantes.png?fit=896%2C572&ssl=1","_links":{"self":[{"href":"https:\/\/guialimeira.com.br\/news\/wp-json\/wp\/v2\/posts\/68885","targetHints":{"allow":["GET"]}}],"collection":[{"href":"https:\/\/guialimeira.com.br\/news\/wp-json\/wp\/v2\/posts"}],"about":[{"href":"https:\/\/guialimeira.com.br\/news\/wp-json\/wp\/v2\/types\/post"}],"author":[{"embeddable":true,"href":"https:\/\/guialimeira.com.br\/news\/wp-json\/wp\/v2\/users\/1"}],"replies":[{"embeddable":true,"href":"https:\/\/guialimeira.com.br\/news\/wp-json\/wp\/v2\/comments?post=68885"}],"version-history":[{"count":0,"href":"https:\/\/guialimeira.com.br\/news\/wp-json\/wp\/v2\/posts\/68885\/revisions"}],"wp:featuredmedia":[{"embeddable":true,"href":"https:\/\/guialimeira.com.br\/news\/wp-json\/wp\/v2\/media\/49524"}],"wp:attachment":[{"href":"https:\/\/guialimeira.com.br\/news\/wp-json\/wp\/v2\/media?parent=68885"}],"wp:term":[{"taxonomy":"category","embeddable":true,"href":"https:\/\/guialimeira.com.br\/news\/wp-json\/wp\/v2\/categories?post=68885"},{"taxonomy":"post_tag","embeddable":true,"href":"https:\/\/guialimeira.com.br\/news\/wp-json\/wp\/v2\/tags?post=68885"}],"curies":[{"name":"wp","href":"https:\/\/api.w.org\/{rel}","templated":true}]}}