{"id":68881,"date":"2026-06-13T00:44:24","date_gmt":"2026-06-13T03:44:24","guid":{"rendered":"https:\/\/guialimeira.com.br\/ultimos-dias-para-participar-da-consulta-publica-da-lei-orcamentaria-do-estado-de-sp\/"},"modified":"2026-06-13T00:44:24","modified_gmt":"2026-06-13T03:44:24","slug":"ultimos-dias-para-participar-da-consulta-publica-da-lei-orcamentaria-do-estado-de-sp","status":"publish","type":"post","link":"https:\/\/guialimeira.com.br\/news\/ultimos-dias-para-participar-da-consulta-publica-da-lei-orcamentaria-do-estado-de-sp\/","title":{"rendered":"\u00daltimos dias para participar da consulta p\u00fablica da Lei Or\u00e7ament\u00e1ria do estado de SP"},"content":{"rendered":"<p> <br \/>\n<br \/><img data-recalc-dims=\"1\" decoding=\"async\" src=\"https:\/\/i0.wp.com\/www.agenciasp.sp.gov.br\/wp-content\/uploads\/2024\/08\/WhatsApp-Image-2023-01-19-at-16.15.14.jpeg?w=696&#038;ssl=1\" \/><\/p>\n<div>\n<p class=\"wp-block-paragraph\">Termina no pr\u00f3ximo domingo (14) a consulta p\u00fablica da Lei Or\u00e7ament\u00e1ria Anual (LOA) de 2027. Com a finalidade de ofertar aos cidad\u00e3os espa\u00e7os de manifesta\u00e7\u00e3o para suas demandas, o Governo do Estado de S\u00e3o Paulo, por meio da Secretaria da Fazenda e Planejamento (Sefaz-SP), disponibiliza at\u00e9 14 de junho o sistema eletr\u00f4nico de vota\u00e7\u00e3o no site <a href=\"https:\/\/audienciasdoorcamento.sp.gov.br\" data-type=\"link\" data-id=\"audienciasdoorcamento.sp.gov.br\" target=\"_blank\" rel=\"noopener\">audienciasdoorcamento.sp.gov.br<\/a>.<\/p>\n<p class=\"wp-block-paragraph\">O processo \u00e9 bem simples: basta acessar o ambiente de vota\u00e7\u00e3o e selecionar o item ou os itens que melhor representem sua opini\u00e3o. O sistema tamb\u00e9m permite aos cidad\u00e3os a possibilidade de fazer coment\u00e1rios que detalhem ou especifiquem suas escolhas.<\/p>\n<p class=\"wp-block-paragraph\">A participa\u00e7\u00e3o e as sugest\u00f5es abarcam as mais diversas \u00e1reas, como sa\u00fade, educa\u00e7\u00e3o, meio ambiente, infraestrutura, seguran\u00e7a p\u00fablica, entre outras. Vale ressaltar que as sugest\u00f5es da popula\u00e7\u00e3o paulista constituem um ponto relevante na constru\u00e7\u00e3o do planejamento para o or\u00e7amento do pr\u00f3ximo ano.<\/p>\n<p class=\"wp-block-paragraph\">Esse instrumento de participa\u00e7\u00e3o popular, sem car\u00e1ter deliberativo, est\u00e1 previsto na Lei de Responsabilidade Fiscal e na Lei de Diretrizes Or\u00e7ament\u00e1rias (LDO), e permite aos cidad\u00e3os dar suas sugest\u00f5es para o estado como um todo e para regi\u00f5es e cidades.<\/p>\n<\/p><\/div>\n<p><br \/>\n<br \/><a href=\"https:\/\/www.agenciasp.sp.gov.br\/ultimos-dias-para-participar-da-consulta-publica-da-lei-orcamentaria-do-estado-de-sp\/\" rel=\"noopener\">Informa\u00e7\u00f5es GOV.SP<\/a><\/p>\n","protected":false},"excerpt":{"rendered":"<p>Termina no pr\u00f3ximo domingo (14) a consulta p\u00fablica da Lei Or\u00e7ament\u00e1ria Anual (LOA) de 2027. Com a finalidade de ofertar aos cidad\u00e3os espa\u00e7os de manifesta\u00e7\u00e3o para suas demandas, o Governo do Estado de S\u00e3o Paulo, por meio da Secretaria da Fazenda e Planejamento (Sefaz-SP), disponibiliza at\u00e9 14 de junho o sistema eletr\u00f4nico de vota\u00e7\u00e3o no [&hellip;]<\/p>\n","protected":false},"author":1,"featured_media":51042,"comment_status":"","ping_status":"open","sticky":false,"template":"","format":"standard","meta":{"_jetpack_newsletter_access":"","_jetpack_dont_email_post_to_subs":false,"_jetpack_newsletter_tier_id":0,"_jetpack_memberships_contains_paywalled_content":false,"_mbp_banners":[],"_jetpack_feature_clip_id":0,"_jetpack_memberships_contains_paid_content":false,"footnotes":"","jetpack_publicize_message":"","jetpack_publicize_feature_enabled":true,"jetpack_social_post_already_shared":true,"jetpack_social_options":{"image_generator_settings":{"template":"highway","default_image_id":0,"font":"","enabled":false},"version":2},"jetpack_post_was_ever_published":false},"categories":[21],"tags":[],"class_list":["post-68881","post","type-post","status-publish","format-standard","has-post-thumbnail","category-sp-news"],"jetpack_publicize_connections":[],"jetpack-related-posts":[],"jetpack_shortlink":"https:\/\/wp.me\/p7Eq1F-hUZ","jetpack_sharing_enabled":true,"jetpack_featured_media_url":"https:\/\/i0.wp.com\/guialimeira.com.br\/news\/wp-content\/uploads\/2025\/12\/Governo-de-SP-e-OCDE-assinam-acordo-de-cooperacao-tecnica.jpeg?fit=1500%2C844&ssl=1","_links":{"self":[{"href":"https:\/\/guialimeira.com.br\/news\/wp-json\/wp\/v2\/posts\/68881","targetHints":{"allow":["GET"]}}],"collection":[{"href":"https:\/\/guialimeira.com.br\/news\/wp-json\/wp\/v2\/posts"}],"about":[{"href":"https:\/\/guialimeira.com.br\/news\/wp-json\/wp\/v2\/types\/post"}],"author":[{"embeddable":true,"href":"https:\/\/guialimeira.com.br\/news\/wp-json\/wp\/v2\/users\/1"}],"replies":[{"embeddable":true,"href":"https:\/\/guialimeira.com.br\/news\/wp-json\/wp\/v2\/comments?post=68881"}],"version-history":[{"count":0,"href":"https:\/\/guialimeira.com.br\/news\/wp-json\/wp\/v2\/posts\/68881\/revisions"}],"wp:featuredmedia":[{"embeddable":true,"href":"https:\/\/guialimeira.com.br\/news\/wp-json\/wp\/v2\/media\/51042"}],"wp:attachment":[{"href":"https:\/\/guialimeira.com.br\/news\/wp-json\/wp\/v2\/media?parent=68881"}],"wp:term":[{"taxonomy":"category","embeddable":true,"href":"https:\/\/guialimeira.com.br\/news\/wp-json\/wp\/v2\/categories?post=68881"},{"taxonomy":"post_tag","embeddable":true,"href":"https:\/\/guialimeira.com.br\/news\/wp-json\/wp\/v2\/tags?post=68881"}],"curies":[{"name":"wp","href":"https:\/\/api.w.org\/{rel}","templated":true}]}}