{"id":68871,"date":"2026-06-12T22:41:26","date_gmt":"2026-06-13T01:41:26","guid":{"rendered":"https:\/\/guialimeira.com.br\/unidades-moveis-do-bom-prato-vao-mudar-de-endereco-na-proxima-segunda-feira-15\/"},"modified":"2026-06-12T22:41:26","modified_gmt":"2026-06-13T01:41:26","slug":"unidades-moveis-do-bom-prato-vao-mudar-de-endereco-na-proxima-segunda-feira-15","status":"publish","type":"post","link":"https:\/\/guialimeira.com.br\/news\/unidades-moveis-do-bom-prato-vao-mudar-de-endereco-na-proxima-segunda-feira-15\/","title":{"rendered":"Unidades m\u00f3veis do Bom Prato v\u00e3o mudar de endere\u00e7o na pr\u00f3xima segunda-feira (15)"},"content":{"rendered":"<p> <br \/>\n<br \/><img data-recalc-dims=\"1\" decoding=\"async\" src=\"https:\/\/i0.wp.com\/www.agenciasp.sp.gov.br\/wp-content\/uploads\/2026\/01\/55038470587_f065654b84_k.jpg?w=696&#038;ssl=1\" \/><\/p>\n<div>\n<p class=\"wp-block-paragraph\">A frota de caminh\u00f5es que integra a iniciativa do Bom Prato M\u00f3vel tem como finalidade alcan\u00e7ar a popula\u00e7\u00e3o em situa\u00e7\u00e3o de inseguran\u00e7a alimentar em diversas regi\u00f5es do estado de S\u00e3o Paulo. Para isso, a cada quatro meses, as unidades m\u00f3veis alteram os locais de atendimento. A partir d\u00e1 pr\u00f3xima segunda-feira (15), algumas dessas unidades passar\u00e3o a atender em novos endere\u00e7os.<\/p>\n<p class=\"wp-block-paragraph\">Servindo, em m\u00e9dia, 300 almo\u00e7os por dia, o Bom Prato M\u00f3vel faz parte do programa do Governo de S\u00e3o Paulo, que oferece, a pre\u00e7o simb\u00f3lico, refei\u00e7\u00f5es de qualidade a pessoas em situa\u00e7\u00e3o de vulnerabilidade social.<\/p>\n<p class=\"wp-block-paragraph\"><strong>LEIA TAMB\u00c9M:<\/strong> <a href=\"https:\/\/www.agenciasp.sp.gov.br\/programa-bom-prato-vai-servir-cardapios-tematicos-de-copa-do-mundo\/\" rel=\"noopener\">Programa Bom Prato vai servir card\u00e1pios tem\u00e1ticos de Copa do Mundo<\/a><\/p>\n<p class=\"wp-block-paragraph\">O atendimento \u00e9 realizado por meio de caminh\u00f5es do tipo Ve\u00edculo Urbano de Carga (VUC), totalmente equipados para manter a qualidade dos alimentos desde a prepara\u00e7\u00e3o na unidade fixa at\u00e9 a entrega no ponto de atendimento.<\/p>\n<p class=\"wp-block-paragraph\"><strong>Confira os novos pontos de atendimento das unidades m\u00f3veis:<\/strong><\/p>\n<p class=\"wp-block-paragraph\"><strong>Capital:<\/strong><br \/>\u25cf Brasil\u00e2ndia: Rua Conde Monterone, 92 \u2013 Jardim Sydney, S\u00e3o Paulo \u2013 SP (segundo endere\u00e7o);<br \/>\u25cf Cidade Ademar: Rua das Orqu\u00eddeas, 130 \u2013 Parque Primavera, S\u00e3o Paulo \u2013 SP;<br \/>\u25cf Itaim Paulista: Avenida Prof. Al\u00edpio de Barros, 1160 \u2013 Jardim Maia, S\u00e3o Paulo \u2013 SP;<br \/>\u25cf Lapa: Avenida Torres de Oliveira, 950 \u2013 Jaguar\u00e9, S\u00e3o Paulo \u2013 SP;<br \/>\u25cf M\u2019Boi Mirim: Rua Consci\u00eancia Negra, 201 \u2013 Conj. Hab. Jardim S, S\u00e3o Paulo \u2013 SP, 05885-750<br \/>\u25cf Santo Amaro: Pra\u00e7a Alvimar Andrade Bittencourt, 522 \u2013 Jardim L\u00eddia, S\u00e3o Paulo \u2013 SP;<br \/>\u25cf Tucuruvi: Alameda das Roseiras, 72 \u2013 Jardim Joana Darc, S\u00e3o Paulo \u2013 SP;<\/p>\n<p class=\"wp-block-paragraph\"><strong>Interior<\/strong><br \/>\u25cf Bauru: Rua Maur\u00edcia Pereira Lima, 1-45 \u2013 Pousada da Esperan\u00e7a II, Bauru \u2013 SP;<br \/>\u25cf Jacare\u00ed: Rua Quatro, 114 \u2013 Zona de Interesse Social, Jacare\u00ed \u2013 SP;<\/p>\n<p class=\"wp-block-paragraph\">Grande SP<br \/>\u25cf Osasco: Rua Pinheirinho, 4 \u2013 Rochdale, Osasco \u2013 SP;<\/p>\n<p class=\"wp-block-paragraph\"><strong>Avan\u00e7o na seguran\u00e7a alimentar<\/strong><\/p>\n<p class=\"wp-block-paragraph\">Atualmente, o programa conta com 71 unidades fixas, quatro refeit\u00f3rios e 48 caminh\u00f5es que atendem a 53 pontos de atendimento do Bom Prato M\u00f3vel, totalizando 128 localidades em 42 munic\u00edpios. Somente nesta gest\u00e3o, foram entregues 26 novas unidades, sendo 22 caminh\u00f5es do BPM e quatro refeit\u00f3rios.<\/p>\n<p class=\"wp-block-paragraph\">A alimenta\u00e7\u00e3o oferecida no Bom Prato \u00e9 subsidiada pelo Governo do Estado de S\u00e3o Paulo, aumentando a oferta de comida acess\u00edvel e nutritiva \u00e0 comunidade. As refei\u00e7\u00f5es s\u00e3o balanceadas e oferecem, al\u00e9m do arroz e do feij\u00e3o, uma guarni\u00e7\u00e3o, uma prote\u00edna e uma fruta, ao pre\u00e7o simb\u00f3lico de R$ 1,00.<\/p>\n<p class=\"wp-block-paragraph\">Em alguns pontos de atendimento tamb\u00e9m s\u00e3o servidos o jantar (ao mesmo pre\u00e7o do almo\u00e7o), e o caf\u00e9 da manh\u00e3, oferecido por R$ 0,50. Os pontos de atendimento podem ser consultados na p\u00e1gina do programa, no link : https:\/\/www.desenvolvimentosocial.sp.gov.br\/sec_desenvolv_social\/programas%20estaduais\/bom%20prato<\/p>\n<\/p><\/div>\n<p><br \/>\n<br \/><a href=\"https:\/\/www.agenciasp.sp.gov.br\/unidades-moveis-do-bom-prato-vao-mudar-de-endereco-na-proxima-segunda-feira-15\/\" rel=\"noopener\">Informa\u00e7\u00f5es GOV.SP<\/a><\/p>\n","protected":false},"excerpt":{"rendered":"<p>A frota de caminh\u00f5es que integra a iniciativa do Bom Prato M\u00f3vel tem como finalidade alcan\u00e7ar a popula\u00e7\u00e3o em situa\u00e7\u00e3o de inseguran\u00e7a alimentar em diversas regi\u00f5es do estado de S\u00e3o Paulo. Para isso, a cada quatro meses, as unidades m\u00f3veis alteram os locais de atendimento. A partir d\u00e1 pr\u00f3xima segunda-feira (15), algumas dessas unidades passar\u00e3o [&hellip;]<\/p>\n","protected":false},"author":1,"featured_media":68872,"comment_status":"","ping_status":"open","sticky":false,"template":"","format":"standard","meta":{"_jetpack_newsletter_access":"","_jetpack_dont_email_post_to_subs":false,"_jetpack_newsletter_tier_id":0,"_jetpack_memberships_contains_paywalled_content":false,"_mbp_banners":[],"_jetpack_feature_clip_id":0,"_jetpack_memberships_contains_paid_content":false,"footnotes":"","jetpack_publicize_message":"","jetpack_publicize_feature_enabled":true,"jetpack_social_post_already_shared":true,"jetpack_social_options":{"image_generator_settings":{"template":"highway","default_image_id":0,"font":"","enabled":false},"version":2},"jetpack_post_was_ever_published":false},"categories":[21],"tags":[],"class_list":["post-68871","post","type-post","status-publish","format-standard","has-post-thumbnail","category-sp-news"],"jetpack_publicize_connections":[],"jetpack-related-posts":[],"jetpack_shortlink":"https:\/\/wp.me\/p7Eq1F-hUP","jetpack_sharing_enabled":true,"jetpack_featured_media_url":"https:\/\/i0.wp.com\/guialimeira.com.br\/news\/wp-content\/uploads\/2026\/06\/Unidades-moveis-do-Bom-Prato-vao-mudar-de-endereco-na.jpg?fit=2048%2C1365&ssl=1","_links":{"self":[{"href":"https:\/\/guialimeira.com.br\/news\/wp-json\/wp\/v2\/posts\/68871","targetHints":{"allow":["GET"]}}],"collection":[{"href":"https:\/\/guialimeira.com.br\/news\/wp-json\/wp\/v2\/posts"}],"about":[{"href":"https:\/\/guialimeira.com.br\/news\/wp-json\/wp\/v2\/types\/post"}],"author":[{"embeddable":true,"href":"https:\/\/guialimeira.com.br\/news\/wp-json\/wp\/v2\/users\/1"}],"replies":[{"embeddable":true,"href":"https:\/\/guialimeira.com.br\/news\/wp-json\/wp\/v2\/comments?post=68871"}],"version-history":[{"count":0,"href":"https:\/\/guialimeira.com.br\/news\/wp-json\/wp\/v2\/posts\/68871\/revisions"}],"wp:featuredmedia":[{"embeddable":true,"href":"https:\/\/guialimeira.com.br\/news\/wp-json\/wp\/v2\/media\/68872"}],"wp:attachment":[{"href":"https:\/\/guialimeira.com.br\/news\/wp-json\/wp\/v2\/media?parent=68871"}],"wp:term":[{"taxonomy":"category","embeddable":true,"href":"https:\/\/guialimeira.com.br\/news\/wp-json\/wp\/v2\/categories?post=68871"},{"taxonomy":"post_tag","embeddable":true,"href":"https:\/\/guialimeira.com.br\/news\/wp-json\/wp\/v2\/tags?post=68871"}],"curies":[{"name":"wp","href":"https:\/\/api.w.org\/{rel}","templated":true}]}}