{"id":68867,"date":"2026-06-12T21:39:32","date_gmt":"2026-06-13T00:39:32","guid":{"rendered":"https:\/\/guialimeira.com.br\/previsao-do-tempo-para-sabado-13-em-sp-potencial-para-chuvas-fortes\/"},"modified":"2026-06-12T21:39:32","modified_gmt":"2026-06-13T00:39:32","slug":"previsao-do-tempo-para-sabado-13-em-sp-potencial-para-chuvas-fortes","status":"publish","type":"post","link":"https:\/\/guialimeira.com.br\/news\/previsao-do-tempo-para-sabado-13-em-sp-potencial-para-chuvas-fortes\/","title":{"rendered":"Previs\u00e3o do tempo para s\u00e1bado (13), em SP: potencial para chuvas fortes"},"content":{"rendered":"<p> <br \/>\n<br \/><img data-recalc-dims=\"1\" decoding=\"async\" src=\"https:\/\/i0.wp.com\/www.agenciasp.sp.gov.br\/wp-content\/uploads\/2025\/02\/54305271415_06524e5ca3_k.jpg?w=696&#038;ssl=1\" \/><\/p>\n<div>\n<p class=\"wp-block-paragraph\">Neste s\u00e1bado, a atua\u00e7\u00e3o de um cavado meteorol\u00f3gico e a passagem de uma frente fria bem afastada da costa da Regi\u00e3o Sudeste aumentam o potencial para chuvas fortes em diversas regi\u00f5es paulistas.<\/p>\n<p class=\"wp-block-paragraph\">Ao longo do dia, as condi\u00e7\u00f5es seguir\u00e3o favor\u00e1veis \u00e0 ocorr\u00eancia de pancadas de chuva isoladas, com maior frequ\u00eancia e intensidade nos setores noroeste e centro do estado.<\/p>\n<p class=\"wp-block-paragraph\">As precipita\u00e7\u00f5es poder\u00e3o ocorrer de forma moderada a forte em alguns momentos, acompanhadas de raios, rajadas de vento e elevados acumulados em curto per\u00edodo, no norte paulista. Al\u00e9m disso, a presen\u00e7a de muita nebulosidade mant\u00e9m as temperaturas amenas durante o dia.<\/p>\n<p class=\"wp-block-paragraph\">Na capital, as temperaturas ficar\u00e3o na casa dos 15 e 22 graus. J\u00e1 em Ourinhos, m\u00ednima de 17 e m\u00e1xima de 22 graus.<\/p>\n<p class=\"wp-block-paragraph\">Em dias de chuva, consulte a previs\u00e3o do tempo e fique atento aos alertas da Defesa Civil do Estado de S\u00e3o Paulo, seguindo as principais redes sociais do governo.<\/p>\n<p class=\"wp-block-paragraph\"><strong>LEIA MAIS:\u00a0<a href=\"https:\/\/www.agenciasp.sp.gov.br\/frente-fria-perde-forca-em-sao-paulo-mas-pancadas-de-chuva-ainda-podem-ocorrer-diz-defesa-civil\/\" rel=\"noopener\"><a href=\"https:\/\/www.agenciasp.sp.gov.br\/sp-sempre-alerta-entenda-o-significado-de-cada-alerta-da-defesa-civil\/\" rel=\"noopener\">SP Sempre Alerta: entenda o significado das cores dos avisos da Defesa Civil<\/a><\/strong><\/p>\n<h2 class=\"wp-block-heading\">Ou\u00e7a a previs\u00e3o do tempo no boletim de r\u00e1dio da Defesa Civil<\/h2>\n<figure class=\"wp-block-embed is-type-rich is-provider-soundcloud wp-block-embed-soundcloud\">\n<p>\n<iframe loading=\"lazy\" title=\"Defesa Civil - S\u00e1bado, dia 13\/06,  a atua\u00e7\u00e3o de um cavado meteorol\u00f3gico e a passagem de uma frente fria bem afastada da costa da Regi\u00e3o Sudeste aumentam o potencial para chuvas fortes em diversas regi\u00f5es paulistas by Governo do Estado de S\u00e3o Paulo\" width=\"800\" height=\"400\" scrolling=\"no\" frameborder=\"no\" allow=\"autoplay; encrypted-media\" src=\"https:\/\/w.soundcloud.com\/player\/?visual=true&amp;url=https%3A%2F%2Fapi.soundcloud.com%2Ftracks%2F2338149707&amp;show_artwork=true&amp;maxheight=1000&amp;maxwidth=800\"><\/iframe>\n<\/p>\n<\/figure><\/div>\n<p><br \/>\n<br \/><a href=\"https:\/\/www.agenciasp.sp.gov.br\/previsao-do-tempo-para-sabado-13-em-sp-potencial-para-chuvas-fortes\/\" rel=\"noopener\">Informa\u00e7\u00f5es GOV.SP<\/a><\/p>\n","protected":false},"excerpt":{"rendered":"<p>Neste s\u00e1bado, a atua\u00e7\u00e3o de um cavado meteorol\u00f3gico e a passagem de uma frente fria bem afastada da costa da Regi\u00e3o Sudeste aumentam o potencial para chuvas fortes em diversas regi\u00f5es paulistas. Ao longo do dia, as condi\u00e7\u00f5es seguir\u00e3o favor\u00e1veis \u00e0 ocorr\u00eancia de pancadas de chuva isoladas, com maior frequ\u00eancia e intensidade nos setores noroeste [&hellip;]<\/p>\n","protected":false},"author":1,"featured_media":51250,"comment_status":"","ping_status":"open","sticky":false,"template":"","format":"standard","meta":{"_jetpack_newsletter_access":"","_jetpack_dont_email_post_to_subs":false,"_jetpack_newsletter_tier_id":0,"_jetpack_memberships_contains_paywalled_content":false,"_mbp_banners":[],"_jetpack_feature_clip_id":0,"_jetpack_memberships_contains_paid_content":false,"footnotes":"","jetpack_publicize_message":"","jetpack_publicize_feature_enabled":true,"jetpack_social_post_already_shared":true,"jetpack_social_options":{"image_generator_settings":{"template":"highway","default_image_id":0,"font":"","enabled":false},"version":2},"jetpack_post_was_ever_published":false},"categories":[21],"tags":[],"class_list":["post-68867","post","type-post","status-publish","format-standard","has-post-thumbnail","category-sp-news"],"jetpack_publicize_connections":[],"jetpack-related-posts":[],"jetpack_shortlink":"https:\/\/wp.me\/p7Eq1F-hUL","jetpack_sharing_enabled":true,"jetpack_featured_media_url":"https:\/\/i0.wp.com\/guialimeira.com.br\/news\/wp-content\/uploads\/2025\/12\/Previsao-do-tempo-para-sabado-13-em-SP-dia-comeca.jpg?fit=2048%2C1365&ssl=1","_links":{"self":[{"href":"https:\/\/guialimeira.com.br\/news\/wp-json\/wp\/v2\/posts\/68867","targetHints":{"allow":["GET"]}}],"collection":[{"href":"https:\/\/guialimeira.com.br\/news\/wp-json\/wp\/v2\/posts"}],"about":[{"href":"https:\/\/guialimeira.com.br\/news\/wp-json\/wp\/v2\/types\/post"}],"author":[{"embeddable":true,"href":"https:\/\/guialimeira.com.br\/news\/wp-json\/wp\/v2\/users\/1"}],"replies":[{"embeddable":true,"href":"https:\/\/guialimeira.com.br\/news\/wp-json\/wp\/v2\/comments?post=68867"}],"version-history":[{"count":0,"href":"https:\/\/guialimeira.com.br\/news\/wp-json\/wp\/v2\/posts\/68867\/revisions"}],"wp:featuredmedia":[{"embeddable":true,"href":"https:\/\/guialimeira.com.br\/news\/wp-json\/wp\/v2\/media\/51250"}],"wp:attachment":[{"href":"https:\/\/guialimeira.com.br\/news\/wp-json\/wp\/v2\/media?parent=68867"}],"wp:term":[{"taxonomy":"category","embeddable":true,"href":"https:\/\/guialimeira.com.br\/news\/wp-json\/wp\/v2\/categories?post=68867"},{"taxonomy":"post_tag","embeddable":true,"href":"https:\/\/guialimeira.com.br\/news\/wp-json\/wp\/v2\/tags?post=68867"}],"curies":[{"name":"wp","href":"https:\/\/api.w.org\/{rel}","templated":true}]}}