{"id":68863,"date":"2026-06-12T20:38:31","date_gmt":"2026-06-12T23:38:31","guid":{"rendered":"https:\/\/guialimeira.com.br\/sao-paulo-descarta-segundo-caso-suspeito-de-ebola-apos-analise-de-amostras\/"},"modified":"2026-06-12T20:38:31","modified_gmt":"2026-06-12T23:38:31","slug":"sao-paulo-descarta-segundo-caso-suspeito-de-ebola-apos-analise-de-amostras","status":"publish","type":"post","link":"https:\/\/guialimeira.com.br\/news\/sao-paulo-descarta-segundo-caso-suspeito-de-ebola-apos-analise-de-amostras\/","title":{"rendered":"S\u00e3o Paulo descarta segundo caso suspeito de Ebola ap\u00f3s an\u00e1lise de amostras"},"content":{"rendered":"<p> <br \/>\n<br \/><img data-recalc-dims=\"1\" decoding=\"async\" src=\"https:\/\/i0.wp.com\/www.agenciasp.sp.gov.br\/wp-content\/uploads\/2026\/05\/Emilio-Ribas-exame-amostra-.jpg?w=696&#038;ssl=1\" \/><\/p>\n<div>\n<p class=\"wp-block-paragraph\">A Secretaria de Estado da Sa\u00fade de S\u00e3o Paulo (SES-SP) descartou o segundo caso suspeito de doen\u00e7a pelo v\u00edrus Ebola registrado neste ano no estado. O resultado foi divulgado ap\u00f3s an\u00e1lises de biologia molecular realizadas em duas amostras coletadas em per\u00edodos diferentes.<\/p>\n<p class=\"wp-block-paragraph\">O caso foi notificado na quarta-feira (10), ap\u00f3s uma brasileira de 31 anos, que havia viajado recentemente \u00e0 Rep\u00fablica Democr\u00e1tica do Congo (RDC), apresentar febre e diarreia. Transferida de um hospital particular da capital para o Instituto de Infectologia Em\u00edlio Ribas (IIER), a paciente permanece internada, com evolu\u00e7\u00e3o cl\u00ednica favor\u00e1vel, e recebe tratamento para gastroenterocolite aguda.<\/p>\n<p class=\"wp-block-paragraph\">A investiga\u00e7\u00e3o laboratorial de v\u00edrus associados a febres hemorr\u00e1gicas \u00e9 realizada pelo IAL com t\u00e9cnicas de biologia molecular, como RT-qPCR e sequenciamento gen\u00f4mico, capazes de identificar material gen\u00e9tico viral. Como a primeira amostra da paciente foi coletada antes de 72 horas do in\u00edcio dos sintomas, uma nova coleta foi feita ap\u00f3s esse per\u00edodo, conforme o protocolo da Organiza\u00e7\u00e3o Mundial da Sa\u00fade (OMS). Os dois resultados foram negativos.<\/p>\n<p class=\"wp-block-paragraph\"><strong>LEIA TAMB\u00c9M:<\/strong> <a href=\"https:\/\/www.agenciasp.sp.gov.br\/apos-investigacao-governo-de-sp-descarta-caso-suspeito-do-virus-ebola-em-paciente-internado\/\" rel=\"noopener\">Ap\u00f3s investiga\u00e7\u00e3o, Governo de SP descarta caso suspeito do v\u00edrus Ebola em paciente internado<\/a><\/p>\n<p class=\"wp-block-paragraph\">\u201cUm resultado negativo em amostra coletada antes de 72 horas do in\u00edcio dos sintomas n\u00e3o \u00e9 suficiente para afastar a infec\u00e7\u00e3o. Nessa situa\u00e7\u00e3o, o protocolo prev\u00ea uma nova coleta ap\u00f3s esse per\u00edodo. As duas amostras apresentaram resultado negativo, atendendo ao crit\u00e9rio laboratorial para o descarte do caso\u201d, explica Adriana Bugno, diretora-geral do Instituto Adolfo Lutz.<\/p>\n<h3 class=\"wp-block-heading\"><strong>Vigil\u00e2ncia e casos descartados<\/strong><\/h3>\n<p class=\"wp-block-paragraph\">Em 1\u00ba de junho, o Estado de S\u00e3o Paulo descartou o primeiro caso suspeito de Ebola registrado neste ano, em um homem de 37 anos que havia viajado \u00e0 Rep\u00fablica Democr\u00e1tica do Congo.<\/p>\n<p class=\"wp-block-paragraph\">\u201cCasos suspeitos precisam ser identificados e investigados com rapidez, mesmo quando o risco de introdu\u00e7\u00e3o da doen\u00e7a \u00e9 muito baixo. Isso permite adotar as medidas de assist\u00eancia e biosseguran\u00e7a desde o primeiro atendimento e concluir o diagn\u00f3stico de forma segura\u201d, afirma Regiane de Paula, coordenadora em Sa\u00fade da Coordenadoria de Controle de Doen\u00e7as da SES-SP.<\/p>\n<p class=\"wp-block-paragraph\">Nos dois casos, o Centro de Vigil\u00e2ncia Epidemiol\u00f3gica \u201cProf. Alexandre Vranjac\u201d (CVE-SP) iniciou a investiga\u00e7\u00e3o ap\u00f3s os pacientes atenderem aos crit\u00e9rios cl\u00ednicos e epidemiol\u00f3gicos para a classifica\u00e7\u00e3o como casos suspeitos, considerando o hist\u00f3rico recente de viagem a \u00e1reas com transmiss\u00e3o ativa e os sintomas apresentados. A Central\/Cievs-SP comunicou as notifica\u00e7\u00f5es ao Minist\u00e9rio da Sa\u00fade.<\/p>\n<h3 class=\"wp-block-heading\"><strong>Sintomas e transmiss\u00e3o<\/strong><\/h3>\n<p class=\"wp-block-paragraph\">A doen\u00e7a pelo v\u00edrus Ebola costuma ter in\u00edcio s\u00fabito, com febre alta, dor de cabe\u00e7a intensa, dores musculares, fadiga, n\u00e1useas, v\u00f4mitos, diarreia e dor abdominal. Casos graves podem apresentar manifesta\u00e7\u00f5es hemorr\u00e1gicas e, nas formas cr\u00edticas, choque e insufici\u00eancia de m\u00faltiplos \u00f3rg\u00e3os.<\/p>\n<p class=\"wp-block-paragraph\">\u00c9 considerado suspeito o indiv\u00edduo que, nos 21 dias anteriores ao in\u00edcio dos sintomas, tenha permanecido, residido ou viajado para local com transmiss\u00e3o ativa da doen\u00e7a, ou tenha vindo de pa\u00eds com circula\u00e7\u00e3o do v\u00edrus quando n\u00e3o for poss\u00edvel determinar com seguran\u00e7a os locais visitados, e apresente febre e\/ou calafrios, acompanhados ou n\u00e3o de diarreia, v\u00f4mitos ou manifesta\u00e7\u00f5es hemorr\u00e1gicas.<\/p>\n<p class=\"wp-block-paragraph\">O v\u00edrus n\u00e3o \u00e9 transmitido por via respirat\u00f3ria. A transmiss\u00e3o ocorre ap\u00f3s o in\u00edcio dos sintomas, pelo contato direto com sangue, secre\u00e7\u00f5es, fluidos corporais ou tecidos de pessoas infectadas. N\u00e3o h\u00e1 transmiss\u00e3o durante o per\u00edodo de incuba\u00e7\u00e3o, antes do aparecimento dos sintomas.<\/p>\n<h3 class=\"wp-block-heading\"><strong>Intensifica\u00e7\u00e3o da vigil\u00e2ncia em sa\u00fade<\/strong><\/h3>\n<p class=\"wp-block-paragraph\">Ap\u00f3s a notifica\u00e7\u00e3o do primeiro caso suspeito no estado, posteriormente descartado, a Secretaria de Estado da Sa\u00fade intensificou as a\u00e7\u00f5es de vigil\u00e2ncia epidemiol\u00f3gica.<\/p>\n<p class=\"wp-block-paragraph\">Nos dias 8 e 9 de junho, o Centro de Vigil\u00e2ncia Epidemiol\u00f3gica \u201cProf. Alexandre Vranjac\u201d promoveu treinamento para mais de 1,1 mil profissionais de sa\u00fade de todo o estado, por meio da webconfer\u00eancia \u201cDoen\u00e7a pelo V\u00edrus Ebola: informa\u00e7\u00e3o que protege, vigil\u00e2ncia que salva\u201d.<\/p>\n<p class=\"wp-block-paragraph\">O encontro abordou vigil\u00e2ncia epidemiol\u00f3gica, fluxos de atendimento e notifica\u00e7\u00e3o, prepara\u00e7\u00e3o dos servi\u00e7os, biosseguran\u00e7a e resposta a casos suspeitos. O conte\u00fado est\u00e1 dispon\u00edvel no canal da Coordenadoria de Controle de Doen\u00e7as no YouTube.<\/p>\n<p class=\"wp-block-paragraph\">Em 3 de junho, a SES-SP tamb\u00e9m atualizou a Nota Informativa Conjunta sobre Ebola divulgada no m\u00eas de maio, com novas orienta\u00e7\u00f5es para a identifica\u00e7\u00e3o, notifica\u00e7\u00e3o, investiga\u00e7\u00e3o, manejo e monitoramento de casos suspeitos e contatos.<\/p>\n<p class=\"wp-block-paragraph\">O documento informa que o risco de introdu\u00e7\u00e3o da doen\u00e7a no Brasil e na Am\u00e9rica do Sul permanece muito baixo. Tamb\u00e9m esclarece que, at\u00e9 o momento, n\u00e3o h\u00e1 vacinas licenciadas nem terapias espec\u00edficas aprovadas para o v\u00edrus Bundibugyo. A nota completa est\u00e1 dispon\u00edvel no portal da SES-SP.<\/p>\n<\/p><\/div>\n<p><br \/>\n<br \/><a href=\"https:\/\/www.agenciasp.sp.gov.br\/sao-paulo-descarta-segundo-caso-suspeito-de-ebola-apos-analise-de-amostras\/\" rel=\"noopener\">Informa\u00e7\u00f5es GOV.SP<\/a><\/p>\n","protected":false},"excerpt":{"rendered":"<p>A Secretaria de Estado da Sa\u00fade de S\u00e3o Paulo (SES-SP) descartou o segundo caso suspeito de doen\u00e7a pelo v\u00edrus Ebola registrado neste ano no estado. O resultado foi divulgado ap\u00f3s an\u00e1lises de biologia molecular realizadas em duas amostras coletadas em per\u00edodos diferentes. O caso foi notificado na quarta-feira (10), ap\u00f3s uma brasileira de 31 anos, [&hellip;]<\/p>\n","protected":false},"author":1,"featured_media":67434,"comment_status":"","ping_status":"open","sticky":false,"template":"","format":"standard","meta":{"_jetpack_newsletter_access":"","_jetpack_dont_email_post_to_subs":false,"_jetpack_newsletter_tier_id":0,"_jetpack_memberships_contains_paywalled_content":false,"_mbp_banners":[],"_jetpack_feature_clip_id":0,"_jetpack_memberships_contains_paid_content":false,"footnotes":"","jetpack_publicize_message":"","jetpack_publicize_feature_enabled":true,"jetpack_social_post_already_shared":true,"jetpack_social_options":{"image_generator_settings":{"template":"highway","default_image_id":0,"font":"","enabled":false},"version":2},"jetpack_post_was_ever_published":false},"categories":[21],"tags":[],"class_list":["post-68863","post","type-post","status-publish","format-standard","has-post-thumbnail","category-sp-news"],"jetpack_publicize_connections":[],"jetpack-related-posts":[],"jetpack_shortlink":"https:\/\/wp.me\/p7Eq1F-hUH","jetpack_sharing_enabled":true,"jetpack_featured_media_url":"https:\/\/i0.wp.com\/guialimeira.com.br\/news\/wp-content\/uploads\/2026\/05\/Secretaria-de-Estado-da-Saude-confirma-meningite-meningococica-em-paciente.jpg?fit=2048%2C1365&ssl=1","_links":{"self":[{"href":"https:\/\/guialimeira.com.br\/news\/wp-json\/wp\/v2\/posts\/68863","targetHints":{"allow":["GET"]}}],"collection":[{"href":"https:\/\/guialimeira.com.br\/news\/wp-json\/wp\/v2\/posts"}],"about":[{"href":"https:\/\/guialimeira.com.br\/news\/wp-json\/wp\/v2\/types\/post"}],"author":[{"embeddable":true,"href":"https:\/\/guialimeira.com.br\/news\/wp-json\/wp\/v2\/users\/1"}],"replies":[{"embeddable":true,"href":"https:\/\/guialimeira.com.br\/news\/wp-json\/wp\/v2\/comments?post=68863"}],"version-history":[{"count":0,"href":"https:\/\/guialimeira.com.br\/news\/wp-json\/wp\/v2\/posts\/68863\/revisions"}],"wp:featuredmedia":[{"embeddable":true,"href":"https:\/\/guialimeira.com.br\/news\/wp-json\/wp\/v2\/media\/67434"}],"wp:attachment":[{"href":"https:\/\/guialimeira.com.br\/news\/wp-json\/wp\/v2\/media?parent=68863"}],"wp:term":[{"taxonomy":"category","embeddable":true,"href":"https:\/\/guialimeira.com.br\/news\/wp-json\/wp\/v2\/categories?post=68863"},{"taxonomy":"post_tag","embeddable":true,"href":"https:\/\/guialimeira.com.br\/news\/wp-json\/wp\/v2\/tags?post=68863"}],"curies":[{"name":"wp","href":"https:\/\/api.w.org\/{rel}","templated":true}]}}