{"id":68851,"date":"2026-06-12T18:00:53","date_gmt":"2026-06-12T21:00:53","guid":{"rendered":"https:\/\/guialimeira.com.br\/lu-bogo-participa-de-encontro-das-procuradorias-da-mulher-na-camara-de-sao-paulo\/"},"modified":"2026-06-12T18:00:53","modified_gmt":"2026-06-12T21:00:53","slug":"lu-bogo-participa-de-encontro-das-procuradorias-da-mulher-na-camara-de-sao-paulo","status":"publish","type":"post","link":"https:\/\/guialimeira.com.br\/news\/lu-bogo-participa-de-encontro-das-procuradorias-da-mulher-na-camara-de-sao-paulo\/","title":{"rendered":"Lu Bogo participa de encontro das Procuradorias da Mulher na C\u00e2mara de S\u00e3o Paulo"},"content":{"rendered":"<p>Lu Bogo participa de encontro das Procuradorias da Mulher na C\u00e2mara de S\u00e3o Paulo<\/p>\n<p>A procuradora Especial da Mulher da C\u00e2mara de Limeira, vereadora Lu Bogo (PL), participou nesta quinta-feira, 11 de junho, na C\u00e2mara Municipal de S\u00e3o Paulo, do &#8220;1\u00ba Encontro das Procuradorias Especiais da Mulher dos Munic\u00edpios de S\u00e3o Paulo&#8221;, que reuniu representantes das procuradorias de Limeira, Piracicaba, Jardin\u00f3polis, Iacanga, Loren, Guariba, Aruj\u00e1 e Praia Grande, promovendo a troca de experi\u00eancias, fortalecimento institucional e o debate sobre as pol\u00edticas p\u00fablicas voltadas \u00e0 prote\u00e7\u00e3o e garantia dos direitos das mulheres.<\/p>\n<p>Na ocasi\u00e3o, a vereadora Lu Bogo falou das a\u00e7\u00f5es da Procuradoria Especial da Mulher e da presen\u00e7a da Procuradoria nos bairros, por meio de palestras que orientam onde buscar ajuda e informa\u00e7\u00f5es. &#8220;Parabenizo a vereadora Dra. Sandra Tadeu pela iniciativa em realizar este evento, esta troca de experi\u00eancias. Que as cidades que ainda n\u00e3o tem a Procuradoria vejam o quanto \u00e9 importante ter este \u00f3rg\u00e3o que ajuda na articula\u00e7\u00e3o com a rede de prote\u00e7\u00e3o, ajuda com orienta\u00e7\u00e3o para os servi\u00e7os do nosso Estado e assim vamos fortalecer as leis j\u00e1 existentes na preven\u00e7\u00e3o \u00e0 viol\u00eancia em todas as suas formas\u201d, destacou.<\/p>\n<p>&#8220;Muitas cidades como Limeira tem a Procuradoria desde 2013 e s\u00e3o exemplo para outras cidades. A Procuradoria Especial da Mulher \u00e9 uma porta aberta para receber a mulher v\u00edtima de viol\u00eancia, em suas mais diversas formas, e aqui vamos cobrar a aplica\u00e7\u00e3o das leis j\u00e1 vigentes, buscar a aplica\u00e7\u00e3o de pol\u00edticas p\u00fablicas voltadas \u00e0 preven\u00e7\u00e3o e atendimento \u00e0s mulheres, queremos que todas as cidades do Estado tenham uma Procuradoria da Mulher&#8221;, explicou a organizadora do evento, vereadora e procuradora Sandra Tadeu (PL).<\/p>\n<p>Ao fazer uso da Tribuna, Lu Bogo parabenizou a iniciativa do encontro. &#8220;O nosso trabalho enquanto procuradora da mulher \u00e9 dar o acolhimento, dar aten\u00e7\u00e3o e orientar, dar o encaminhamento a esta mulher. Ela n\u00e3o est\u00e1 sozinha e juntas vamos somar for\u00e7as para ela retomar sua vida&#8221;, ressaltou.<\/p>\n<p>As palestras deste primeiro encontro abordaram os temas &#8220;Os 20 anos da Lei Maria da Penha&#8221;, com a promotora de justi\u00e7a do Minist\u00e9rio P\u00fablico de S\u00e3o Paulo (MPSP), Juliana Mendon\u00e7a Gentil Tocunduva; e &#8220;Lei Maria da Penha e a Rede de Prote\u00e7\u00e3o &#8211; Informa\u00e7\u00e3o que Acolhe, Conhecimento que Protege&#8221;, com a delegada Renata Lima de Andrade Cruppi (N\u00facleo Especial Criminal de Diadema).<\/p>\n<p>Do Gabinete da Procuradoria Especial da Mulher<\/p>\n<p>*Fotos do Gabinete da Procuradoria Especial da Mulher<\/p>\n<p>As mat\u00e9rias de origem dos Gabinetes Parlamentares s\u00e3o de inteira\u00a0 responsabilidade dos parlamentares e de suas assessorias. S\u00e3o devidamente assinadas e n\u00e3o refletem, necessariamente, a opini\u00e3o institucional da C\u00e2mara Municipal de Limeira.<\/p>\n<hr>\n<p><em>Fonte: <a href=\"https:\/\/www.limeira.sp.leg.br\/noticias\/view\/2026-06-12_lu-bogo-participa-de-encontro-das-procuradorias-da-mulher-na-camara-de-sao-paulo\" target=\"_blank\" rel=\"noopener\">C\u00e2mara Municipal de Limeira<\/a><\/em><\/p>\n","protected":false},"excerpt":{"rendered":"<p>Lu Bogo participa de encontro das Procuradorias da Mulher na C\u00e2mara de S\u00e3o Paulo<\/p>\n<p>A procuradora Especial da Mulher da C\u00e2mara de Limeira, vereadora Lu Bogo (PL), participou nesta quinta-feira, 11 de junho, na C\u00e2mara Municipal de S\u00e3o Paulo, do &#8220;1\u00ba Encontro das Procuradorias Especiais da Mulher dos Mun<\/p>\n","protected":false},"author":4,"featured_media":68850,"comment_status":"","ping_status":"open","sticky":false,"template":"","format":"standard","meta":{"_jetpack_newsletter_access":"","_jetpack_dont_email_post_to_subs":false,"_jetpack_newsletter_tier_id":0,"_jetpack_memberships_contains_paywalled_content":false,"_mbp_banners":[],"_jetpack_feature_clip_id":0,"_jetpack_memberships_contains_paid_content":false,"footnotes":"","jetpack_publicize_message":"","jetpack_publicize_feature_enabled":true,"jetpack_social_post_already_shared":true,"jetpack_social_options":{"image_generator_settings":{"template":"highway","default_image_id":0,"font":"","enabled":false},"version":2},"jetpack_post_was_ever_published":false},"categories":[19],"tags":[],"class_list":["post-68851","post","type-post","status-publish","format-standard","has-post-thumbnail","category-politica"],"jetpack_publicize_connections":[],"jetpack-related-posts":[],"jetpack_shortlink":"https:\/\/wp.me\/p7Eq1F-hUv","jetpack_sharing_enabled":true,"jetpack_featured_media_url":"https:\/\/i0.wp.com\/guialimeira.com.br\/news\/wp-content\/uploads\/2026\/06\/noticia-camara-55.jpg?fit=1280%2C640&ssl=1","_links":{"self":[{"href":"https:\/\/guialimeira.com.br\/news\/wp-json\/wp\/v2\/posts\/68851","targetHints":{"allow":["GET"]}}],"collection":[{"href":"https:\/\/guialimeira.com.br\/news\/wp-json\/wp\/v2\/posts"}],"about":[{"href":"https:\/\/guialimeira.com.br\/news\/wp-json\/wp\/v2\/types\/post"}],"author":[{"embeddable":true,"href":"https:\/\/guialimeira.com.br\/news\/wp-json\/wp\/v2\/users\/4"}],"replies":[{"embeddable":true,"href":"https:\/\/guialimeira.com.br\/news\/wp-json\/wp\/v2\/comments?post=68851"}],"version-history":[{"count":0,"href":"https:\/\/guialimeira.com.br\/news\/wp-json\/wp\/v2\/posts\/68851\/revisions"}],"wp:featuredmedia":[{"embeddable":true,"href":"https:\/\/guialimeira.com.br\/news\/wp-json\/wp\/v2\/media\/68850"}],"wp:attachment":[{"href":"https:\/\/guialimeira.com.br\/news\/wp-json\/wp\/v2\/media?parent=68851"}],"wp:term":[{"taxonomy":"category","embeddable":true,"href":"https:\/\/guialimeira.com.br\/news\/wp-json\/wp\/v2\/categories?post=68851"},{"taxonomy":"post_tag","embeddable":true,"href":"https:\/\/guialimeira.com.br\/news\/wp-json\/wp\/v2\/tags?post=68851"}],"curies":[{"name":"wp","href":"https:\/\/api.w.org\/{rel}","templated":true}]}}