{"id":68845,"date":"2026-06-12T17:33:26","date_gmt":"2026-06-12T20:33:26","guid":{"rendered":"https:\/\/guialimeira.com.br\/carro-com-700-kg-de-maconha-e-apreendido-pela-policia-rodoviaria-no-interior-de-sao-paulo\/"},"modified":"2026-06-12T17:33:26","modified_gmt":"2026-06-12T20:33:26","slug":"carro-com-700-kg-de-maconha-e-apreendido-pela-policia-rodoviaria-no-interior-de-sao-paulo","status":"publish","type":"post","link":"https:\/\/guialimeira.com.br\/news\/carro-com-700-kg-de-maconha-e-apreendido-pela-policia-rodoviaria-no-interior-de-sao-paulo\/","title":{"rendered":"Carro com 700 kg de maconha \u00e9 apreendido pela Pol\u00edcia Rodovi\u00e1ria no interior de S\u00e3o Paulo"},"content":{"rendered":"<p> <br \/>\n<\/p>\n<div>\n<p class=\"wp-block-paragraph\">Um carro carregado com cerca de 700 quilos de maconha foi apreendido pela Pol\u00edcia Militar Rodovi\u00e1ria nesta sexta-feira (12), em Assis, no interior de S\u00e3o Paulo. A apreens\u00e3o aconteceu durante a Opera\u00e7\u00e3o Impacto.<\/p>\n<p class=\"wp-block-paragraph\">Segundo a Pol\u00edcia Militar, equipes do 2\u00ba Batalh\u00e3o de Pol\u00edcia Rodovi\u00e1ria (BPRv) avistaram o ve\u00edculo trafegando pela Rodovia Raposo Tavares com excesso de peso aparente. Diante da suspeita, os policiais deram sinal de parada, mas o motorista n\u00e3o obedeceu e iniciou uma fuga.<\/p>\n<p class=\"wp-block-paragraph\"><strong>LEIA TAMB\u00c9M: <\/strong><a href=\"https:\/\/www.agenciasp.sp.gov.br\/pm-rodoviaria-apreende-quase-100-kg-de-skunk-em-presidente-prudente\/\" rel=\"noopener\">PM Rodovi\u00e1ria apreende quase 100 kg de skunk em Presidente Prudente<\/a><\/p>\n<p class=\"wp-block-paragraph\">Ap\u00f3s o acompanhamento, o suspeito abandonou o carro \u00e0s margens da rodovia e correu em dire\u00e7\u00e3o ao matagal, conseguindo escapar antes que fosse alcan\u00e7ado pelas equipes.<\/p>\n<figure class=\"wp-block-image size-large\"><img data-recalc-dims=\"1\" fetchpriority=\"high\" decoding=\"async\" width=\"696\" height=\"392\" src=\"https:\/\/i0.wp.com\/www.agenciasp.sp.gov.br\/wp-content\/uploads\/2026\/06\/WhatsApp-Image-2026-06-12-at-16.39.42-1-1024x576.jpeg?resize=696%2C392&#038;ssl=1\" alt=\"\" class=\"wp-image-151700 lazy\" srcset=\"https:\/\/www.agenciasp.sp.gov.br\/wp-content\/uploads\/2026\/06\/WhatsApp-Image-2026-06-12-at-16.39.42-1-1024x576.jpeg 1024w, https:\/\/www.agenciasp.sp.gov.br\/wp-content\/uploads\/2026\/06\/WhatsApp-Image-2026-06-12-at-16.39.42-1-300x169.jpeg 300w, https:\/\/www.agenciasp.sp.gov.br\/wp-content\/uploads\/2026\/06\/WhatsApp-Image-2026-06-12-at-16.39.42-1-768x432.jpeg 768w, https:\/\/www.agenciasp.sp.gov.br\/wp-content\/uploads\/2026\/06\/WhatsApp-Image-2026-06-12-at-16.39.42-1-1536x864.jpeg 1536w, https:\/\/www.agenciasp.sp.gov.br\/wp-content\/uploads\/2026\/06\/WhatsApp-Image-2026-06-12-at-16.39.42-1-150x84.jpeg 150w, https:\/\/www.agenciasp.sp.gov.br\/wp-content\/uploads\/2026\/06\/WhatsApp-Image-2026-06-12-at-16.39.42-1.jpeg 1599w\" data-sizes=\"(max-width: 1024px) 100vw, 1024px\"\/><figcaption class=\"wp-element-caption\"><em>Excesso de peso chamou a aten\u00e7\u00e3o dos policiais rodovi\u00e1rios  Foto: Divulga\u00e7\u00e3o\/Governo de SP<\/em><\/figcaption><\/figure>\n<p class=\"wp-block-paragraph\">Na vistoria do ve\u00edculo, os policiais encontraram os tijolos de drogas escondidos no carro. O caso foi encaminhado \u00e0 Pol\u00edcia Federal de Ara\u00e7atuba, onde foi registrado como tr\u00e1fico de drogas.<\/p>\n<\/p><\/div>\n<p><br \/>\n<br \/><a href=\"https:\/\/www.agenciasp.sp.gov.br\/carro-com-700-kg-de-maconha-e-apreendido-pela-policia-rodoviaria-no-interior-de-sao-paulo\/\" rel=\"noopener\">Informa\u00e7\u00f5es GOV.SP<\/a><\/p>\n","protected":false},"excerpt":{"rendered":"<p>Um carro carregado com cerca de 700 quilos de maconha foi apreendido pela Pol\u00edcia Militar Rodovi\u00e1ria nesta sexta-feira (12), em Assis, no interior de S\u00e3o Paulo. A apreens\u00e3o aconteceu durante a Opera\u00e7\u00e3o Impacto. Segundo a Pol\u00edcia Militar, equipes do 2\u00ba Batalh\u00e3o de Pol\u00edcia Rodovi\u00e1ria (BPRv) avistaram o ve\u00edculo trafegando pela Rodovia Raposo Tavares com excesso [&hellip;]<\/p>\n","protected":false},"author":1,"featured_media":68846,"comment_status":"","ping_status":"open","sticky":false,"template":"","format":"standard","meta":{"_jetpack_newsletter_access":"","_jetpack_dont_email_post_to_subs":false,"_jetpack_newsletter_tier_id":0,"_jetpack_memberships_contains_paywalled_content":false,"_mbp_banners":[],"_jetpack_feature_clip_id":0,"_jetpack_memberships_contains_paid_content":false,"footnotes":"","jetpack_publicize_message":"","jetpack_publicize_feature_enabled":true,"jetpack_social_post_already_shared":true,"jetpack_social_options":{"image_generator_settings":{"template":"highway","default_image_id":0,"font":"","enabled":false},"version":2},"jetpack_post_was_ever_published":false},"categories":[21],"tags":[],"class_list":["post-68845","post","type-post","status-publish","format-standard","has-post-thumbnail","category-sp-news"],"jetpack_publicize_connections":[],"jetpack-related-posts":[],"jetpack_shortlink":"https:\/\/wp.me\/p7Eq1F-hUp","jetpack_sharing_enabled":true,"jetpack_featured_media_url":"https:\/\/i0.wp.com\/guialimeira.com.br\/news\/wp-content\/uploads\/2026\/06\/Carro-com-700-kg-de-maconha-e-apreendido-pela-Policia.jpeg?fit=1024%2C576&ssl=1","_links":{"self":[{"href":"https:\/\/guialimeira.com.br\/news\/wp-json\/wp\/v2\/posts\/68845","targetHints":{"allow":["GET"]}}],"collection":[{"href":"https:\/\/guialimeira.com.br\/news\/wp-json\/wp\/v2\/posts"}],"about":[{"href":"https:\/\/guialimeira.com.br\/news\/wp-json\/wp\/v2\/types\/post"}],"author":[{"embeddable":true,"href":"https:\/\/guialimeira.com.br\/news\/wp-json\/wp\/v2\/users\/1"}],"replies":[{"embeddable":true,"href":"https:\/\/guialimeira.com.br\/news\/wp-json\/wp\/v2\/comments?post=68845"}],"version-history":[{"count":0,"href":"https:\/\/guialimeira.com.br\/news\/wp-json\/wp\/v2\/posts\/68845\/revisions"}],"wp:featuredmedia":[{"embeddable":true,"href":"https:\/\/guialimeira.com.br\/news\/wp-json\/wp\/v2\/media\/68846"}],"wp:attachment":[{"href":"https:\/\/guialimeira.com.br\/news\/wp-json\/wp\/v2\/media?parent=68845"}],"wp:term":[{"taxonomy":"category","embeddable":true,"href":"https:\/\/guialimeira.com.br\/news\/wp-json\/wp\/v2\/categories?post=68845"},{"taxonomy":"post_tag","embeddable":true,"href":"https:\/\/guialimeira.com.br\/news\/wp-json\/wp\/v2\/tags?post=68845"}],"curies":[{"name":"wp","href":"https:\/\/api.w.org\/{rel}","templated":true}]}}