{"id":68842,"date":"2026-06-12T17:07:22","date_gmt":"2026-06-12T20:07:22","guid":{"rendered":"https:\/\/guialimeira.com.br\/?p=68842"},"modified":"2026-06-12T17:07:22","modified_gmt":"2026-06-12T20:07:22","slug":"colo-de-deus-abre-shows-de-aniversario-de-cordeiropolis-festa-continua-na-praca-prefeitura-municipal-de-cordeiropolis","status":"publish","type":"post","link":"https:\/\/guialimeira.com.br\/news\/colo-de-deus-abre-shows-de-aniversario-de-cordeiropolis-festa-continua-na-praca-prefeitura-municipal-de-cordeiropolis\/","title":{"rendered":"Colo de Deus abre shows de anivers\u00e1rio de Cordeir\u00f3polis; festa continua na pra\u00e7a \u2013 Prefeitura Municipal de Cordeir\u00f3polis"},"content":{"rendered":"<p> <br \/>\n<\/p>\n<div>\n<p>A comunidade cat\u00f3lica Colo de Deus deu in\u00edcio aos shows de anivers\u00e1rio de 78 anos de Cordeir\u00f3polis na noite de quinta-feira (11). Antes, a banda Gera\u00e7\u00e3o Escolhida fez um show de abertura para o p\u00fablico, que lotou a Rua Carlos Gomes, onde o palco principal \u201cJo\u00e3o Pac\u00edfico\u201d est\u00e1 instalado, na Pra\u00e7a Central \u201cComendador Jamil Abrah\u00e3o Saad\u201d.<\/p>\n<p>Para chegar a Cordeir\u00f3polis, a banda enfrentou quase 10 horas de viagem de \u00f4nibus. O voo deles de Maring\u00e1 (PR) foi cancelado devido \u00e0s chuvas. Mesmo assim, os m\u00fasicos embarcaram em um \u00f4nibus para chegar a tempo do evento em Cordeir\u00f3polis. O show encantou o p\u00fablico em uma noite marcada pela f\u00e9 e a emo\u00e7\u00e3o, com o p\u00fablico de Cordeir\u00f3polis, Limeira, Araras e regi\u00e3o.<\/p>\n<p>Nesta sexta-feira (12), a festa continua com o show da banda Cordeiro In Canto, \u00e0s 20h30. O grupo \u00e9 formado por cantores e m\u00fasicos cordeiropolenses. Eles tocam no Palco Jo\u00e3o Pac\u00edfico. Na sequ\u00eancia, sobe ao palco o cantor Lucas Carneiro, tamb\u00e9m de Cordeir\u00f3polis.<\/p>\n<p>Neste s\u00e1bado (13), \u00e0s 9h, a programa\u00e7\u00e3o cultural d\u00e1 lugar \u00e0 inaugura\u00e7\u00e3o do viaduto Bicenten\u00e1rio da Independ\u00eancia do Brasil. A cerim\u00f4nia ser\u00e1 na rotat\u00f3ria da Avenida Presidente Vargas. \u00c0s 19h, tem transmiss\u00e3o do jogo do Brasil contra Marrocos na Copa do Mundo, em um tel\u00e3o na pra\u00e7a. Logo ap\u00f3s, S\u00f3 Pra Contrariar toca no palco Jo\u00e3o Pac\u00edfico.<\/p>\n<p>No domingo (14), as atra\u00e7\u00f5es come\u00e7am pela manh\u00e3, \u00e0s 10h, com a Orquestra de Violeiros Trevisani Nel Mondo, seguida pelo show de Marcos Violeiro &amp; Baltazar, \u00e0s 11h30 \u2013 ambas no Palco L\u00e9o Batista. \u00c0 noite, a Banda Vinil se apresenta \u00e0s 19h no mesmo palco. O encerramento fica por conta do show do Ultraje a Rigor, \u00e0s 21h, no Palco Jo\u00e3o Pac\u00edfico.<\/p>\n<figure class=\"wp-block-gallery has-nested-images columns-default is-cropped wp-block-gallery-1 is-layout-flex wp-block-gallery-is-layout-flex\">\n<figure class=\"wp-block-image size-large\"><\/figure>\n<figure class=\"wp-block-image size-large\"><img data-recalc-dims=\"1\" decoding=\"async\" loading=\"lazy\" width=\"696\" height=\"392\" data-id=\"32898\" src=\"https:\/\/i0.wp.com\/guialimeira.com.br\/wp-content\/uploads\/2026\/06\/1781294840_554_Colo-de-Deus-abre-shows-de-aniversario-de-Cordeiropolis-festa.jpeg?resize=696%2C392&#038;ssl=1\" alt=\"\" class=\"wp-image-32898\" \/><\/figure>\n<figure class=\"wp-block-image size-large\"><img data-recalc-dims=\"1\" decoding=\"async\" data-attachment-id=\"32897\" data-permalink=\"https:\/\/guialimeira.com.br\/news\/nebulizacao-contra-dengue-avanca-amanha-13-para-belinha-ometto-confira-orientacoes\/m_137_0_1_12052025145558-jpg\/\" data-orig-file=\"https:\/\/i0.wp.com\/guialimeira.com.br\/news\/wp-content\/uploads\/2025\/05\/m_137_0_1_12052025145558.jpg?fit=900%2C599&amp;ssl=1\" data-orig-size=\"900,599\" data-comments-opened=\"1\" data-image-meta=\"{&quot;aperture&quot;:&quot;0&quot;,&quot;credit&quot;:&quot;&quot;,&quot;camera&quot;:&quot;&quot;,&quot;caption&quot;:&quot;&quot;,&quot;created_timestamp&quot;:&quot;0&quot;,&quot;copyright&quot;:&quot;&quot;,&quot;focal_length&quot;:&quot;0&quot;,&quot;iso&quot;:&quot;0&quot;,&quot;shutter_speed&quot;:&quot;0&quot;,&quot;title&quot;:&quot;&quot;,&quot;orientation&quot;:&quot;0&quot;}\" data-image-title=\"m_137_0_1_12052025145558.jpg\" data-image-description=\"\" data-image-caption=\"\" data-large-file=\"https:\/\/i0.wp.com\/guialimeira.com.br\/news\/wp-content\/uploads\/2025\/05\/m_137_0_1_12052025145558.jpg?fit=696%2C463&amp;ssl=1\" loading=\"lazy\" width=\"696\" height=\"392\" data-id=\"32897\" src=\"https:\/\/i0.wp.com\/guialimeira.com.br\/wp-content\/uploads\/2026\/06\/1781294840_940_Colo-de-Deus-abre-shows-de-aniversario-de-Cordeiropolis-festa.jpeg?resize=696%2C392&#038;ssl=1\" alt=\"\" class=\"wp-image-32897\" \/><\/figure>\n<figure class=\"wp-block-image size-large\"><img data-recalc-dims=\"1\" decoding=\"async\" loading=\"lazy\" width=\"696\" height=\"392\" data-id=\"32896\" src=\"https:\/\/i0.wp.com\/guialimeira.com.br\/wp-content\/uploads\/2026\/06\/1781294840_312_Colo-de-Deus-abre-shows-de-aniversario-de-Cordeiropolis-festa.jpeg?resize=696%2C392&#038;ssl=1\" alt=\"\" class=\"wp-image-32896\" \/><\/figure>\n<figure class=\"wp-block-image size-large\"><img data-recalc-dims=\"1\" decoding=\"async\" data-attachment-id=\"32895\" data-permalink=\"https:\/\/guialimeira.com.br\/news\/taxa-de-homicidio-cai-mas-violencia-matou-457-mil-no-brasil-em-2023\/vac_abr0211234978-jpg\/\" data-orig-file=\"https:\/\/i0.wp.com\/guialimeira.com.br\/news\/wp-content\/uploads\/2025\/05\/vac_abr0211234978.jpg?fit=1600%2C800&amp;ssl=1\" data-orig-size=\"1600,800\" data-comments-opened=\"1\" data-image-meta=\"{&quot;aperture&quot;:&quot;0&quot;,&quot;credit&quot;:&quot;&quot;,&quot;camera&quot;:&quot;&quot;,&quot;caption&quot;:&quot;&quot;,&quot;created_timestamp&quot;:&quot;0&quot;,&quot;copyright&quot;:&quot;&quot;,&quot;focal_length&quot;:&quot;0&quot;,&quot;iso&quot;:&quot;0&quot;,&quot;shutter_speed&quot;:&quot;0&quot;,&quot;title&quot;:&quot;&quot;,&quot;orientation&quot;:&quot;0&quot;}\" data-image-title=\"vac_abr0211234978.jpg\" data-image-description=\"\" data-image-caption=\"\" data-large-file=\"https:\/\/i0.wp.com\/guialimeira.com.br\/news\/wp-content\/uploads\/2025\/05\/vac_abr0211234978.jpg?fit=696%2C348&amp;ssl=1\" loading=\"lazy\" width=\"696\" height=\"392\" data-id=\"32895\" src=\"https:\/\/i0.wp.com\/guialimeira.com.br\/wp-content\/uploads\/2026\/06\/1781294840_105_Colo-de-Deus-abre-shows-de-aniversario-de-Cordeiropolis-festa.jpeg?resize=696%2C392&#038;ssl=1\" alt=\"\" class=\"wp-image-32895\" \/><\/figure>\n<figure class=\"wp-block-image size-large\"><img data-recalc-dims=\"1\" decoding=\"async\" loading=\"lazy\" width=\"696\" height=\"392\" data-id=\"32894\" src=\"https:\/\/i0.wp.com\/guialimeira.com.br\/wp-content\/uploads\/2026\/06\/1781294840_227_Colo-de-Deus-abre-shows-de-aniversario-de-Cordeiropolis-festa.jpeg?resize=696%2C392&#038;ssl=1\" alt=\"\" class=\"wp-image-32894\" \/><\/figure>\n<figure class=\"wp-block-image size-large\"><img data-recalc-dims=\"1\" decoding=\"async\" data-attachment-id=\"32893\" data-permalink=\"https:\/\/guialimeira.com.br\/news\/china-ampliara-em-us-27-bilhoes-investimentos-no-brasil-anuncia-lula\/54514358141_cbe0b525b7_o-jpg\/\" data-orig-file=\"https:\/\/i0.wp.com\/guialimeira.com.br\/news\/wp-content\/uploads\/2025\/05\/54514358141_cbe0b525b7_o.jpg?fit=1600%2C800&amp;ssl=1\" data-orig-size=\"1600,800\" data-comments-opened=\"1\" data-image-meta=\"{&quot;aperture&quot;:&quot;0&quot;,&quot;credit&quot;:&quot;&quot;,&quot;camera&quot;:&quot;&quot;,&quot;caption&quot;:&quot;&quot;,&quot;created_timestamp&quot;:&quot;0&quot;,&quot;copyright&quot;:&quot;&quot;,&quot;focal_length&quot;:&quot;0&quot;,&quot;iso&quot;:&quot;0&quot;,&quot;shutter_speed&quot;:&quot;0&quot;,&quot;title&quot;:&quot;&quot;,&quot;orientation&quot;:&quot;0&quot;}\" data-image-title=\"54514358141_cbe0b525b7_o.jpg\" data-image-description=\"\" data-image-caption=\"\" data-large-file=\"https:\/\/i0.wp.com\/guialimeira.com.br\/news\/wp-content\/uploads\/2025\/05\/54514358141_cbe0b525b7_o.jpg?fit=696%2C348&amp;ssl=1\" loading=\"lazy\" width=\"696\" height=\"392\" data-id=\"32893\" src=\"https:\/\/i0.wp.com\/guialimeira.com.br\/wp-content\/uploads\/2026\/06\/1781294840_251_Colo-de-Deus-abre-shows-de-aniversario-de-Cordeiropolis-festa.jpeg?resize=696%2C392&#038;ssl=1\" alt=\"\" class=\"wp-image-32893\" \/><\/figure>\n<\/figure><\/div>\n<p><br \/>\n<br \/><a href=\"https:\/\/cordeiropolis.sp.gov.br\/colo-de-deus-abre-shows-de-aniversario-de-cordeiropolis-festa-continua-na-praca\/\" rel=\"noopener\">Informa\u00e7\u00f5es Cordeir\u00f3polis <\/a><\/p>\n","protected":false},"excerpt":{"rendered":"<p>A comunidade cat\u00f3lica Colo de Deus deu in\u00edcio aos shows de anivers\u00e1rio de 78 anos de Cordeir\u00f3polis na noite de quinta-feira (11). Antes, a banda Gera\u00e7\u00e3o Escolhida fez um show de abertura para o p\u00fablico, que lotou a Rua Carlos Gomes, onde o palco principal \u201cJo\u00e3o Pac\u00edfico\u201d est\u00e1 instalado, na Pra\u00e7a Central \u201cComendador Jamil Abrah\u00e3o [&hellip;]<\/p>\n","protected":false},"author":1,"featured_media":68843,"comment_status":"closed","ping_status":"open","sticky":false,"template":"","format":"standard","meta":{"_jetpack_newsletter_access":"","_jetpack_dont_email_post_to_subs":false,"_jetpack_newsletter_tier_id":0,"_jetpack_memberships_contains_paywalled_content":false,"_mbp_banners":[],"_jetpack_feature_clip_id":0,"_jetpack_memberships_contains_paid_content":false,"footnotes":"","jetpack_publicize_message":"","jetpack_publicize_feature_enabled":true,"jetpack_social_post_already_shared":true,"jetpack_social_options":{"image_generator_settings":{"template":"highway","default_image_id":0,"font":"","enabled":false},"version":2},"jetpack_post_was_ever_published":false},"categories":[20],"tags":[],"class_list":["post-68842","post","type-post","status-publish","format-standard","has-post-thumbnail","category-regiao"],"jetpack_publicize_connections":[],"jetpack-related-posts":[],"jetpack_shortlink":"https:\/\/wp.me\/p7Eq1F-hUm","jetpack_sharing_enabled":true,"jetpack_featured_media_url":"https:\/\/i0.wp.com\/guialimeira.com.br\/news\/wp-content\/uploads\/2026\/06\/Colo-de-Deus-abre-shows-de-aniversario-de-Cordeiropolis-festa.jpeg?fit=1024%2C576&ssl=1","_links":{"self":[{"href":"https:\/\/guialimeira.com.br\/news\/wp-json\/wp\/v2\/posts\/68842","targetHints":{"allow":["GET"]}}],"collection":[{"href":"https:\/\/guialimeira.com.br\/news\/wp-json\/wp\/v2\/posts"}],"about":[{"href":"https:\/\/guialimeira.com.br\/news\/wp-json\/wp\/v2\/types\/post"}],"author":[{"embeddable":true,"href":"https:\/\/guialimeira.com.br\/news\/wp-json\/wp\/v2\/users\/1"}],"replies":[{"embeddable":true,"href":"https:\/\/guialimeira.com.br\/news\/wp-json\/wp\/v2\/comments?post=68842"}],"version-history":[{"count":1,"href":"https:\/\/guialimeira.com.br\/news\/wp-json\/wp\/v2\/posts\/68842\/revisions"}],"predecessor-version":[{"id":68844,"href":"https:\/\/guialimeira.com.br\/news\/wp-json\/wp\/v2\/posts\/68842\/revisions\/68844"}],"wp:featuredmedia":[{"embeddable":true,"href":"https:\/\/guialimeira.com.br\/news\/wp-json\/wp\/v2\/media\/68843"}],"wp:attachment":[{"href":"https:\/\/guialimeira.com.br\/news\/wp-json\/wp\/v2\/media?parent=68842"}],"wp:term":[{"taxonomy":"category","embeddable":true,"href":"https:\/\/guialimeira.com.br\/news\/wp-json\/wp\/v2\/categories?post=68842"},{"taxonomy":"post_tag","embeddable":true,"href":"https:\/\/guialimeira.com.br\/news\/wp-json\/wp\/v2\/tags?post=68842"}],"curies":[{"name":"wp","href":"https:\/\/api.w.org\/{rel}","templated":true}]}}