{"id":6884,"date":"2024-05-29T12:54:48","date_gmt":"2024-05-29T15:54:48","guid":{"rendered":"https:\/\/guialimeira.com.br\/2024\/05\/29\/igp-m-indice-usado-no-reajuste-do-aluguel-sobe-089-em-maio\/"},"modified":"2024-05-29T12:54:48","modified_gmt":"2024-05-29T15:54:48","slug":"igp-m-indice-usado-no-reajuste-do-aluguel-sobe-089-em-maio","status":"publish","type":"post","link":"https:\/\/guialimeira.com.br\/news\/igp-m-indice-usado-no-reajuste-do-aluguel-sobe-089-em-maio\/","title":{"rendered":"IGP-M: \u00edndice usado no reajuste do aluguel sobe 0,89% em maio"},"content":{"rendered":"<p> <br \/>\n<\/p>\n<div>\n<p>O \u00cdndice Geral de Pre\u00e7os &#8211; Mercado (IGP-M), conhecido como \u201cinfla\u00e7\u00e3o do aluguel\u201d,\u00a0subiu 0,89% em maio, registrando uma acelera\u00e7\u00e3o em rela\u00e7\u00e3o ao m\u00eas anterior, quando apresentou taxa de 0,31%. Com esse resultado, o \u00edndice acumula alta de 0,28% no ano e queda de 0,34% nos \u00faltimos 12 meses. Em maio de 2023, ele tinha registrado taxa de -1,84% no m\u00eas e acumulava queda de 4,47% em 12 meses anteriores. O IGP-M \u00e9 calculado pelo Instituto Brasileiro de Economia da Funda\u00e7\u00e3o Getulio Vargas (FGV-Ibre).<img data-recalc-dims=\"1\" decoding=\"async\" src=\"https:\/\/i0.wp.com\/agenciabrasil.ebc.com.br\/ebc.png?w=696&#038;ssl=1\" style=\"width:1px; height:1px; display:inline;\"\/><img data-recalc-dims=\"1\" decoding=\"async\" src=\"https:\/\/i0.wp.com\/agenciabrasil.ebc.com.br\/ebc.gif?w=696&#038;ssl=1\" style=\"width:1px; height:1px; display:inline;\"\/><\/p>\n<p>Em maio, o \u00cdndice de Pre\u00e7os ao Produtor Amplo (IPA) subiu 1,06%, uma expressiva acelera\u00e7\u00e3o em rela\u00e7\u00e3o ao comportamento observado em abril, quando registrou alta de 0,29%. O grupo de Bens Finais variou 0,06% em maio, uma varia\u00e7\u00e3o superior a taxa de -0,13% registrada no m\u00eas anterior.<\/p>\n<p>Esse acr\u00e9scimo foi impulsionado principalmente pelo subgrupo de alimentos processados, cuja taxa passou de -0,39% para 1,07%, no mesmo intervalo. Al\u00e9m disso, o \u00edndice correspondente a bens finais, que exclui os subgrupos de alimentos in natura e combust\u00edveis para consumo, variou de 0,05% em abril para 0,50% em maio.<\/p>\n<p>A taxa do grupo Bens Intermedi\u00e1rios subiu 1,03% em maio, intensificando a alta observada no m\u00eas anterior, quando registrou 0,72%. O principal fator que influenciou esse movimento foi o subgrupo de materiais e componentes para a manufatura, cuja taxa passou de 0,85% para 1,44%.<\/p>\n<p>O \u00edndice de Bens Intermedi\u00e1rios (excluindo o subgrupo de combust\u00edveis e lubrificantes para a produ\u00e7\u00e3o) registrou alta de 1,01% em maio, ap\u00f3s variar 0,63% em abril.<\/p>\n<p>O est\u00e1gio das Mat\u00e9rias-Primas Brutas apresentou uma alta expressiva de 2,15% em maio, na compara\u00e7\u00e3o ao m\u00eas de abril, quando variou 0,24%. A acelera\u00e7\u00e3o deste grupo foi influenciada principalmente por itens chave, tais como o min\u00e9rio de ferro, que inverteu sua taxa de uma queda de -4,78% para uma alta de 8,18%, os bovinos, cuja taxa alterou de -1,37% para 0,43%, e arroz em casca, que passou de -2,71% para 2,74%.<\/p>\n<p>Em contraste, alguns itens tiveram um comportamento oposto, entre os quais se destacam o cacau, que despencou de uma alta de 63,63% para -11,60%, a laranja, que retrocedeu de uma alta de 2,81% para uma queda de -12,20% e a cana-de-a\u00e7\u00facar, que apresentou um novo recuo, passando de -1,09% para -2,33%.<\/p>\n<p>Em maio, o \u00cdndice de Pre\u00e7os ao Consumidor (IPC) registrou uma varia\u00e7\u00e3o de 0,44%, avan\u00e7ando em rela\u00e7\u00e3o \u00e0 taxa de 0,32% observada em abril. Entre as oito classes de despesa que comp\u00f5em o \u00edndice, cinco delas exibiram acelera\u00e7\u00e3o em suas taxas de varia\u00e7\u00e3o.<\/p>\n<p>O maior impacto veio do grupo Educa\u00e7\u00e3o, Leitura e Recrea\u00e7\u00e3o, cuja taxa de varia\u00e7\u00e3o passou de -1,37% para 0,13%. Dentro desta classe de despesa, \u00e9 importante destacar o subitem passagem a\u00e9rea, que passou de -8,94% na medi\u00e7\u00e3o anterior para 0,47% na atual.<\/p>\n<p>Tamb\u00e9m apresentaram avan\u00e7o em suas taxas de varia\u00e7\u00e3o os grupos Transportes (0,24% para 0,66%), Sa\u00fade e Cuidados Pessoais (0,63% para 0,78%), Comunica\u00e7\u00e3o (0,16% para 0,58%) e Despesas Diversas (0,18% para 0,20%). Dentro destas classes de despesa, \u00e9 importante destacar os itens: gasolina (0,30% para 1,70%), artigos de higiene e cuidado pessoal (-0,89% para 0,78%), combo de telefonia, internet e TV por assinatura (-0,64% para 0,64%) e alimentos para animais dom\u00e9sticos (-0,67% para 0,42%).<\/p>\n<blockquote>\n<p>\u201cO IPA de maio registrou uma varia\u00e7\u00e3o de 1,06%, destacando-se a acelera\u00e7\u00e3o nos pre\u00e7os de mat\u00e9rias primas brutas e bens intermedi\u00e1rios. Entre as maiores influ\u00eancias positivas do IPA est\u00e3o o min\u00e9rio de ferro, que passou de -4,78% para 8,18%, e o farelo de soja, que subiu de -2,32% para 9,58%. No IPC, a gasolina aumentou de 0,30% para 1,70%, enquanto a passagem a\u00e9rea passou de -8,94% para 0,47%. Esses movimentos responderam pela acelera\u00e7\u00e3o da taxa interanual do IGP-M&#8221;, disse Andr\u00e9 Braz, coordenador dos \u00cdndices de Pre\u00e7os.<\/p>\n<\/blockquote>\n<p>Em contrapartida, os grupos Alimenta\u00e7\u00e3o (0,83% para 0,51%), Habita\u00e7\u00e3o (0,54% para 0,29%) e Vestu\u00e1rio (0,05% para -0,58%) exibiram recuo em suas taxas de varia\u00e7\u00e3o. Nestas classes de despesa, as maiores influ\u00eancias partiram dos seguintes itens: frutas (3,35% para -1,73%), tarifa de eletricidade residencial (0,92% para 0,11%) e roupas (0,11% para -0,73%).<\/p>\n<h2>INCC<\/h2>\n<p>Em maio, o \u00cdndice Nacional de Custo da Constru\u00e7\u00e3o (INCC) registrou alta de 0,59%, um valor superior \u00e0 taxa de 0,41% observada em abril. Analisando os tr\u00eas grupos constituintes do INCC, observam-se as seguintes varia\u00e7\u00f5es na transi\u00e7\u00e3o de abril para maio: o grupo Materiais e Equipamentos apresentou um avan\u00e7o, passando de 0,17% para 0,25%; o de Servi\u00e7os teve uma eleva\u00e7\u00e3o de 0,29% para 0,50%; e o grupo M\u00e3o de Obra registrou novo avan\u00e7o, variando de 0,74% para 1,05%.<\/p>\n<\/p><\/div>\n<p><br \/>\n<br \/><a href=\"https:\/\/agenciabrasil.ebc.com.br\/economia\/noticia\/2024-05\/igp-m-indice-usado-no-reajuste-do-aluguel-sobe-089-em-maio\" rel=\"noopener\">Ag\u00eancia Brasil<\/a><\/p>\n","protected":false},"excerpt":{"rendered":"<p>O \u00cdndice Geral de Pre\u00e7os &#8211; Mercado (IGP-M), conhecido como \u201cinfla\u00e7\u00e3o do aluguel\u201d,\u00a0subiu 0,89% em maio, registrando uma acelera\u00e7\u00e3o em rela\u00e7\u00e3o ao m\u00eas anterior, quando apresentou taxa de 0,31%. Com esse resultado, o \u00edndice acumula alta de 0,28% no ano e queda de 0,34% nos \u00faltimos 12 meses. Em maio de 2023, ele tinha registrado [&hellip;]<\/p>\n","protected":false},"author":1,"featured_media":6885,"comment_status":"open","ping_status":"open","sticky":false,"template":"","format":"standard","meta":{"_jetpack_newsletter_access":"","_jetpack_dont_email_post_to_subs":false,"_jetpack_newsletter_tier_id":0,"_jetpack_memberships_contains_paywalled_content":false,"_mbp_banners":[],"_jetpack_feature_clip_id":0,"_jetpack_memberships_contains_paid_content":false,"footnotes":"","jetpack_publicize_message":"","jetpack_publicize_feature_enabled":true,"jetpack_social_post_already_shared":true,"jetpack_social_options":{"image_generator_settings":{"template":"highway","default_image_id":0,"font":"","enabled":false},"version":2},"jetpack_post_was_ever_published":false},"categories":[24],"tags":[],"class_list":["post-6884","post","type-post","status-publish","format-standard","has-post-thumbnail","category-economia"],"jetpack_publicize_connections":[],"jetpack-related-posts":[],"jetpack_shortlink":"https:\/\/wp.me\/p7Eq1F-1N2","jetpack_sharing_enabled":true,"jetpack_featured_media_url":"https:\/\/i0.wp.com\/guialimeira.com.br\/news\/wp-content\/uploads\/2024\/05\/igpm.jpg?fit=1600%2C800&ssl=1","_links":{"self":[{"href":"https:\/\/guialimeira.com.br\/news\/wp-json\/wp\/v2\/posts\/6884","targetHints":{"allow":["GET"]}}],"collection":[{"href":"https:\/\/guialimeira.com.br\/news\/wp-json\/wp\/v2\/posts"}],"about":[{"href":"https:\/\/guialimeira.com.br\/news\/wp-json\/wp\/v2\/types\/post"}],"author":[{"embeddable":true,"href":"https:\/\/guialimeira.com.br\/news\/wp-json\/wp\/v2\/users\/1"}],"replies":[{"embeddable":true,"href":"https:\/\/guialimeira.com.br\/news\/wp-json\/wp\/v2\/comments?post=6884"}],"version-history":[{"count":0,"href":"https:\/\/guialimeira.com.br\/news\/wp-json\/wp\/v2\/posts\/6884\/revisions"}],"wp:featuredmedia":[{"embeddable":true,"href":"https:\/\/guialimeira.com.br\/news\/wp-json\/wp\/v2\/media\/6885"}],"wp:attachment":[{"href":"https:\/\/guialimeira.com.br\/news\/wp-json\/wp\/v2\/media?parent=6884"}],"wp:term":[{"taxonomy":"category","embeddable":true,"href":"https:\/\/guialimeira.com.br\/news\/wp-json\/wp\/v2\/categories?post=6884"},{"taxonomy":"post_tag","embeddable":true,"href":"https:\/\/guialimeira.com.br\/news\/wp-json\/wp\/v2\/tags?post=6884"}],"curies":[{"name":"wp","href":"https:\/\/api.w.org\/{rel}","templated":true}]}}