{"id":68830,"date":"2026-06-12T16:05:47","date_gmt":"2026-06-12T19:05:47","guid":{"rendered":"https:\/\/guialimeira.com.br\/?p=68830"},"modified":"2026-06-12T16:05:47","modified_gmt":"2026-06-12T19:05:47","slug":"prefeitura-entrega-matriculas-de-casas-da-coloninha-e-do-santa-rita-prefeitura-municipal-de-cordeiropolis","status":"publish","type":"post","link":"https:\/\/guialimeira.com.br\/news\/prefeitura-entrega-matriculas-de-casas-da-coloninha-e-do-santa-rita-prefeitura-municipal-de-cordeiropolis\/","title":{"rendered":"Prefeitura entrega matr\u00edculas de casas da Coloninha e do Santa Rita \u2013 Prefeitura Municipal de Cordeir\u00f3polis"},"content":{"rendered":"<p> <br \/>\n<\/p>\n<div>\n<p>A prefeita Cristina Saad, o vice-prefeito Anderson Hespanhol Pique e a secret\u00e1ria de Justi\u00e7a e Cidadania, Mayara Rampo, entregaram na quarta-feira (10) as matr\u00edculas de regulariza\u00e7\u00e3o fundi\u00e1ria das casas do Santa Rita e da Coloninha. Mais de 70 fam\u00edlias foram beneficiadas com a medida, dentro do programa estadual Cidade Legal. A entrega ocorreu na C\u00e2mara Municipal.<\/p>\n<p>\u201cA conquista dessas fam\u00edlias vai al\u00e9m de ter o documento de suas casas. \u00c9 dar dignidade a elas e aquilo que lhes \u00e9 de direito\u201d, afirmou Cristina Saad. \u201cIsso vai ao encontro de tudo o que temos feito pela nossa popula\u00e7\u00e3o, nas mais diversas \u00e1reas\u201d, completou. \u201cParab\u00e9ns a todo o time da Mayara que lutou para tornar essa entrega realidade\u201d, comentou Pique.<\/p>\n<p>\u201cHoje estamos colhendo o resultado de um trabalho s\u00e9rio, constru\u00eddo com planejamento, responsabilidade e dedica\u00e7\u00e3o. Investimos mais de R$ 25 mil para viabilizar a emiss\u00e3o das matr\u00edculas para que as fam\u00edlias pudessem receber seus t\u00edtulos devidamente regularizados\u201d, explicou Mayara, que agradeceu aos servidores da sua secretaria pelo empenho nesse processo.<\/p>\n<p>Participaram da entrega dos t\u00edtulos os vereadores Paulo Morais de Oliveira, Vilson Caleffi, Valmir Sanches, Sidnei Gambaro, Rozimar Rodrigues, C\u00edcero Saraiva, Deize Bettin e Diego Fabiano, secret\u00e1rios municipais e familiares dos mun\u00edcipes que receberam a documenta\u00e7\u00e3o.<\/p>\n<figure class=\"wp-block-gallery has-nested-images columns-default is-cropped wp-block-gallery-1 is-layout-flex wp-block-gallery-is-layout-flex\">\n<figure class=\"wp-block-image size-large\"><\/figure>\n<figure class=\"wp-block-image size-large\"><img data-recalc-dims=\"1\" decoding=\"async\" loading=\"lazy\" width=\"696\" height=\"392\" data-id=\"32887\" src=\"https:\/\/i0.wp.com\/guialimeira.com.br\/wp-content\/uploads\/2026\/06\/1781291146_380_Prefeitura-entrega-matriculas-de-casas-da-Coloninha-e-do-Santa.jpeg?resize=696%2C392&#038;ssl=1\" alt=\"\" class=\"wp-image-32887\" \/><\/figure>\n<figure class=\"wp-block-image size-large\"><img data-recalc-dims=\"1\" decoding=\"async\" loading=\"lazy\" width=\"696\" height=\"392\" data-id=\"32886\" src=\"https:\/\/i0.wp.com\/guialimeira.com.br\/wp-content\/uploads\/2026\/06\/1781291146_757_Prefeitura-entrega-matriculas-de-casas-da-Coloninha-e-do-Santa.jpeg?resize=696%2C392&#038;ssl=1\" alt=\"\" class=\"wp-image-32886\" \/><\/figure>\n<figure class=\"wp-block-image size-large\"><img data-recalc-dims=\"1\" decoding=\"async\" loading=\"lazy\" width=\"696\" height=\"392\" data-id=\"32885\" src=\"https:\/\/i0.wp.com\/guialimeira.com.br\/wp-content\/uploads\/2026\/06\/1781291146_890_Prefeitura-entrega-matriculas-de-casas-da-Coloninha-e-do-Santa.jpeg?resize=696%2C392&#038;ssl=1\" alt=\"\" class=\"wp-image-32885\" \/><\/figure>\n<figure class=\"wp-block-image size-large\"><img data-recalc-dims=\"1\" decoding=\"async\" data-attachment-id=\"32884\" data-permalink=\"https:\/\/guialimeira.com.br\/news\/estrada-que-liga-limeira-a-araras-passa-por-manutencao\/m_137_0_1_12052025113410-jpeg\/\" data-orig-file=\"https:\/\/i0.wp.com\/guialimeira.com.br\/news\/wp-content\/uploads\/2025\/05\/m_137_0_1_12052025113410.jpeg?fit=960%2C720&amp;ssl=1\" data-orig-size=\"960,720\" data-comments-opened=\"1\" data-image-meta=\"{&quot;aperture&quot;:&quot;0&quot;,&quot;credit&quot;:&quot;&quot;,&quot;camera&quot;:&quot;&quot;,&quot;caption&quot;:&quot;&quot;,&quot;created_timestamp&quot;:&quot;0&quot;,&quot;copyright&quot;:&quot;&quot;,&quot;focal_length&quot;:&quot;0&quot;,&quot;iso&quot;:&quot;0&quot;,&quot;shutter_speed&quot;:&quot;0&quot;,&quot;title&quot;:&quot;&quot;,&quot;orientation&quot;:&quot;0&quot;}\" data-image-title=\"m_137_0_1_12052025113410.jpeg\" data-image-description=\"\" data-image-caption=\"\" data-large-file=\"https:\/\/i0.wp.com\/guialimeira.com.br\/news\/wp-content\/uploads\/2025\/05\/m_137_0_1_12052025113410.jpeg?fit=696%2C522&amp;ssl=1\" loading=\"lazy\" width=\"696\" height=\"392\" data-id=\"32884\" src=\"https:\/\/i0.wp.com\/guialimeira.com.br\/wp-content\/uploads\/2026\/06\/1781291146_775_Prefeitura-entrega-matriculas-de-casas-da-Coloninha-e-do-Santa.jpeg?resize=696%2C392&#038;ssl=1\" alt=\"\" class=\"wp-image-32884\" \/><\/figure>\n<figure class=\"wp-block-image size-large\"><img data-recalc-dims=\"1\" decoding=\"async\" loading=\"lazy\" width=\"696\" height=\"392\" data-id=\"32883\" src=\"https:\/\/i0.wp.com\/guialimeira.com.br\/wp-content\/uploads\/2026\/06\/1781291146_197_Prefeitura-entrega-matriculas-de-casas-da-Coloninha-e-do-Santa.jpeg?resize=696%2C392&#038;ssl=1\" alt=\"\" class=\"wp-image-32883\" \/><\/figure>\n<\/figure><\/div>\n<p><br \/>\n<br \/><a href=\"https:\/\/cordeiropolis.sp.gov.br\/prefeitura-entrega-matriculas-de-casas-da-coloninha-e-do-santa-rita\/\" rel=\"noopener\">Informa\u00e7\u00f5es Cordeir\u00f3polis <\/a><\/p>\n","protected":false},"excerpt":{"rendered":"<p>A prefeita Cristina Saad, o vice-prefeito Anderson Hespanhol Pique e a secret\u00e1ria de Justi\u00e7a e Cidadania, Mayara Rampo, entregaram na quarta-feira (10) as matr\u00edculas de regulariza\u00e7\u00e3o fundi\u00e1ria das casas do Santa Rita e da Coloninha. Mais de 70 fam\u00edlias foram beneficiadas com a medida, dentro do programa estadual Cidade Legal. A entrega ocorreu na C\u00e2mara [&hellip;]<\/p>\n","protected":false},"author":1,"featured_media":68831,"comment_status":"closed","ping_status":"open","sticky":false,"template":"","format":"standard","meta":{"_jetpack_newsletter_access":"","_jetpack_dont_email_post_to_subs":false,"_jetpack_newsletter_tier_id":0,"_jetpack_memberships_contains_paywalled_content":false,"_mbp_banners":[],"_jetpack_feature_clip_id":0,"_jetpack_memberships_contains_paid_content":false,"footnotes":"","jetpack_publicize_message":"","jetpack_publicize_feature_enabled":true,"jetpack_social_post_already_shared":true,"jetpack_social_options":{"image_generator_settings":{"template":"highway","default_image_id":0,"font":"","enabled":false},"version":2},"jetpack_post_was_ever_published":false},"categories":[20],"tags":[],"class_list":["post-68830","post","type-post","status-publish","format-standard","has-post-thumbnail","category-regiao"],"jetpack_publicize_connections":[],"jetpack-related-posts":[],"jetpack_shortlink":"https:\/\/wp.me\/p7Eq1F-hUa","jetpack_sharing_enabled":true,"jetpack_featured_media_url":"https:\/\/i0.wp.com\/guialimeira.com.br\/news\/wp-content\/uploads\/2026\/06\/Prefeitura-entrega-matriculas-de-casas-da-Coloninha-e-do-Santa.jpeg?fit=1024%2C577&ssl=1","_links":{"self":[{"href":"https:\/\/guialimeira.com.br\/news\/wp-json\/wp\/v2\/posts\/68830","targetHints":{"allow":["GET"]}}],"collection":[{"href":"https:\/\/guialimeira.com.br\/news\/wp-json\/wp\/v2\/posts"}],"about":[{"href":"https:\/\/guialimeira.com.br\/news\/wp-json\/wp\/v2\/types\/post"}],"author":[{"embeddable":true,"href":"https:\/\/guialimeira.com.br\/news\/wp-json\/wp\/v2\/users\/1"}],"replies":[{"embeddable":true,"href":"https:\/\/guialimeira.com.br\/news\/wp-json\/wp\/v2\/comments?post=68830"}],"version-history":[{"count":1,"href":"https:\/\/guialimeira.com.br\/news\/wp-json\/wp\/v2\/posts\/68830\/revisions"}],"predecessor-version":[{"id":68832,"href":"https:\/\/guialimeira.com.br\/news\/wp-json\/wp\/v2\/posts\/68830\/revisions\/68832"}],"wp:featuredmedia":[{"embeddable":true,"href":"https:\/\/guialimeira.com.br\/news\/wp-json\/wp\/v2\/media\/68831"}],"wp:attachment":[{"href":"https:\/\/guialimeira.com.br\/news\/wp-json\/wp\/v2\/media?parent=68830"}],"wp:term":[{"taxonomy":"category","embeddable":true,"href":"https:\/\/guialimeira.com.br\/news\/wp-json\/wp\/v2\/categories?post=68830"},{"taxonomy":"post_tag","embeddable":true,"href":"https:\/\/guialimeira.com.br\/news\/wp-json\/wp\/v2\/tags?post=68830"}],"curies":[{"name":"wp","href":"https:\/\/api.w.org\/{rel}","templated":true}]}}