{"id":68821,"date":"2026-06-12T15:13:09","date_gmt":"2026-06-12T18:13:09","guid":{"rendered":"https:\/\/guialimeira.com.br\/copa-na-praca-em-limeira-toledo-barros-esta-pronta-para-receber-torcedores-a-partir-deste-sabado-13\/"},"modified":"2026-06-12T15:13:09","modified_gmt":"2026-06-12T18:13:09","slug":"copa-na-praca-em-limeira-toledo-barros-esta-pronta-para-receber-torcedores-a-partir-deste-sabado-13","status":"publish","type":"post","link":"https:\/\/guialimeira.com.br\/news\/copa-na-praca-em-limeira-toledo-barros-esta-pronta-para-receber-torcedores-a-partir-deste-sabado-13\/","title":{"rendered":"Copa na Pra\u00e7a em Limeira: Toledo Barros est\u00e1 pronta para receber torcedores a partir deste s\u00e1bado (13)"},"content":{"rendered":"<p> <br \/>\n<\/p>\n<div>\n                <main class=\"\">&#13;<br \/>\n                    &#13;<br \/>\n&#13;<br \/>\n&#13;<br \/>\n&#13;<br \/>\n&#13;<br \/>\n&#13;<br \/>\n    <img data-recalc-dims=\"1\" decoding=\"async\" src=\"https:\/\/i0.wp.com\/ecrie.com.br\/sistema\/conteudos\/imagem\/m_137_0_2_08062026154325.jpeg?w=696&#038;ssl=1\" alt=\"Copa na Pra\u00e7a em Limeira: Toledo Barros est\u00e1 pronta para receber torcedores a partir deste s\u00e1bado (13)\"\/>&#13;<br \/>\n&#13;<br \/>\n&#13;<\/p>\n<p style=\"text-align: justify;\">Iniciativa da Prefeitura de Limeira, a Copa na Pra\u00e7a j\u00e1 est\u00e1 com toda a estrutura montada na Toledo Barros para receber os torcedores neste s\u00e1bado (13), quando a Sele\u00e7\u00e3o Brasileira enfrenta o Marrocos, \u00e0s 19h. Uma hora antes da partida, o p\u00fablico poder\u00e1 participar do \u201cesquenta\u201d da a\u00e7\u00e3o, que contar\u00e1 com atra\u00e7\u00f5es musicais, pra\u00e7a de alimenta\u00e7\u00e3o e transmiss\u00e3o da partida em tel\u00e3o instalado em frente \u00e0 Gruta da Paz.<\/p>\n<p>&#13;<\/p>\n<p style=\"text-align: justify;\">O local tamb\u00e9m ter\u00e1 uma \u00e1rea equipada com mesas e cadeiras para garantir mais conforto aos frequentadores. A expectativa \u00e9 reunir moradores de diferentes regi\u00f5es da cidade para acompanhar a estreia do Brasil e vivenciar o clima da Copa em um ambiente de integra\u00e7\u00e3o, lazer e confraterniza\u00e7\u00e3o.<\/p>\n<p>&#13;<\/p>\n<p style=\"text-align: justify;\">O prefeito Murilo F\u00e9lix refor\u00e7ou o convite para que a popula\u00e7\u00e3o participe da programa\u00e7\u00e3o. &#8220;Preparamos tudo com muito carinho para receber as fam\u00edlias e proporcionar momentos de alegria, uni\u00e3o e lazer&#8221;, ressaltou.<\/p>\n<p>&#13;<\/p>\n<p style=\"text-align: justify;\"><strong>M\u00fasica e anima\u00e7\u00e3o<\/strong><\/p>\n<p>&#13;<\/p>\n<p style=\"text-align: justify;\">Nos dias de jogos do Brasil, a programa\u00e7\u00e3o contar\u00e1 com atra\u00e7\u00f5es musicais. No dia 13 de junho, a banda Eu Sou o Samba anima o p\u00fablico a partir das 18h. J\u00e1 no dia 19 de junho, a banda Armaz\u00e9m do Samba sobe ao palco a partir das 20h30. No dia 24 de junho, a banda Amigos do Samba comanda a m\u00fasica a partir das 18h.<\/p>\n<p>&#13;<\/p>\n<p style=\"text-align: justify;\">O secret\u00e1rio de Turismo e Eventos, Thiago Martins, tamb\u00e9m destacou a import\u00e2ncia da a\u00e7\u00e3o. &#8220;Chegou a hora de vivermos a Copa juntos. A Pra\u00e7a Toledo Barros ser\u00e1 um espa\u00e7o de encontro, conviv\u00eancia e celebra\u00e7\u00e3o. Esperamos todos para torcer pelo Brasil com conforto, seguran\u00e7a e muita anima\u00e7\u00e3o.&#8221;<\/p>\n<p>&#13;<\/p>\n<p style=\"text-align: justify;\"><strong>Seguran\u00e7a<\/strong><\/p>\n<p>&#13;<\/p>\n<p style=\"text-align: justify;\">Equipes de fiscaliza\u00e7\u00e3o, seguran\u00e7a e limpeza atuar\u00e3o durante toda a programa\u00e7\u00e3o. O evento \u00e9 gratuito e aberto ao p\u00fablico,<\/p>\n<p>&#13;<\/p>\n<p style=\"text-align: justify;\">A Copa na Pra\u00e7a \u00e9 organizada pela Prefeitura de Limeira, por meio da Secretaria de Turismo e Eventos. A a\u00e7\u00e3o est\u00e1 alinhada \u00e0 ODS 11 (Cidades e Comunidades Sustent\u00e1veis) da Agenda 2030 da ONU, que incentiva a ocupa\u00e7\u00e3o qualificada, inclusiva e sustent\u00e1vel dos espa\u00e7os p\u00fablicos.<\/p>\n<p>&#13;<br \/>\n&#13;<br \/>\n&#13;<br \/>\n&#13;<\/p>\n<article class=\"conteudo-relacionado no-print\">&#13;<br \/>\n        &#13;<br \/>\n&#13;<br \/>\n        &#13;<br \/>\n    <\/article>\n<p>&#13;<br \/>\n&#13;<br \/>\n                <\/main><\/p><\/div>\n<p><br \/>\n<br \/><a href=\"https:\/\/limeira.sp.gov.br\/copa-na-praca-em-limeira-toledo-barros-esta-pronta-para-receber-torcedores-a-partir-deste-sabado-13\" rel=\"noopener\">Informa\u00e7\u00f5es da PML <\/a><\/p>\n","protected":false},"excerpt":{"rendered":"<p>&#13; &#13; &#13; &#13; &#13; &#13; &#13; &#13; &#13; &#13; Iniciativa da Prefeitura de Limeira, a Copa na Pra\u00e7a j\u00e1 est\u00e1 com toda a estrutura montada na Toledo Barros para receber os torcedores neste s\u00e1bado (13), quando a Sele\u00e7\u00e3o Brasileira enfrenta o Marrocos, \u00e0s 19h. Uma hora antes da partida, o p\u00fablico poder\u00e1 participar do [&hellip;]<\/p>\n","protected":false},"author":1,"featured_media":68822,"comment_status":"","ping_status":"open","sticky":false,"template":"","format":"standard","meta":{"_jetpack_newsletter_access":"","_jetpack_dont_email_post_to_subs":false,"_jetpack_newsletter_tier_id":0,"_jetpack_memberships_contains_paywalled_content":false,"_mbp_banners":[],"_jetpack_feature_clip_id":0,"_jetpack_memberships_contains_paid_content":false,"footnotes":"","jetpack_publicize_message":"","jetpack_publicize_feature_enabled":true,"jetpack_social_post_already_shared":true,"jetpack_social_options":{"image_generator_settings":{"template":"highway","default_image_id":0,"font":"","enabled":false},"version":2},"jetpack_post_was_ever_published":false},"categories":[16],"tags":[],"class_list":["post-68821","post","type-post","status-publish","format-standard","has-post-thumbnail","category-local"],"jetpack_publicize_connections":[],"jetpack-related-posts":[],"jetpack_shortlink":"https:\/\/wp.me\/p7Eq1F-hU1","jetpack_sharing_enabled":true,"jetpack_featured_media_url":"https:\/\/i0.wp.com\/guialimeira.com.br\/news\/wp-content\/uploads\/2026\/06\/m_137_0_2_08062026154325.jpeg?fit=1000%2C300&ssl=1","_links":{"self":[{"href":"https:\/\/guialimeira.com.br\/news\/wp-json\/wp\/v2\/posts\/68821","targetHints":{"allow":["GET"]}}],"collection":[{"href":"https:\/\/guialimeira.com.br\/news\/wp-json\/wp\/v2\/posts"}],"about":[{"href":"https:\/\/guialimeira.com.br\/news\/wp-json\/wp\/v2\/types\/post"}],"author":[{"embeddable":true,"href":"https:\/\/guialimeira.com.br\/news\/wp-json\/wp\/v2\/users\/1"}],"replies":[{"embeddable":true,"href":"https:\/\/guialimeira.com.br\/news\/wp-json\/wp\/v2\/comments?post=68821"}],"version-history":[{"count":0,"href":"https:\/\/guialimeira.com.br\/news\/wp-json\/wp\/v2\/posts\/68821\/revisions"}],"wp:featuredmedia":[{"embeddable":true,"href":"https:\/\/guialimeira.com.br\/news\/wp-json\/wp\/v2\/media\/68822"}],"wp:attachment":[{"href":"https:\/\/guialimeira.com.br\/news\/wp-json\/wp\/v2\/media?parent=68821"}],"wp:term":[{"taxonomy":"category","embeddable":true,"href":"https:\/\/guialimeira.com.br\/news\/wp-json\/wp\/v2\/categories?post=68821"},{"taxonomy":"post_tag","embeddable":true,"href":"https:\/\/guialimeira.com.br\/news\/wp-json\/wp\/v2\/tags?post=68821"}],"curies":[{"name":"wp","href":"https:\/\/api.w.org\/{rel}","templated":true}]}}