{"id":6882,"date":"2024-05-29T12:00:19","date_gmt":"2024-05-29T15:00:19","guid":{"rendered":"https:\/\/guialimeira.com.br\/2024\/05\/29\/servidores-reunem-se-na-sede-da-prefeitura-para-aulao-do-desafio\/"},"modified":"2024-05-29T12:00:19","modified_gmt":"2024-05-29T15:00:19","slug":"servidores-reunem-se-na-sede-da-prefeitura-para-aulao-do-desafio","status":"publish","type":"post","link":"https:\/\/guialimeira.com.br\/news\/servidores-reunem-se-na-sede-da-prefeitura-para-aulao-do-desafio\/","title":{"rendered":"Servidores re\u00fanem-se na sede da prefeitura para \u201cAul\u00e3o do Desafio\u201d"},"content":{"rendered":"<p> <br \/>\n<\/p>\n<div>\n            <main class=\"\">&#13;<br \/>\n                &#13;<br \/>\n&#13;<br \/>\n&#13;<br \/>\n&#13;<br \/>\n    <img data-recalc-dims=\"1\" decoding=\"async\" src=\"https:\/\/i0.wp.com\/ecrie.com.br\/sistema\/conteudos\/imagem\/m_137_0_1_29052024111118.jpg?w=696&#038;ssl=1\" alt=\"Servidores re\u00fanem-se na sede da prefeitura para \u201cAul\u00e3o do Desafio\u201d\"\/>&#13;<br \/>\n&#13;<\/p>\n<p>O\u00a0Dia do Desafio\u00a0movimenta a sede da Prefeitura de Limeira nesta quarta-feira (29). Por volta das 9h, mais de cem servidores reuniram-se em frente ao Edif\u00edcio Prada para participar do \u201cAul\u00e3o do Desafio\u201d, coordenado pela Secretaria de Esporte e Lazer, com apoio da Secretaria de Cultura. Al\u00e9m de exerc\u00edcios f\u00edsicos, eles deram uma volta pelo Pa\u00e7o Municipal. O prefeito Mario Botion, o secret\u00e1rio de Esporte e Lazer, Luiz Augusto Zanon, e o secret\u00e1rio-chefe de Gabinete, Edison Moreno Gil, acompanharam a aula.<\/p>\n<p>&#13;<\/p>\n<p>Botion destacou a import\u00e2ncia do exerc\u00edcio f\u00edsico para manuten\u00e7\u00e3o da sa\u00fade, e ainda, falou sobre a perspectiva do Dia do Desafio para este ano. \u201cJ\u00e1 fizemos caminhada, dan\u00e7a, gin\u00e1stica e ao longo do dia, todos os departamentos da prefeitura far\u00e3o alguma atividade f\u00edsica para bater a meta do ano passado\u201d, completou.<\/p>\n<p>&#13;<\/p>\n<p>O \u201cAul\u00e3o do Desafio\u201d foi comandado pela professora de Educa\u00e7\u00e3o F\u00edsica da Secretaria de Esporte, Regina Kempe, que \u00e9 formada h\u00e1 mais de 30 anos na \u00e1rea. \u201cA atividade f\u00edsica d\u00e1 prazer, fortalece a sa\u00fade e estimula o conv\u00edvio social\u201d, resumiu.<\/p>\n<p>&#13;<\/p>\n<p>Em 2023, o munic\u00edpio contabilizou 25.116 adeptos da iniciativa, uma a\u00e7\u00e3o mundial para estimular o\u00a0maior n\u00famero de pessoas a praticar alguma atividade f\u00edsica.\u00a0No Brasil, a campanha \u00e9 liderada pela Tafisa (The Association For International Sport for All) e coordenada pelo\u00a0Sesc S\u00e3o Paulo.\u00a0<\/p>\n<p>&#13;<\/p>\n<p>\u00a0<\/p>\n<p>&#13;<\/p>\n<p><strong>MEIA MARATONA<\/strong><\/p>\n<p>&#13;<\/p>\n<p>Das 8h \u00e0s 17h, os servidores revezam-se, a cada 30 minutos, na Meia Maratona. No per\u00edodo, eles fazem uma caminhada de 1,5 quil\u00f4metro.\u00a0No final da manh\u00e3, das 11h30 \u00e0s 12h30, haver\u00e1 uma aula de yoga\u00a0nos Jardins do Pa\u00e7o Municipal. \u00a0<\/p>\n<p>&#13;<\/p>\n<p>Toda a popula\u00e7\u00e3o pode aderir \u00e0 campanha. Basta fazer qualquer tipo de atividade, por, pelo menos, 15 minutos consecutivos. Na sequ\u00eancia, os mun\u00edcipes devem registrar\u00a0a participa\u00e7\u00e3o\u00a0pelos telefones\u00a03404-9709\u00a0e\u00a03404-9708, ou ent\u00e3o, pelo\u00a0e-mail <a href=\"https:\/\/limeira.sp.gov.br\/cdn-cgi\/l\/email-protection\" class=\"__cf_email__\" data-cfemail=\"d4a7b1b7a6b1a0b5a6bdb5b0b1b1a7a4bba6a0b1a794b8bdb9b1bda6b5faa7a4fab3bba2fab6a6\" rel=\"noopener\">[email\u00a0protected]<\/a><\/p>\n<p>&#13;<\/p>\n<p>\u00a0<\/p>\n<p>&#13;<\/p>\n<p>\u00a0<\/p>\n<p>&#13;<br \/>\n&#13;<br \/>\n    &#13;<br \/>\n    &#13;<br \/>\n&#13;<br \/>\n&#13;<\/p>\n<aside class=\"list-related no-print\">&#13;<br \/>\n        &#13;<br \/>\n&#13;<\/p>\n<article class=\"list-item noticias \">&#13;<br \/>\n                    <a class=\"list-item__img\" href=\"https:\/\/limeira.sp.gov.br\/imprensa\/noticias\/gabinete-do-prefeito\/luta-pela-igualdade-racial-reune-conselhos-de-30-cidades-em-encontro-inedito-em-limeira\" tabindex=\"-1\" aria-hidden=\"true\" rel=\"noopener\">&#13;<br \/>\n                        <img data-recalc-dims=\"1\" decoding=\"async\" src=\"https:\/\/i0.wp.com\/ecrie.com.br\/sistema\/conteudos\/imagem\/m_137_0_1_28052024164201.jpg?w=696&#038;ssl=1\" alt=\"Luta pela igualdade racial re\u00fane conselhos de 30 cidades em encontro in\u00e9dito em Limeira\"\/>&#13;<br \/>\n                    <\/a>&#13;<br \/>\n&#13;<br \/>\n                &#13;<br \/>\n            <\/article>\n<p>&#13;<\/p>\n<article class=\"list-item noticias \">&#13;<br \/>\n                    <a class=\"list-item__img\" href=\"https:\/\/limeira.sp.gov.br\/imprensa\/noticias\/gabinete-do-prefeito\/limeira-tem-um-dos-menores-indices-de-perdas-de-agua-do-pais-e-recebe-premio\" tabindex=\"-1\" aria-hidden=\"true\" rel=\"noopener\">&#13;<br \/>\n                        <img data-recalc-dims=\"1\" decoding=\"async\" src=\"https:\/\/i0.wp.com\/ecrie.com.br\/sistema\/conteudos\/imagem\/m_137_0_1_28052024111432.jpg?w=696&#038;ssl=1\" alt=\"Limeira tem um dos menores \u00edndices de perdas de \u00e1gua do pa\u00eds e recebe pr\u00eamio\"\/>&#13;<br \/>\n                    <\/a>&#13;<br \/>\n&#13;<br \/>\n                &#13;<br \/>\n            <\/article>\n<p>&#13;<\/p>\n<article class=\"list-item noticias \">&#13;<br \/>\n                    <a class=\"list-item__img\" href=\"https:\/\/limeira.sp.gov.br\/imprensa\/noticias\/gabinete-do-prefeito\/evento-celebra-5-dia-da-industria-em-limeira\" tabindex=\"-1\" aria-hidden=\"true\" rel=\"noopener\">&#13;<br \/>\n                        <img data-recalc-dims=\"1\" decoding=\"async\" src=\"https:\/\/i0.wp.com\/ecrie.com.br\/sistema\/conteudos\/imagem\/m_137_0_4_24052024161300.jpg?w=696&#038;ssl=1\" alt=\"Evento celebra 5\u00ba Dia da Ind\u00fastria em Limeira\"\/>&#13;<br \/>\n                    <\/a>&#13;<br \/>\n&#13;<br \/>\n                &#13;<br \/>\n            <\/article>\n<p>&#13;<br \/>\n    <\/aside>\n<p>&#13;<br \/>\n&#13;<br \/>\n            <\/main><\/p><\/div>\n<p><br \/>\n<br \/><a href=\"https:\/\/limeira.sp.gov.br\/servidores-reunem-se-na-sede-da-prefeitura-para-aulao-do-desafio\" rel=\"noopener\">Informa\u00e7\u00f5es da PML <\/a><\/p>\n","protected":false},"excerpt":{"rendered":"<p>&#13; &#13; &#13; &#13; &#13; &#13; &#13; O\u00a0Dia do Desafio\u00a0movimenta a sede da Prefeitura de Limeira nesta quarta-feira (29). Por volta das 9h, mais de cem servidores reuniram-se em frente ao Edif\u00edcio Prada para participar do \u201cAul\u00e3o do Desafio\u201d, coordenado pela Secretaria de Esporte e Lazer, com apoio da Secretaria de Cultura. Al\u00e9m de exerc\u00edcios [&hellip;]<\/p>\n","protected":false},"author":1,"featured_media":6883,"comment_status":"open","ping_status":"open","sticky":false,"template":"","format":"standard","meta":{"_jetpack_newsletter_access":"","_jetpack_dont_email_post_to_subs":false,"_jetpack_newsletter_tier_id":0,"_jetpack_memberships_contains_paywalled_content":false,"_mbp_banners":[],"_jetpack_feature_clip_id":0,"_jetpack_memberships_contains_paid_content":false,"footnotes":"","jetpack_publicize_message":"","jetpack_publicize_feature_enabled":true,"jetpack_social_post_already_shared":true,"jetpack_social_options":{"image_generator_settings":{"template":"highway","default_image_id":0,"font":"","enabled":false},"version":2},"jetpack_post_was_ever_published":false},"categories":[16],"tags":[],"class_list":["post-6882","post","type-post","status-publish","format-standard","has-post-thumbnail","category-local"],"jetpack_publicize_connections":[],"jetpack-related-posts":[],"jetpack_shortlink":"https:\/\/wp.me\/p7Eq1F-1N0","jetpack_sharing_enabled":true,"jetpack_featured_media_url":"https:\/\/i0.wp.com\/guialimeira.com.br\/news\/wp-content\/uploads\/2024\/05\/m_137_0_1_29052024111118.jpg?fit=1280%2C852&ssl=1","_links":{"self":[{"href":"https:\/\/guialimeira.com.br\/news\/wp-json\/wp\/v2\/posts\/6882","targetHints":{"allow":["GET"]}}],"collection":[{"href":"https:\/\/guialimeira.com.br\/news\/wp-json\/wp\/v2\/posts"}],"about":[{"href":"https:\/\/guialimeira.com.br\/news\/wp-json\/wp\/v2\/types\/post"}],"author":[{"embeddable":true,"href":"https:\/\/guialimeira.com.br\/news\/wp-json\/wp\/v2\/users\/1"}],"replies":[{"embeddable":true,"href":"https:\/\/guialimeira.com.br\/news\/wp-json\/wp\/v2\/comments?post=6882"}],"version-history":[{"count":0,"href":"https:\/\/guialimeira.com.br\/news\/wp-json\/wp\/v2\/posts\/6882\/revisions"}],"wp:featuredmedia":[{"embeddable":true,"href":"https:\/\/guialimeira.com.br\/news\/wp-json\/wp\/v2\/media\/6883"}],"wp:attachment":[{"href":"https:\/\/guialimeira.com.br\/news\/wp-json\/wp\/v2\/media?parent=6882"}],"wp:term":[{"taxonomy":"category","embeddable":true,"href":"https:\/\/guialimeira.com.br\/news\/wp-json\/wp\/v2\/categories?post=6882"},{"taxonomy":"post_tag","embeddable":true,"href":"https:\/\/guialimeira.com.br\/news\/wp-json\/wp\/v2\/tags?post=6882"}],"curies":[{"name":"wp","href":"https:\/\/api.w.org\/{rel}","templated":true}]}}