{"id":68814,"date":"2026-06-12T14:26:18","date_gmt":"2026-06-12T17:26:18","guid":{"rendered":"https:\/\/guialimeira.com.br\/greve-de-onibus-justica-determina-circulacao-de-70-da-frota-nos-horarios-de-pico-em-limeira\/"},"modified":"2026-06-12T14:26:18","modified_gmt":"2026-06-12T17:26:18","slug":"greve-de-onibus-justica-determina-circulacao-de-70-da-frota-nos-horarios-de-pico-em-limeira","status":"publish","type":"post","link":"https:\/\/guialimeira.com.br\/news\/greve-de-onibus-justica-determina-circulacao-de-70-da-frota-nos-horarios-de-pico-em-limeira\/","title":{"rendered":"Greve de \u00f4nibus: Justi\u00e7a determina circula\u00e7\u00e3o de 70% da frota nos hor\u00e1rios de pico em Limeira"},"content":{"rendered":"<p> <br \/>\n<\/p>\n<div>\n                <main class=\"\">&#13;<br \/>\n                    &#13;<br \/>\n&#13;<br \/>\n&#13;<br \/>\n&#13;<br \/>\n&#13;<br \/>\n&#13;<br \/>\n    <img data-recalc-dims=\"1\" decoding=\"async\" src=\"https:\/\/i0.wp.com\/ecrie.com.br\/sistema\/conteudos\/imagem\/m_137_0_1_12062026142100.jpeg?w=696&#038;ssl=1\" alt=\"Greve de \u00f4nibus: Justi\u00e7a determina circula\u00e7\u00e3o de 70% da frota nos hor\u00e1rios de pico em Limeira\"\/>&#13;<br \/>\n&#13;<br \/>\n&#13;<\/p>\n<p style=\"text-align: justify;\">A Justi\u00e7a do Trabalho determinou, nesta sexta-feira (12), que o transporte coletivo de Limeira mantenha 70% da frota de \u00f4nibus em circula\u00e7\u00e3o nos hor\u00e1rios de pico durante a greve dos trabalhadores do setor. A decis\u00e3o foi proferida pelo Tribunal Regional do Trabalho da 15\u00aa Regi\u00e3o (TRT-15).<\/p>\n<p>&#13;<\/p>\n<p style=\"text-align: justify;\">Conforme a liminar, o percentual m\u00ednimo de opera\u00e7\u00e3o dever\u00e1 ser observado das 5h \u00e0s 8h e das 17h \u00e0s 19h. Nos demais hor\u00e1rios, a exig\u00eancia \u00e9 de 50% da frota e dos trabalhadores de cada fun\u00e7\u00e3o. A Justi\u00e7a destacou que o transporte p\u00fablico \u00e9 uma atividade essencial e que a manuten\u00e7\u00e3o parcial do servi\u00e7o \u00e9 necess\u00e1ria para atender \u00e0s necessidades inadi\u00e1veis da popula\u00e7\u00e3o.<\/p>\n<p>&#13;<\/p>\n<p style=\"text-align: justify;\">Diante dos impactos da paralisa\u00e7\u00e3o, o prefeito Murilo F\u00e9lix decretou estado de emerg\u00eancia no sistema p\u00fablico de transporte coletivo de passageiros de Limeira. A medida foi oficializada por meio do Decreto n\u00ba 156, publicado nesta sexta-feira (12).<\/p>\n<p>&#13;<\/p>\n<p style=\"text-align: justify;\">Com a decreta\u00e7\u00e3o da emerg\u00eancia, a Secretaria dos Transportes e Mobilidade Urbana e os demais \u00f3rg\u00e3os municipais ficam autorizados a adotar medidas excepcionais para garantir a continuidade do servi\u00e7o. Entre elas, est\u00e1 a contrata\u00e7\u00e3o emergencial, com dispensa de licita\u00e7\u00e3o, nos termos da Lei Federal n\u00ba 14.133\/2021. A medida permitir\u00e1 a contrata\u00e7\u00e3o de vans e \u00f4nibus para ampliar a oferta de transporte e reduzir os preju\u00edzos causados pela paralisa\u00e7\u00e3o aos usu\u00e1rios do sistema.<\/p>\n<p>&#13;<\/p>\n<p style=\"text-align: justify;\">Segundo o prefeito, a paralisa\u00e7\u00e3o prejudicou milhares de pessoas que dependem diariamente dos \u00f4nibus para trabalhar, estudar e cumprir compromissos. Murilo F\u00e9lix afirmou ainda que o munic\u00edpio respeita o direito de greve, mas entende que o movimento n\u00e3o observou requisitos legais previstos para servi\u00e7os essenciais.<\/p>\n<p>&#13;<\/p>\n<p style=\"text-align: justify;\">\u201cEstamos tomando todas as medidas cab\u00edveis para garantir o atendimento \u00e0 popula\u00e7\u00e3o. O transporte coletivo \u00e9 um servi\u00e7o essencial, por isso, decretamos estado de emerg\u00eancia e estamos trabalhando para colocar \u00f4nibus e vans contratados pela prefeitura para que os usu\u00e1rios n\u00e3o sejam prejudicados&#8221;, afirmou.<\/p>\n<p>&#13;<\/p>\n<p style=\"text-align: justify;\">O descumprimento da decis\u00e3o judicial poder\u00e1 resultar em multa di\u00e1ria de R$ 5 mil por trabalhador que deixar de cumprir a ordem, penalidade a ser aplicada ao Sindicato dos Trabalhadores do Transporte Urbano de Limeira.<\/p>\n<p>&#13;<\/p>\n<p style=\"text-align: justify;\">A Justi\u00e7a tamb\u00e9m agendou uma audi\u00eancia de media\u00e7\u00e3o e concilia\u00e7\u00e3o para a pr\u00f3xima quarta-feira (17), \u00e0s 14h, reunindo representantes da empresa, do sindicato e da Prefeitura de Limeira, inclu\u00edda no processo como terceira interessada. O objetivo \u00e9 buscar uma solu\u00e7\u00e3o consensual para o impasse envolvendo a campanha salarial da categoria.<\/p>\n<p>&#13;<br \/>\n&#13;<br \/>\n&#13;<br \/>\n&#13;<\/p>\n<article class=\"conteudo-relacionado no-print\">&#13;<br \/>\n        &#13;<br \/>\n&#13;<br \/>\n        &#13;<br \/>\n    <\/article>\n<p>&#13;<br \/>\n&#13;<br \/>\n                <\/main><\/p><\/div>\n<p><br \/>\n<br \/><a href=\"https:\/\/limeira.sp.gov.br\/greve-de-onibus-justica-determina-circulacao-de-70-da-frota-nos-horarios-de-pico-em-limeira\" rel=\"noopener\">Informa\u00e7\u00f5es da PML <\/a><\/p>\n","protected":false},"excerpt":{"rendered":"<p>&#13; &#13; &#13; &#13; &#13; &#13; &#13; &#13; &#13; &#13; A Justi\u00e7a do Trabalho determinou, nesta sexta-feira (12), que o transporte coletivo de Limeira mantenha 70% da frota de \u00f4nibus em circula\u00e7\u00e3o nos hor\u00e1rios de pico durante a greve dos trabalhadores do setor. A decis\u00e3o foi proferida pelo Tribunal Regional do Trabalho da 15\u00aa Regi\u00e3o [&hellip;]<\/p>\n","protected":false},"author":1,"featured_media":68815,"comment_status":"","ping_status":"open","sticky":false,"template":"","format":"standard","meta":{"_jetpack_newsletter_access":"","_jetpack_dont_email_post_to_subs":false,"_jetpack_newsletter_tier_id":0,"_jetpack_memberships_contains_paywalled_content":false,"_mbp_banners":[],"_jetpack_feature_clip_id":0,"_jetpack_memberships_contains_paid_content":false,"footnotes":"","jetpack_publicize_message":"","jetpack_publicize_feature_enabled":true,"jetpack_social_post_already_shared":true,"jetpack_social_options":{"image_generator_settings":{"template":"highway","default_image_id":0,"font":"","enabled":false},"version":2},"jetpack_post_was_ever_published":false},"categories":[16],"tags":[],"class_list":["post-68814","post","type-post","status-publish","format-standard","has-post-thumbnail","category-local"],"jetpack_publicize_connections":[],"jetpack-related-posts":[],"jetpack_shortlink":"https:\/\/wp.me\/p7Eq1F-hTU","jetpack_sharing_enabled":true,"jetpack_featured_media_url":"https:\/\/i0.wp.com\/guialimeira.com.br\/news\/wp-content\/uploads\/2026\/06\/m_137_0_1_12062026142100.jpeg?fit=1024%2C681&ssl=1","_links":{"self":[{"href":"https:\/\/guialimeira.com.br\/news\/wp-json\/wp\/v2\/posts\/68814","targetHints":{"allow":["GET"]}}],"collection":[{"href":"https:\/\/guialimeira.com.br\/news\/wp-json\/wp\/v2\/posts"}],"about":[{"href":"https:\/\/guialimeira.com.br\/news\/wp-json\/wp\/v2\/types\/post"}],"author":[{"embeddable":true,"href":"https:\/\/guialimeira.com.br\/news\/wp-json\/wp\/v2\/users\/1"}],"replies":[{"embeddable":true,"href":"https:\/\/guialimeira.com.br\/news\/wp-json\/wp\/v2\/comments?post=68814"}],"version-history":[{"count":0,"href":"https:\/\/guialimeira.com.br\/news\/wp-json\/wp\/v2\/posts\/68814\/revisions"}],"wp:featuredmedia":[{"embeddable":true,"href":"https:\/\/guialimeira.com.br\/news\/wp-json\/wp\/v2\/media\/68815"}],"wp:attachment":[{"href":"https:\/\/guialimeira.com.br\/news\/wp-json\/wp\/v2\/media?parent=68814"}],"wp:term":[{"taxonomy":"category","embeddable":true,"href":"https:\/\/guialimeira.com.br\/news\/wp-json\/wp\/v2\/categories?post=68814"},{"taxonomy":"post_tag","embeddable":true,"href":"https:\/\/guialimeira.com.br\/news\/wp-json\/wp\/v2\/tags?post=68814"}],"curies":[{"name":"wp","href":"https:\/\/api.w.org\/{rel}","templated":true}]}}