{"id":68808,"date":"2026-06-12T13:49:09","date_gmt":"2026-06-12T16:49:09","guid":{"rendered":"https:\/\/guialimeira.com.br\/prefeitura-de-limeira-abre-inscricoes-para-cursos-gratuitos-de-costura-nesta-sexta-feira-12\/"},"modified":"2026-06-12T13:49:09","modified_gmt":"2026-06-12T16:49:09","slug":"prefeitura-de-limeira-abre-inscricoes-para-cursos-gratuitos-de-costura-nesta-sexta-feira-12","status":"publish","type":"post","link":"https:\/\/guialimeira.com.br\/news\/prefeitura-de-limeira-abre-inscricoes-para-cursos-gratuitos-de-costura-nesta-sexta-feira-12\/","title":{"rendered":"Prefeitura de Limeira abre inscri\u00e7\u00f5es para cursos gratuitos de costura nesta sexta-feira (12)"},"content":{"rendered":"<p> <br \/>\n<\/p>\n<div>\n                <main class=\"\">&#13;<br \/>\n                    &#13;<br \/>\n&#13;<br \/>\n&#13;<br \/>\n&#13;<br \/>\n&#13;<br \/>\n&#13;<br \/>\n    <img data-recalc-dims=\"1\" decoding=\"async\" src=\"https:\/\/i0.wp.com\/ecrie.com.br\/sistema\/conteudos\/imagem\/m_137_0_1_06052026111247.jpg?w=696&#038;ssl=1\" alt=\"Prefeitura de Limeira abre inscri\u00e7\u00f5es para cursos gratuitos de costura nesta sexta-feira (12)\"\/>&#13;<br \/>\n&#13;<br \/>\n&#13;<\/p>\n<p style=\"text-align: justify;\">A Prefeitura de Limeira abre nesta sexta-feira (12) as inscri\u00e7\u00f5es para dois cursos gratuitos de qualifica\u00e7\u00e3o profissional na \u00e1rea de costura: \u201cCostureiro de Reparo e Reforma de Roupas\u201d e \u201cConfec\u00e7\u00e3o de Moda Pet\u201d. A iniciativa tem como objetivo ampliar as oportunidades de capacita\u00e7\u00e3o da popula\u00e7\u00e3o, contribuindo para a inser\u00e7\u00e3o no mercado de trabalho, o empreendedorismo e a gera\u00e7\u00e3o de renda.<\/p>\n<p>&#13;<\/p>\n<p style=\"text-align: justify;\">Os cursos s\u00e3o destinados a moradores de Limeira com 18 anos ou mais, que possuam ensino fundamental completo ou incompleto e experi\u00eancia pr\u00e9via no uso de m\u00e1quinas de costura reta e overloque.<\/p>\n<p>&#13;<\/p>\n<p style=\"text-align: justify;\">Cada capacita\u00e7\u00e3o oferece 16 vagas e carga hor\u00e1ria de 36 horas. As aulas ser\u00e3o realizadas na sala de costura do N\u00facleo de Atendimento ao Cidad\u00e3o (NAC), com atividades pr\u00e1ticas voltadas ao aperfei\u00e7oamento t\u00e9cnico dos participantes.<\/p>\n<p>&#13;<\/p>\n<p style=\"text-align: justify;\">O curso \u201cCostureiro de Reparo e Reforma de Roupas\u201d ser\u00e1 ministrado entre os dias 22 de junho e 29 de julho, \u00e0s segundas e quartas-feiras, das 13h30 \u00e0s 16h30. As inscri\u00e7\u00f5es podem ser feitas de forma on-line pelo formul\u00e1rio: https:\/\/forms.gle\/6X6sioRSFjyRDsj17 ou presencialmente no NAC.<\/p>\n<p>&#13;<\/p>\n<p style=\"text-align: justify;\">J\u00e1 o curso \u201cConfec\u00e7\u00e3o de Moda Pet\u201d ocorrer\u00e1 de 25 de junho a 6 de agosto, \u00e0s ter\u00e7as e quintas-feiras, tamb\u00e9m das 13h30 \u00e0s 16h30. Os interessados podem se inscrever pelo link: https:\/\/forms.gle\/T5Wb7c9WaAVhGuCD7.<\/p>\n<p>&#13;<\/p>\n<p style=\"text-align: justify;\">Mais informa\u00e7\u00f5es podem ser obtidas pelos telefones (19) 3404-6209 (fixo e WhatsApp) e (19) 3404-6210.<\/p>\n<p>&#13;<\/p>\n<p style=\"text-align: justify;\"><strong>SERVI\u00c7O<\/strong><\/p>\n<p>&#13;<\/p>\n<p style=\"text-align: justify;\">Curso: Costureiro de reparo e reforma de roupas<br \/>Per\u00edodo: 22 de junho a 29 de julho<br \/>Dias: segundas e quartas-feiras<br \/>Hor\u00e1rio: das 13h30 \u00e0s 16h30<br \/>Local: Sala de Costura do NAC<br \/>Inscri\u00e7\u00f5es: https:\/\/forms.gle\/6X6sioRSFjyRDsj17<\/p>\n<p>&#13;<\/p>\n<p style=\"text-align: justify;\">Curso: Confec\u00e7\u00e3o de moda pet<br \/>Per\u00edodo: 25 de junho a 6 de agosto<br \/>Dias: ter\u00e7as e quintas-feiras<br \/>Hor\u00e1rio: das 13h30 \u00e0s 16h30<br \/>Local: Sala de Costura do NAC<br \/>Inscri\u00e7\u00f5es: https:\/\/forms.gle\/T5Wb7c9WaAVhGuCD7<\/p>\n<p>&#13;<\/p>\n<p style=\"text-align: justify;\">Inscri\u00e7\u00f5es presenciais<br \/>N\u00facleo de Atendimento ao Cidad\u00e3o (NAC)<br \/>Av. Dr. Lauro Corr\u00eaa da Silva, 3.800<\/p>\n<p>&#13;<br \/>\n&#13;<br \/>\n&#13;<br \/>\n&#13;<\/p>\n<article class=\"conteudo-relacionado no-print\">&#13;<br \/>\n        &#13;<br \/>\n&#13;<br \/>\n        &#13;<br \/>\n    <\/article>\n<p>&#13;<br \/>\n&#13;<br \/>\n                <\/main><\/p><\/div>\n<p><br \/>\n<br \/><a href=\"https:\/\/limeira.sp.gov.br\/prefeitura-de-limeira-abre-inscricoes-para-cursos-gratuitos-de-costura-nesta-sexta-feira-12\" rel=\"noopener\">Informa\u00e7\u00f5es da PML <\/a><\/p>\n","protected":false},"excerpt":{"rendered":"<p>&#13; &#13; &#13; &#13; &#13; &#13; &#13; &#13; &#13; &#13; A Prefeitura de Limeira abre nesta sexta-feira (12) as inscri\u00e7\u00f5es para dois cursos gratuitos de qualifica\u00e7\u00e3o profissional na \u00e1rea de costura: \u201cCostureiro de Reparo e Reforma de Roupas\u201d e \u201cConfec\u00e7\u00e3o de Moda Pet\u201d. A iniciativa tem como objetivo ampliar as oportunidades de capacita\u00e7\u00e3o da popula\u00e7\u00e3o, [&hellip;]<\/p>\n","protected":false},"author":1,"featured_media":64428,"comment_status":"","ping_status":"open","sticky":false,"template":"","format":"standard","meta":{"_jetpack_newsletter_access":"","_jetpack_dont_email_post_to_subs":false,"_jetpack_newsletter_tier_id":0,"_jetpack_memberships_contains_paywalled_content":false,"_mbp_banners":[],"_jetpack_feature_clip_id":0,"_jetpack_memberships_contains_paid_content":false,"footnotes":"","jetpack_publicize_message":"","jetpack_publicize_feature_enabled":true,"jetpack_social_post_already_shared":true,"jetpack_social_options":{"image_generator_settings":{"template":"highway","default_image_id":0,"font":"","enabled":false},"version":2},"jetpack_post_was_ever_published":false},"categories":[16],"tags":[],"class_list":["post-68808","post","type-post","status-publish","format-standard","has-post-thumbnail","category-local"],"jetpack_publicize_connections":[],"jetpack-related-posts":[],"jetpack_shortlink":"https:\/\/wp.me\/p7Eq1F-hTO","jetpack_sharing_enabled":true,"jetpack_featured_media_url":"https:\/\/i0.wp.com\/guialimeira.com.br\/news\/wp-content\/uploads\/2026\/05\/m_137_0_1_06052026111247.jpg?fit=1024%2C682&ssl=1","_links":{"self":[{"href":"https:\/\/guialimeira.com.br\/news\/wp-json\/wp\/v2\/posts\/68808","targetHints":{"allow":["GET"]}}],"collection":[{"href":"https:\/\/guialimeira.com.br\/news\/wp-json\/wp\/v2\/posts"}],"about":[{"href":"https:\/\/guialimeira.com.br\/news\/wp-json\/wp\/v2\/types\/post"}],"author":[{"embeddable":true,"href":"https:\/\/guialimeira.com.br\/news\/wp-json\/wp\/v2\/users\/1"}],"replies":[{"embeddable":true,"href":"https:\/\/guialimeira.com.br\/news\/wp-json\/wp\/v2\/comments?post=68808"}],"version-history":[{"count":0,"href":"https:\/\/guialimeira.com.br\/news\/wp-json\/wp\/v2\/posts\/68808\/revisions"}],"wp:featuredmedia":[{"embeddable":true,"href":"https:\/\/guialimeira.com.br\/news\/wp-json\/wp\/v2\/media\/64428"}],"wp:attachment":[{"href":"https:\/\/guialimeira.com.br\/news\/wp-json\/wp\/v2\/media?parent=68808"}],"wp:term":[{"taxonomy":"category","embeddable":true,"href":"https:\/\/guialimeira.com.br\/news\/wp-json\/wp\/v2\/categories?post=68808"},{"taxonomy":"post_tag","embeddable":true,"href":"https:\/\/guialimeira.com.br\/news\/wp-json\/wp\/v2\/tags?post=68808"}],"curies":[{"name":"wp","href":"https:\/\/api.w.org\/{rel}","templated":true}]}}