{"id":68803,"date":"2026-06-12T13:26:01","date_gmt":"2026-06-12T16:26:01","guid":{"rendered":"https:\/\/guialimeira.com.br\/governo-de-sp-lanca-plano-inedito-para-combater-o-lixo-no-mar-nos-proximos-10-anos\/"},"modified":"2026-06-12T13:26:01","modified_gmt":"2026-06-12T16:26:01","slug":"governo-de-sp-lanca-plano-inedito-para-combater-o-lixo-no-mar-nos-proximos-10-anos","status":"publish","type":"post","link":"https:\/\/guialimeira.com.br\/news\/governo-de-sp-lanca-plano-inedito-para-combater-o-lixo-no-mar-nos-proximos-10-anos\/","title":{"rendered":"Governo de SP lan\u00e7a plano in\u00e9dito para combater o lixo no mar nos pr\u00f3ximos 10 anos"},"content":{"rendered":"<p> <br \/>\n<br \/><img data-recalc-dims=\"1\" decoding=\"async\" src=\"https:\/\/i0.wp.com\/www.agenciasp.sp.gov.br\/wp-content\/uploads\/2026\/06\/evento_lixo-mar_capa-1024x684-1.jpg?w=696&#038;ssl=1\" \/><\/p>\n<div>\n<p class=\"wp-block-paragraph\">O Governo do Estado de S\u00e3o Paulo lan\u00e7ou nesta quarta-feira (10), durante as celebra\u00e7\u00f5es do Dia Mundial do Meio Ambiente, o primeiro Plano Estadual de Combate ao Lixo no Mar. O documento estabelece diretrizes, metas e a\u00e7\u00f5es para orientar a atua\u00e7\u00e3o do Estado na preven\u00e7\u00e3o, redu\u00e7\u00e3o e mitiga\u00e7\u00e3o da polui\u00e7\u00e3o por res\u00edduos s\u00f3lidos nos ambientes costeiros e marinhos em um horizonte de 10 anos.<\/p>\n<p class=\"wp-block-paragraph\">Elaborado por um grupo de trabalho coordenado pela Diretoria de Res\u00edduos S\u00f3lidos da Secretaria de Meio Ambiente, Infraestrutura e Log\u00edstica (Semil), o plano consolida uma estrat\u00e9gia integrada para enfrentar um dos principais desafios ambientais da atualidade. A iniciativa re\u00fane a\u00e7\u00f5es voltadas \u00e0 gest\u00e3o de res\u00edduos s\u00f3lidos, educa\u00e7\u00e3o ambiental, monitoramento, inova\u00e7\u00e3o, economia circular e fortalecimento da governan\u00e7a p\u00fablica.<\/p>\n<p class=\"wp-block-paragraph\"><strong>LEIA TAMB\u00c9M: <\/strong><a href=\"https:\/\/www.agenciasp.sp.gov.br\/sp-capacita-municipios-na-gestao-de-residuos-solidos\/\" rel=\"noopener\">SP capacita munic\u00edpios na gest\u00e3o de res\u00edduos s\u00f3lidos<\/a><\/p>\n<p class=\"wp-block-paragraph\">O plano foi constru\u00eddo com base em estudos t\u00e9cnicos e levantamentos cient\u00edficos que evidenciam a dimens\u00e3o do problema no litoral paulista e a necessidade de a\u00e7\u00f5es integradas para enfrent\u00e1-lo. Dados utilizados na constru\u00e7\u00e3o do documento mostram que res\u00edduos s\u00f3lidos foram identificados em 100% das praias analisadas ao longo do litoral brasileiro, sendo 91% compostos por pl\u00e1stico. Desse total, cerca de 60% correspondem a pl\u00e1sticos de uso \u00fanico. J\u00e1 informa\u00e7\u00f5es do Programa Mar Sem Lixo, da Funda\u00e7\u00e3o Florestal, apontam uma m\u00e9dia de aproximadamente 599 itens de res\u00edduos por quil\u00f4metro quadrado no fundo do mar das \u00c1reas de Prote\u00e7\u00e3o Ambiental (APAs) Marinhas do Estado, dos quais 93,8% s\u00e3o materiais pl\u00e1sticos.<\/p>\n<p class=\"wp-block-paragraph\">\u201cEste plano representa um avan\u00e7o importante para a pol\u00edtica ambiental paulista. Foi constru\u00eddo com base em evid\u00eancias cient\u00edficas e fortalecido pela participa\u00e7\u00e3o da sociedade, permitindo que as a\u00e7\u00f5es previstas sejam mais efetivas e alinhadas aos desafios enfrentados pelos munic\u00edpios costeiros e pelos diversos setores que atuam na regi\u00e3o\u201d, destaca a secret\u00e1ria da Semil, Natalia Resende.<\/p>\n<p class=\"wp-block-paragraph\">Com esse diagn\u00f3stico e as contribui\u00e7\u00f5es recebidas durante a consulta e a audi\u00eancia p\u00fablicas, o plano estabeleceu 45 metas organizadas em oito eixos estrat\u00e9gicos.<\/p>\n<p class=\"wp-block-paragraph\"><strong>LEIA TAMB\u00c9M: <\/strong><a href=\"https:\/\/www.agenciasp.sp.gov.br\/sp-entrega-27-caminhoes-residuos-solidos\/\" rel=\"noopener\">SP entrega 27 caminh\u00f5es e refor\u00e7a gest\u00e3o de res\u00edduos s\u00f3lidos no estado<\/a><\/p>\n<p class=\"wp-block-paragraph\">Para o primeiro ciclo de implementa\u00e7\u00e3o, 13 metas ser\u00e3o priorizadas por meio de iniciativas voltadas \u00e0 promover a redu\u00e7\u00e3o gradual da produ\u00e7\u00e3o e comercializa\u00e7\u00e3o de pl\u00e1sticos de uso \u00fanico, \u00e0 amplia\u00e7\u00e3o da log\u00edstica reversa e da coleta seletiva nos munic\u00edpios costeiros, ao fortalecimento das ecobarreiras instaladas em rios e \u00e0 cria\u00e7\u00e3o de Zonas Livres de Pl\u00e1stico.<\/p>\n<p class=\"wp-block-paragraph\">O documento tamb\u00e9m prev\u00ea a implanta\u00e7\u00e3o de programas de monitoramento de micropl\u00e1sticos e pellets em praias e \u00e1reas estuarinas, o mapeamento de pontos cr\u00edticos de escape e ac\u00famulo de res\u00edduos, al\u00e9m de a\u00e7\u00f5es de capacita\u00e7\u00e3o, educa\u00e7\u00e3o ambiental e fortalecimento da integra\u00e7\u00e3o entre ci\u00eancia, inova\u00e7\u00e3o e pol\u00edticas p\u00fablicas.<\/p>\n<p class=\"wp-block-paragraph\">A implementa\u00e7\u00e3o ser\u00e1 acompanhada por uma estrutura permanente de governan\u00e7a coordenada pela Semil, respons\u00e1vel pelo monitoramento das metas, articula\u00e7\u00e3o entre os diferentes setores envolvidos e atualiza\u00e7\u00e3o peri\u00f3dica das a\u00e7\u00f5es previstas, garantindo que o Estado avance de forma consistente na preven\u00e7\u00e3o e redu\u00e7\u00e3o da polui\u00e7\u00e3o marinha.<\/p>\n<h3 class=\"wp-block-heading\">Constru\u00e7\u00e3o de plano in\u00e9dito no estado<\/h3>\n<p class=\"wp-block-paragraph\">A cria\u00e7\u00e3o do plano contou com ampla participa\u00e7\u00e3o social. Entre os meses de abril e maio, a proposta foi submetida \u00e0 consulta p\u00fablica, recebendo 173 contribui\u00e7\u00f5es de representantes do setor p\u00fablico, iniciativa privada, institui\u00e7\u00f5es de pesquisa, organiza\u00e7\u00f5es da sociedade civil e cidad\u00e3os interessados no tema. As contribui\u00e7\u00f5es abordaram temas como preven\u00e7\u00e3o da gera\u00e7\u00e3o de res\u00edduos, economia circular, log\u00edstica reversa, responsabilidade compartilhada, educa\u00e7\u00e3o ambiental, monitoramento, inova\u00e7\u00e3o e fortalecimento da gest\u00e3o municipal de res\u00edduos s\u00f3lidos.<\/p>\n<p class=\"wp-block-paragraph\">Al\u00e9m da consulta p\u00fablica, a Semil promoveu uma audi\u00eancia p\u00fablica em Santos, reunindo 94 participantes presenciais, entre gestores p\u00fablicos, pesquisadores, representantes da sociedade civil, setor produtivo e comunidade local, contando tamb\u00e9m com transmiss\u00e3o online. O encontro permitiu o debate das diretrizes e metas propostas e ampliou a participa\u00e7\u00e3o dos diversos setores envolvidos no enfrentamento da polui\u00e7\u00e3o marinha.<\/p>\n<p class=\"wp-block-paragraph\">Diferentes \u00f3rg\u00e3os participantes \u2013 O documento foi elaborado de forma integrada pelas equipes t\u00e9cnicas da Diretoria de Res\u00edduos S\u00f3lidos, Diretorias de Recursos H\u00eddricos e de \u00c1gua e Esgoto da Subsecretaria de Recursos H\u00eddricos e Saneamento B\u00e1sico; Diretorias de Planejamento Ambiental, Educa\u00e7\u00e3o Ambiental e Biodiversidade e Biotecnologia da Subsecretaria de Meio Ambiente; Instituto de Pesquisas Ambientais (IPA); Funda\u00e7\u00e3o Florestal; e \u00e1reas t\u00e9cnicas da Companhia Ambiental do Estado de S\u00e3o Paulo (Cetesb).<\/p>\n<p class=\"wp-block-paragraph\">Para conferir o documento, <a href=\"https:\/\/semil.sp.gov.br\/lixo-no-mar\/\" target=\"_blank\" rel=\"noopener\">clique aqui.<\/a><\/p>\n<h3 class=\"wp-block-heading\">Sobre a Semana do Meio Ambiente<\/h3>\n<p class=\"wp-block-paragraph\">Realizada pelo Governo de S\u00e3o Paulo em celebra\u00e7\u00e3o ao Dia Mundial do Meio Ambiente, a Semana do Meio Ambiente ter\u00e1 como ponto alto evento no Parque Ecol\u00f3gico do Tiet\u00ea (PET), na zona leste da capital paulista, no dia 10 de junho. A edi\u00e7\u00e3o deste ano incorpora o legado do Summit Agenda SP+Verde, ampliando a integra\u00e7\u00e3o entre governo, setor produtivo, investidores e sociedade civil em torno da agenda clim\u00e1tica, da economia verde e do desenvolvimento sustent\u00e1vel. <\/p>\n<p class=\"wp-block-paragraph\">A programa\u00e7\u00e3o inclui uma s\u00e9rie de an\u00fancios e entregas, ativa\u00e7\u00f5es e atra\u00e7\u00f5es com a participa\u00e7\u00e3o de empresas e entidades selecionadas por edital p\u00fablico. Tamb\u00e9m est\u00e1 previsto na programa\u00e7\u00e3o o F\u00f3rum SP Conecta, iniciativa da Semil e da InvestSP a ser realizada no pr\u00f3ximo dia 16 de junho, voltada \u00e0 atra\u00e7\u00e3o de investimentos e ao fortalecimento da competitividade ambiental no Estado de S\u00e3o Paulo. A Semana do Meio Ambiente tamb\u00e9m faz alus\u00e3o \u00e0s comemora\u00e7\u00f5es dos 40 anos da Semil.<\/p>\n<\/p><\/div>\n<p><br \/>\n<br \/><a href=\"https:\/\/www.agenciasp.sp.gov.br\/semil-plano-combater-o-lixo-no-mar-10-anos\/\" rel=\"noopener\">Informa\u00e7\u00f5es GOV.SP<\/a><\/p>\n","protected":false},"excerpt":{"rendered":"<p>O Governo do Estado de S\u00e3o Paulo lan\u00e7ou nesta quarta-feira (10), durante as celebra\u00e7\u00f5es do Dia Mundial do Meio Ambiente, o primeiro Plano Estadual de Combate ao Lixo no Mar. O documento estabelece diretrizes, metas e a\u00e7\u00f5es para orientar a atua\u00e7\u00e3o do Estado na preven\u00e7\u00e3o, redu\u00e7\u00e3o e mitiga\u00e7\u00e3o da polui\u00e7\u00e3o por res\u00edduos s\u00f3lidos nos ambientes [&hellip;]<\/p>\n","protected":false},"author":1,"featured_media":68804,"comment_status":"","ping_status":"open","sticky":false,"template":"","format":"standard","meta":{"_jetpack_newsletter_access":"","_jetpack_dont_email_post_to_subs":false,"_jetpack_newsletter_tier_id":0,"_jetpack_memberships_contains_paywalled_content":false,"_mbp_banners":[],"_jetpack_feature_clip_id":0,"_jetpack_memberships_contains_paid_content":false,"footnotes":"","jetpack_publicize_message":"","jetpack_publicize_feature_enabled":true,"jetpack_social_post_already_shared":true,"jetpack_social_options":{"image_generator_settings":{"template":"highway","default_image_id":0,"font":"","enabled":false},"version":2},"jetpack_post_was_ever_published":false},"categories":[21],"tags":[],"class_list":["post-68803","post","type-post","status-publish","format-standard","has-post-thumbnail","category-sp-news"],"jetpack_publicize_connections":[],"jetpack-related-posts":[],"jetpack_shortlink":"https:\/\/wp.me\/p7Eq1F-hTJ","jetpack_sharing_enabled":true,"jetpack_featured_media_url":"https:\/\/i0.wp.com\/guialimeira.com.br\/news\/wp-content\/uploads\/2026\/06\/Governo-de-SP-lanca-plano-inedito-para-combater-o-lixo.jpg?fit=1024%2C684&ssl=1","_links":{"self":[{"href":"https:\/\/guialimeira.com.br\/news\/wp-json\/wp\/v2\/posts\/68803","targetHints":{"allow":["GET"]}}],"collection":[{"href":"https:\/\/guialimeira.com.br\/news\/wp-json\/wp\/v2\/posts"}],"about":[{"href":"https:\/\/guialimeira.com.br\/news\/wp-json\/wp\/v2\/types\/post"}],"author":[{"embeddable":true,"href":"https:\/\/guialimeira.com.br\/news\/wp-json\/wp\/v2\/users\/1"}],"replies":[{"embeddable":true,"href":"https:\/\/guialimeira.com.br\/news\/wp-json\/wp\/v2\/comments?post=68803"}],"version-history":[{"count":0,"href":"https:\/\/guialimeira.com.br\/news\/wp-json\/wp\/v2\/posts\/68803\/revisions"}],"wp:featuredmedia":[{"embeddable":true,"href":"https:\/\/guialimeira.com.br\/news\/wp-json\/wp\/v2\/media\/68804"}],"wp:attachment":[{"href":"https:\/\/guialimeira.com.br\/news\/wp-json\/wp\/v2\/media?parent=68803"}],"wp:term":[{"taxonomy":"category","embeddable":true,"href":"https:\/\/guialimeira.com.br\/news\/wp-json\/wp\/v2\/categories?post=68803"},{"taxonomy":"post_tag","embeddable":true,"href":"https:\/\/guialimeira.com.br\/news\/wp-json\/wp\/v2\/tags?post=68803"}],"curies":[{"name":"wp","href":"https:\/\/api.w.org\/{rel}","templated":true}]}}