{"id":68799,"date":"2026-06-12T12:25:17","date_gmt":"2026-06-12T15:25:17","guid":{"rendered":"https:\/\/guialimeira.com.br\/programa-todas-in-rede-forma-mais-de-28-mil-mulheres-com-deficiencia-em-sp\/"},"modified":"2026-06-12T12:25:17","modified_gmt":"2026-06-12T15:25:17","slug":"programa-todas-in-rede-forma-mais-de-28-mil-mulheres-com-deficiencia-em-sp","status":"publish","type":"post","link":"https:\/\/guialimeira.com.br\/news\/programa-todas-in-rede-forma-mais-de-28-mil-mulheres-com-deficiencia-em-sp\/","title":{"rendered":"Programa TODAS in-Rede forma mais de 2,8 mil mulheres com defici\u00eancia em SP"},"content":{"rendered":"<p> <br \/>\n<br \/><img data-recalc-dims=\"1\" decoding=\"async\" src=\"https:\/\/i0.wp.com\/www.agenciasp.sp.gov.br\/wp-content\/uploads\/2025\/10\/escritorio-scaled-1.jpg?w=696&#038;ssl=1\" \/><\/p>\n<div>\n<p class=\"wp-block-paragraph\">Criado pela <a href=\"https:\/\/www.pessoacomdeficiencia.sp.gov.br\/sec_deficiencia\" target=\"_blank\" rel=\"noopener\">Secretaria de Estado dos Direitos da Pessoa com Defici\u00eancia (SEDPcD)<\/a>, o programa TODAS in-Rede completa neste m\u00eas de junho seis anos de forma\u00e7\u00f5es que transformam vidas e contribuem para maior autonomia e seguran\u00e7a de muitas mulheres. O objetivo do Governo de S\u00e3o Paulo ao investir em uma pol\u00edtica p\u00fablica baseada em capacita\u00e7\u00f5es gratuitas \u00e9 favorecer a inclus\u00e3o das mulheres com defici\u00eancia na sociedade, visando a garantia de seus direitos e a promo\u00e7\u00e3o da igualdade.<\/p>\n<p class=\"wp-block-paragraph\">Para isso, a iniciativa foi estruturada em cinco eixos: lideran\u00e7a feminina; direitos sexuais e reprodutivos; trabalho, renda e autonomia financeira, preven\u00e7\u00e3o da viol\u00eancia e comunica\u00e7\u00e3o acess\u00edvel. O programa oferece diferentes capacita\u00e7\u00f5es ao longo do ano, divididas nos m\u00f3dulos \u201cLideran\u00e7a e Empoderamento\u201d e \u201cAtendimento \u00e0 Mulher V\u00edtima de Viol\u00eancia\u201d, com aulas gratuitas, nos formatos ao vivo e on-line, e transmiss\u00e3o em plataforma acess\u00edvel em Libras e audiodescri\u00e7\u00e3o. At\u00e9 hoje, mais de 2.800 mulheres conclu\u00edram a forma\u00e7\u00e3o no estado de S\u00e3o Paulo.<\/p>\n<p class=\"wp-block-paragraph\"><strong>LEIA TAMB\u00c9M: <\/strong><a href=\"https:\/\/www.agenciasp.sp.gov.br\/entenda-como-funciona-o-auxilio-aluguel-para-mulheres-vitimas-de-violencia\/\" rel=\"noopener\">Entenda como funciona o Aux\u00edlio-Aluguel para mulheres v\u00edtimas de viol\u00eancia<\/a><\/p>\n<blockquote class=\"wp-block-quote is-layout-flow wp-block-quote-is-layout-flow\">\n<p class=\"wp-block-paragraph\">\u201cA falta de acessibilidade, comunica\u00e7\u00e3o inadequada e desconhecimento dos direitos fazem com que muitas mulheres permane\u00e7am invisibilizadas dentro das estat\u00edsticas de viol\u00eancia. As a\u00e7\u00f5es visam transformar a realidade das participantes, proporcionando seguran\u00e7a, voz e protagonismo. Os cursos s\u00e3o uma jornada transformadora para elas, proporcionando n\u00e3o apenas habilidades de lideran\u00e7a, mas tamb\u00e9m fortalecendo a confian\u00e7a e a consci\u00eancia do seu potencial. \u00c9 um passo significativo em dire\u00e7\u00e3o \u00e0 constru\u00e7\u00e3o de comunidades mais justas e igualit\u00e1rias\u201d, aponta Caroline Reis, coordenadora do programa TODAS in-Rede.<\/p>\n<\/blockquote>\n<p class=\"wp-block-paragraph\">A proposta \u00e9 estabelecer uma rede de apoio especializada, ao formar mulheres com defici\u00eancia conscientes de seus direitos e de suas possibilidades. Por isso, as aulas s\u00e3o elaboradas com conte\u00fados explicativos sobre quais s\u00e3o e como utilizar os servi\u00e7os inclusivos, justamente para estimular a lideran\u00e7a social, a autonomia financeira, o acesso ao mercado de trabalho e a garantia da representatividade da mulher.<\/p>\n<p class=\"wp-block-paragraph\">Um exemplo \u00e9 Tereza Silva, formanda de uma das turmas do curso, que disse acreditar que os encontros podem mudar a vida das mulheres com defici\u00eancia. \u201cO curso ensina direitos e deveres, mas tamb\u00e9m traz um sentimento de liberdade, em que eu posso abrir portas e trilhar caminhos. Percebi durante as aulas o qu\u00e3o diferentes n\u00f3s somos, mas o qu\u00e3o juntas n\u00f3s estamos em termos de lutas, direitos e na busca por aquilo que nos pertence\u201d, detalhou.<\/p>\n<p class=\"wp-block-paragraph\"><strong>LEIA TAMB\u00c9M: <\/strong><a href=\"https:\/\/www.agenciasp.sp.gov.br\/olimpia-circuito-integrado-sp-por-todas\/\" rel=\"noopener\">Ol\u00edmpia \u00e9 o segundo munic\u00edpio paulista a receber o Circuito Integrado SP Por Todas<\/a><\/p>\n<p class=\"wp-block-paragraph\">O programa j\u00e1 alcan\u00e7ou uma abrang\u00eancia de 113 munic\u00edpios em todo territ\u00f3rio paulista. Al\u00e9m disso, o Todas in-Rede promove a realiza\u00e7\u00e3o de webinars, tamb\u00e9m gratuitos, sobre tem\u00e1ticas que influenciam diretamente a qualidade de vida das mulheres.<\/p>\n<h3 class=\"wp-block-heading\">Novas turmas<\/h3>\n<p class=\"wp-block-paragraph\">As inscri\u00e7\u00f5es para a pr\u00f3xima edi\u00e7\u00e3o do curso \u201cLideran\u00e7a e Empoderamento Feminino\u201d t\u00eam in\u00edcio no dia 22 de junho. A nova turma vai ser a vers\u00e3o ampliada da forma\u00e7\u00e3o, com conte\u00fados sobre trabalho, renda, autoestima, direitos afetivos, preven\u00e7\u00e3o \u00e0 viol\u00eancia, relacionamentos interpessoais, direitos pol\u00edticos, estrat\u00e9gias de mobiliza\u00e7\u00e3o e atua\u00e7\u00e3o pol\u00edtica.<\/p>\n<p class=\"wp-block-paragraph\">As interessadas podem se inscrever at\u00e9 o dia 10 de agosto. As aulas ocorrem nos dias 17\/08, 19\/08, 24\/08, 26\/08 e 31\/08, segundas e quartas, das 19h \u00e0s 22h.<\/p>\n<h3 class=\"wp-block-heading\">TODAS in-Rede<\/h3>\n<p class=\"wp-block-paragraph\">O programa da SEDPcD oferece cursos destinados a mulheres com defici\u00eancia, abordando temas como trabalho, gera\u00e7\u00e3o de renda, autonomia financeira, preven\u00e7\u00e3o \u00e0 viol\u00eancia, autoestima, lideran\u00e7a e direitos afetivos, sexuais e reprodutivos. A iniciativa tamb\u00e9m prev\u00ea a capacita\u00e7\u00e3o de profissionais que atuam nas redes de prote\u00e7\u00e3o e atendimento a mulheres com defici\u00eancia v\u00edtimas de viol\u00eancia.<\/p>\n<p class=\"wp-block-paragraph\"><strong>N\u00fameros<\/strong>:<br \/>2,8 mil mulheres capacitadas<br \/>2026: 101 mulheres capacitadas at\u00e9 mar\u00e7o<br \/>2025: 1.109 mulheres capacitadas<br \/>2024: 835 mulheres capacitadas.<br \/>2023: 775 mulheres capacitadas.<\/p>\n<p class=\"wp-block-paragraph\"><strong>Webinars em 2026<\/strong><\/p>\n<ul class=\"wp-block-list\">\n<li>Interseccionalidade e Capacitismo;<\/li>\n<li>Quem cabe na escola? Desafios da inclus\u00e3o e garantia do direito \u00e0 educa\u00e7\u00e3o.<\/li>\n<\/ul><\/div>\n<p><br \/>\n<br \/><a href=\"https:\/\/www.agenciasp.sp.gov.br\/todas-in-rede-28-mulheres-com-deficiencia\/\" rel=\"noopener\">Informa\u00e7\u00f5es GOV.SP<\/a><\/p>\n","protected":false},"excerpt":{"rendered":"<p>Criado pela Secretaria de Estado dos Direitos da Pessoa com Defici\u00eancia (SEDPcD), o programa TODAS in-Rede completa neste m\u00eas de junho seis anos de forma\u00e7\u00f5es que transformam vidas e contribuem para maior autonomia e seguran\u00e7a de muitas mulheres. O objetivo do Governo de S\u00e3o Paulo ao investir em uma pol\u00edtica p\u00fablica baseada em capacita\u00e7\u00f5es gratuitas [&hellip;]<\/p>\n","protected":false},"author":1,"featured_media":46588,"comment_status":"","ping_status":"open","sticky":false,"template":"","format":"standard","meta":{"_jetpack_newsletter_access":"","_jetpack_dont_email_post_to_subs":false,"_jetpack_newsletter_tier_id":0,"_jetpack_memberships_contains_paywalled_content":false,"_mbp_banners":[],"_jetpack_feature_clip_id":0,"_jetpack_memberships_contains_paid_content":false,"footnotes":"","jetpack_publicize_message":"","jetpack_publicize_feature_enabled":true,"jetpack_social_post_already_shared":true,"jetpack_social_options":{"image_generator_settings":{"template":"highway","default_image_id":0,"font":"","enabled":false},"version":2},"jetpack_post_was_ever_published":false},"categories":[21],"tags":[],"class_list":["post-68799","post","type-post","status-publish","format-standard","has-post-thumbnail","category-sp-news"],"jetpack_publicize_connections":[],"jetpack-related-posts":[],"jetpack_shortlink":"https:\/\/wp.me\/p7Eq1F-hTF","jetpack_sharing_enabled":true,"jetpack_featured_media_url":"https:\/\/i0.wp.com\/guialimeira.com.br\/news\/wp-content\/uploads\/2025\/10\/SP-expande-rede-de-ciencia-e-inclusao-com-quatro-novos.jpg?fit=2048%2C1363&ssl=1","_links":{"self":[{"href":"https:\/\/guialimeira.com.br\/news\/wp-json\/wp\/v2\/posts\/68799","targetHints":{"allow":["GET"]}}],"collection":[{"href":"https:\/\/guialimeira.com.br\/news\/wp-json\/wp\/v2\/posts"}],"about":[{"href":"https:\/\/guialimeira.com.br\/news\/wp-json\/wp\/v2\/types\/post"}],"author":[{"embeddable":true,"href":"https:\/\/guialimeira.com.br\/news\/wp-json\/wp\/v2\/users\/1"}],"replies":[{"embeddable":true,"href":"https:\/\/guialimeira.com.br\/news\/wp-json\/wp\/v2\/comments?post=68799"}],"version-history":[{"count":0,"href":"https:\/\/guialimeira.com.br\/news\/wp-json\/wp\/v2\/posts\/68799\/revisions"}],"wp:featuredmedia":[{"embeddable":true,"href":"https:\/\/guialimeira.com.br\/news\/wp-json\/wp\/v2\/media\/46588"}],"wp:attachment":[{"href":"https:\/\/guialimeira.com.br\/news\/wp-json\/wp\/v2\/media?parent=68799"}],"wp:term":[{"taxonomy":"category","embeddable":true,"href":"https:\/\/guialimeira.com.br\/news\/wp-json\/wp\/v2\/categories?post=68799"},{"taxonomy":"post_tag","embeddable":true,"href":"https:\/\/guialimeira.com.br\/news\/wp-json\/wp\/v2\/tags?post=68799"}],"curies":[{"name":"wp","href":"https:\/\/api.w.org\/{rel}","templated":true}]}}