{"id":68797,"date":"2026-06-12T12:24:18","date_gmt":"2026-06-12T15:24:18","guid":{"rendered":"https:\/\/guialimeira.com.br\/professores-e-coordenadores-da-rede-municipal-de-limeira-participam-de-formacao-em-educacao-ambiental\/"},"modified":"2026-06-12T12:24:18","modified_gmt":"2026-06-12T15:24:18","slug":"professores-e-coordenadores-da-rede-municipal-de-limeira-participam-de-formacao-em-educacao-ambiental","status":"publish","type":"post","link":"https:\/\/guialimeira.com.br\/news\/professores-e-coordenadores-da-rede-municipal-de-limeira-participam-de-formacao-em-educacao-ambiental\/","title":{"rendered":"Professores e coordenadores da rede municipal de Limeira participam de Forma\u00e7\u00e3o em Educa\u00e7\u00e3o Ambiental"},"content":{"rendered":"<p> <br \/>\n<\/p>\n<div>\n                <main class=\"\">&#13;<br \/>\n                    &#13;<br \/>\n&#13;<br \/>\n&#13;<br \/>\n&#13;<br \/>\n&#13;<br \/>\n&#13;<br \/>\n    <img data-recalc-dims=\"1\" decoding=\"async\" src=\"https:\/\/i0.wp.com\/ecrie.com.br\/sistema\/conteudos\/imagem\/m_137_0_1_12062026122015.jpeg?w=696&#038;ssl=1\" alt=\"Professores e coordenadores da rede municipal de Limeira participam de Forma\u00e7\u00e3o em Educa\u00e7\u00e3o Ambiental\"\/>&#13;<br \/>\n&#13;<br \/>\n&#13;<\/p>\n<p>Cerca de 100 professores e coordenadores da rede municipal de ensino participaram nesta quinta-feira (11) e sexta-feira (12) de uma forma\u00e7\u00e3o em Educa\u00e7\u00e3o Ambiental promovida pela Prefeitura de Limeira, por meio da Secretaria de Meio Ambiente e Saneamento. A iniciativa tem como objetivo capacitar os profissionais para desenvolver a\u00e7\u00f5es de conscientiza\u00e7\u00e3o ambiental junto aos estudantes ao longo do ano letivo.<\/p>\n<p>&#13;<\/p>\n<p>A forma\u00e7\u00e3o continuada de Educadores Ambientais est\u00e1 prevista na Lei Ordin\u00e1ria n\u00ba 5.211, de 27 de dezembro de 2013, que institui a Pol\u00edtica Municipal de Educa\u00e7\u00e3o Ambiental no munic\u00edpio de Limeira. Durante os encontros, os participantes conheceram metodologias, atividades pr\u00e1ticas e projetos que podem ser aplicados nas unidades escolares, fortalecendo a educa\u00e7\u00e3o ambiental desde os primeiros anos de forma\u00e7\u00e3o dos alunos.<\/p>\n<p>&#13;<\/p>\n<p>O prefeito Murilo F\u00e9lix destacou a import\u00e2ncia de investir na conscientiza\u00e7\u00e3o das novas gera\u00e7\u00f5es. \u201cA educa\u00e7\u00e3o ambiental \u00e9 uma ferramenta fundamental para construirmos uma cidade mais sustent\u00e1vel. Quando trabalhamos esse tema dentro das escolas, formamos cidad\u00e3os mais conscientes, que entendem a import\u00e2ncia de preservar os recursos naturais e cuidar dos espa\u00e7os em que vivem\u201d, afirmou.<\/p>\n<p>&#13;<\/p>\n<p>O secret\u00e1rio de Meio Ambiente e Saneamento, Fabio Luccas Rosa Jr., ressaltou que a iniciativa fortalece a parceria entre as secretarias e amplia o alcance das a\u00e7\u00f5es ambientais no munic\u00edpio. \u201cA forma\u00e7\u00e3o dos educadores \u00e9 um passo importante para que o conhecimento sobre sustentabilidade chegue aos alunos de forma cont\u00ednua e efetiva. Nosso objetivo \u00e9 estimular a constru\u00e7\u00e3o de uma cultura de respeito ao meio ambiente dentro e fora das escolas\u201d, disse.<\/p>\n<p>&#13;<\/p>\n<p>Entre as atividades apresentadas durante a forma\u00e7\u00e3o est\u00e3o projetos que j\u00e1 integram as a\u00e7\u00f5es da Secretaria de Meio Ambiente e Saneamento, como a Trilha Ecol\u00f3gica da Arboriza\u00e7\u00e3o, e a Trilha das Abelhas, ambas realizadas no Parque Cidade.<\/p>\n<p>&#13;<\/p>\n<p>De acordo com o diretor de Educa\u00e7\u00e3o Ambiental da pasta, Maicon Grella, os coordenadores t\u00eam papel fundamental na dissemina\u00e7\u00e3o do conhecimento adquirido durante a capacita\u00e7\u00e3o. \u201cA ideia \u00e9 que esses profissionais se tornem multiplicadores, apoiando suas equipes e aplicando as a\u00e7\u00f5es de educa\u00e7\u00e3o ambiental desenvolvidas pela Secretaria de Meio Ambiente e Saneamento dentro das escolas. A crian\u00e7a cresce transformando o ambiente em que est\u00e1 inserida. Por isso, a\u00e7\u00f5es como essa s\u00e3o t\u00e3o importantes, para que ela desenvolva um sentimento de pertencimento e cuidado com a natureza\u201d, explicou.<\/p>\n<p>&#13;<br \/>\n&#13;<br \/>\n    &#13;<br \/>\n    &#13;<br \/>\n&#13;<br \/>\n&#13;<\/p>\n<article class=\"conteudo-relacionado no-print\">&#13;<br \/>\n        &#13;<br \/>\n&#13;<br \/>\n        &#13;<br \/>\n    <\/article>\n<p>&#13;<br \/>\n&#13;<br \/>\n                <\/main><\/p><\/div>\n<p><br \/>\n<br \/><a href=\"https:\/\/limeira.sp.gov.br\/professores-e-coordenadores-da-rede-municipal-de-limeira-participam-de-formacao-em-educacao-ambiental\" rel=\"noopener\">Informa\u00e7\u00f5es da PML <\/a><\/p>\n","protected":false},"excerpt":{"rendered":"<p>&#13; &#13; &#13; &#13; &#13; &#13; &#13; &#13; &#13; &#13; Cerca de 100 professores e coordenadores da rede municipal de ensino participaram nesta quinta-feira (11) e sexta-feira (12) de uma forma\u00e7\u00e3o em Educa\u00e7\u00e3o Ambiental promovida pela Prefeitura de Limeira, por meio da Secretaria de Meio Ambiente e Saneamento. A iniciativa tem como objetivo capacitar os [&hellip;]<\/p>\n","protected":false},"author":1,"featured_media":68798,"comment_status":"","ping_status":"open","sticky":false,"template":"","format":"standard","meta":{"_jetpack_newsletter_access":"","_jetpack_dont_email_post_to_subs":false,"_jetpack_newsletter_tier_id":0,"_jetpack_memberships_contains_paywalled_content":false,"_mbp_banners":[],"_jetpack_feature_clip_id":0,"_jetpack_memberships_contains_paid_content":false,"footnotes":"","jetpack_publicize_message":"","jetpack_publicize_feature_enabled":true,"jetpack_social_post_already_shared":true,"jetpack_social_options":{"image_generator_settings":{"template":"highway","default_image_id":0,"font":"","enabled":false},"version":2},"jetpack_post_was_ever_published":false},"categories":[16],"tags":[],"class_list":["post-68797","post","type-post","status-publish","format-standard","has-post-thumbnail","category-local"],"jetpack_publicize_connections":[],"jetpack-related-posts":[],"jetpack_shortlink":"https:\/\/wp.me\/p7Eq1F-hTD","jetpack_sharing_enabled":true,"jetpack_featured_media_url":"https:\/\/i0.wp.com\/guialimeira.com.br\/news\/wp-content\/uploads\/2026\/06\/m_137_0_1_12062026122015.jpeg?fit=1024%2C576&ssl=1","_links":{"self":[{"href":"https:\/\/guialimeira.com.br\/news\/wp-json\/wp\/v2\/posts\/68797","targetHints":{"allow":["GET"]}}],"collection":[{"href":"https:\/\/guialimeira.com.br\/news\/wp-json\/wp\/v2\/posts"}],"about":[{"href":"https:\/\/guialimeira.com.br\/news\/wp-json\/wp\/v2\/types\/post"}],"author":[{"embeddable":true,"href":"https:\/\/guialimeira.com.br\/news\/wp-json\/wp\/v2\/users\/1"}],"replies":[{"embeddable":true,"href":"https:\/\/guialimeira.com.br\/news\/wp-json\/wp\/v2\/comments?post=68797"}],"version-history":[{"count":0,"href":"https:\/\/guialimeira.com.br\/news\/wp-json\/wp\/v2\/posts\/68797\/revisions"}],"wp:featuredmedia":[{"embeddable":true,"href":"https:\/\/guialimeira.com.br\/news\/wp-json\/wp\/v2\/media\/68798"}],"wp:attachment":[{"href":"https:\/\/guialimeira.com.br\/news\/wp-json\/wp\/v2\/media?parent=68797"}],"wp:term":[{"taxonomy":"category","embeddable":true,"href":"https:\/\/guialimeira.com.br\/news\/wp-json\/wp\/v2\/categories?post=68797"},{"taxonomy":"post_tag","embeddable":true,"href":"https:\/\/guialimeira.com.br\/news\/wp-json\/wp\/v2\/tags?post=68797"}],"curies":[{"name":"wp","href":"https:\/\/api.w.org\/{rel}","templated":true}]}}