{"id":68796,"date":"2026-06-12T12:20:52","date_gmt":"2026-06-12T15:20:52","guid":{"rendered":"https:\/\/guialimeira.com.br\/vereadores-solicitam-esclarecimentos-a-prefeitura-sobre-a-paralisacao-dos-trabalhadores-de-transporte-coletivo-urbano\/"},"modified":"2026-06-12T12:20:52","modified_gmt":"2026-06-12T15:20:52","slug":"vereadores-solicitam-esclarecimentos-a-prefeitura-sobre-a-paralisacao-dos-trabalhadores-de-transporte-coletivo-urbano","status":"publish","type":"post","link":"https:\/\/guialimeira.com.br\/news\/vereadores-solicitam-esclarecimentos-a-prefeitura-sobre-a-paralisacao-dos-trabalhadores-de-transporte-coletivo-urbano\/","title":{"rendered":"Vereadores solicitam esclarecimentos \u00e0 Prefeitura sobre a paralisa\u00e7\u00e3o dos trabalhadores de transporte coletivo urbano"},"content":{"rendered":"<p>Vereadores solicitam esclarecimentos \u00e0 Prefeitura sobre a paralisa\u00e7\u00e3o dos trabalhadores de transporte coletivo urbano<\/p>\n<p>A Comiss\u00e3o de Obras, composta pelos vereadores Helder do T\u00e1xi (PSD), presidente; M\u00e1rcio do Estacionamento (DC), vice-presidente; e Jo\u00e3o Antunes Bano (Solidariedade), secret\u00e1rio, com o apoio institucional do presidente da C\u00e2mara de Limeira, vereador Everton Ferreira (PSD), solicitou esclarecimentos acerca da paralisa\u00e7\u00e3o dos trabalhadores da empresa Sancetur\/SOU Limeira, concession\u00e1ria respons\u00e1vel pela opera\u00e7\u00e3o do transporte coletivo urbano do munic\u00edpio. O pedido foi encaminhado por meio do Of\u00edcio N\u00ba 59\/2026 \u00e0 Prefeitura nesta sexta-feira, 12 de junho.<\/p>\n<p>Conforme os parlamentares, o movimento grevista decorre de impasses nas negocia\u00e7\u00f5es referentes \u00e0 data-base da categoria, ocorrida em maio, especialmente quanto ao reajuste salarial e demais reivindica\u00e7\u00f5es trabalhistas apresentadas pelos trabalhadores. \u201cA categoria j\u00e1 havia entrado em estado de greve em raz\u00e3o da aus\u00eancia de acordo nas negocia\u00e7\u00f5es coletivas&#8221;, ressaltaram.<\/p>\n<p>Os vereadores defenderam que o transporte coletivo \u00e9 um servi\u00e7o essencial para milhares de cidad\u00e3os limeirenses, principalmente para trabalhadores, estudantes, idosos e pessoas que dependem exclusivamente dos \u00f4nibus para deslocamento.\u00a0 Para eles, a paralisa\u00e7\u00e3o gera impactos significativos na rotina da popula\u00e7\u00e3o, afetando o acesso ao trabalho, \u00e0 educa\u00e7\u00e3o, aos servi\u00e7os de sa\u00fade e demais atividades essenciais.<\/p>\n<p>Diante do of\u00edcio, a Prefeitura deve informar quais fatores efetivamente contribu\u00edram para a paralisa\u00e7\u00e3o coordenada pelo Sindicato dos Trabalhadores do Transporte Urbano de Limeira (Sindtrull) no munic\u00edpio, qual foi a atua\u00e7\u00e3o da Administra\u00e7\u00e3o Municipal, na qualidade de Poder Concedente, durante as negocia\u00e7\u00f5es entre a empresa concession\u00e1ria e os trabalhadores; e quais medidas preventivas foram adotadas pelo Poder Executivo para evitar ou minimizar os impactos da paralisa\u00e7\u00e3o sobre a popula\u00e7\u00e3o.<\/p>\n<p>Eles questionam tamb\u00e9m se houve acompanhamento ou media\u00e7\u00e3o por parte do munic\u00edpio nas negocia\u00e7\u00f5es envolvendo a empresa concession\u00e1ria e a categoria profissional, em caso positivo, solicita o envio das informa\u00e7\u00f5es sobre as tratativas realizadas. Tamb\u00e9m se existe plano de conting\u00eancia para situa\u00e7\u00f5es de paralisa\u00e7\u00e3o total ou parcial do transporte coletivo, e se existe, quais a\u00e7\u00f5es foram previstas e executadas.<\/p>\n<p>A Comiss\u00e3o de Obras e o presidente Everton Ferreira ainda buscam saber quais provid\u00eancias foram tomadas para garantir a continuidade m\u00ednima do servi\u00e7o durante esse per\u00edodo, especialmente nos hor\u00e1rios de maior demanda. E se a Administra\u00e7\u00e3o Municipal notificou ou adotou alguma medida administrativa junto \u00e0 concession\u00e1ria diante dos transtornos causados \u00e0 popula\u00e7\u00e3o, em caso positivo, informar quais.<\/p>\n<p>Outro ponto destacado \u00e9 se h\u00e1 previs\u00e3o de revis\u00e3o dos mecanismos de fiscaliza\u00e7\u00e3o e acompanhamento do contrato de concess\u00e3o para evitar novas situa\u00e7\u00f5es semelhantes, bem como o posicionamento oficial da Prefeitura acerca das reivindica\u00e7\u00f5es apresentadas pelos trabalhadores e das responsabilidades da concession\u00e1ria na condu\u00e7\u00e3o das negocia\u00e7\u00f5es.<\/p>\n<p>A partir das informa\u00e7\u00f5es solicitadas, os vereadores informaram que o di\u00e1logo entre trabalhadores, empresa e Poder P\u00fablico \u00e9 fundamental para a constru\u00e7\u00e3o de solu\u00e7\u00f5es equilibradas, que garantam tanto os direitos da categoria quanto a manuten\u00e7\u00e3o de um servi\u00e7o p\u00fablico essencial \u00e0 popula\u00e7\u00e3o.<\/p>\n<p>Do Gabinete Parlamentar \u2013 Vereador Helder do T\u00e1xi (PSD)<\/p>\n<p>As mat\u00e9rias de origem dos Gabinetes Parlamentares s\u00e3o de inteira\u00a0 responsabilidade dos parlamentares e de suas assessorias. S\u00e3o devidamente assinadas e n\u00e3o refletem, necessariamente, a opini\u00e3o institucional da C\u00e2mara Municipal de Limeira.<\/p>\n<hr>\n<p><em>Fonte: <a href=\"https:\/\/www.limeira.sp.leg.br\/noticias\/view\/2026-06-12_vereadores-solicitam-esclarecimentos-a-prefeitura-sobre-a-paralisacao-dos-trabalhadores-de-transporte-coletivo-urbano\" target=\"_blank\" rel=\"noopener\">C\u00e2mara Municipal de Limeira<\/a><\/em><\/p>\n","protected":false},"excerpt":{"rendered":"<p>Vereadores solicitam esclarecimentos \u00e0 Prefeitura sobre a paralisa\u00e7\u00e3o dos trabalhadores de transporte coletivo urbano<\/p>\n<p>A Comiss\u00e3o de Obras, composta pelos vereadores Helder do T\u00e1xi (PSD), presidente; M\u00e1rcio do Estacionamento (DC), vice-presidente; e Jo\u00e3o Antunes Bano (Solidariedade), secret\u00e1rio, com<\/p>\n","protected":false},"author":4,"featured_media":68795,"comment_status":"","ping_status":"open","sticky":false,"template":"","format":"standard","meta":{"_jetpack_newsletter_access":"","_jetpack_dont_email_post_to_subs":false,"_jetpack_newsletter_tier_id":0,"_jetpack_memberships_contains_paywalled_content":false,"_mbp_banners":[],"_jetpack_feature_clip_id":0,"_jetpack_memberships_contains_paid_content":false,"footnotes":"","jetpack_publicize_message":"","jetpack_publicize_feature_enabled":true,"jetpack_social_post_already_shared":true,"jetpack_social_options":{"image_generator_settings":{"template":"highway","default_image_id":0,"font":"","enabled":false},"version":2},"jetpack_post_was_ever_published":false},"categories":[19],"tags":[],"class_list":["post-68796","post","type-post","status-publish","format-standard","has-post-thumbnail","category-politica"],"jetpack_publicize_connections":[],"jetpack-related-posts":[],"jetpack_shortlink":"https:\/\/wp.me\/p7Eq1F-hTC","jetpack_sharing_enabled":true,"jetpack_featured_media_url":"https:\/\/i0.wp.com\/guialimeira.com.br\/news\/wp-content\/uploads\/2026\/06\/noticia-camara-52.jpg?fit=1280%2C640&ssl=1","_links":{"self":[{"href":"https:\/\/guialimeira.com.br\/news\/wp-json\/wp\/v2\/posts\/68796","targetHints":{"allow":["GET"]}}],"collection":[{"href":"https:\/\/guialimeira.com.br\/news\/wp-json\/wp\/v2\/posts"}],"about":[{"href":"https:\/\/guialimeira.com.br\/news\/wp-json\/wp\/v2\/types\/post"}],"author":[{"embeddable":true,"href":"https:\/\/guialimeira.com.br\/news\/wp-json\/wp\/v2\/users\/4"}],"replies":[{"embeddable":true,"href":"https:\/\/guialimeira.com.br\/news\/wp-json\/wp\/v2\/comments?post=68796"}],"version-history":[{"count":0,"href":"https:\/\/guialimeira.com.br\/news\/wp-json\/wp\/v2\/posts\/68796\/revisions"}],"wp:featuredmedia":[{"embeddable":true,"href":"https:\/\/guialimeira.com.br\/news\/wp-json\/wp\/v2\/media\/68795"}],"wp:attachment":[{"href":"https:\/\/guialimeira.com.br\/news\/wp-json\/wp\/v2\/media?parent=68796"}],"wp:term":[{"taxonomy":"category","embeddable":true,"href":"https:\/\/guialimeira.com.br\/news\/wp-json\/wp\/v2\/categories?post=68796"},{"taxonomy":"post_tag","embeddable":true,"href":"https:\/\/guialimeira.com.br\/news\/wp-json\/wp\/v2\/tags?post=68796"}],"curies":[{"name":"wp","href":"https:\/\/api.w.org\/{rel}","templated":true}]}}