{"id":68792,"date":"2026-06-12T11:53:58","date_gmt":"2026-06-12T14:53:58","guid":{"rendered":"https:\/\/guialimeira.com.br\/ubs-abilio-pedro-e-parque-cidade-recebem-plantao-de-vacinacao-neste-sabado-13-em-limeira\/"},"modified":"2026-06-12T11:53:58","modified_gmt":"2026-06-12T14:53:58","slug":"ubs-abilio-pedro-e-parque-cidade-recebem-plantao-de-vacinacao-neste-sabado-13-em-limeira","status":"publish","type":"post","link":"https:\/\/guialimeira.com.br\/news\/ubs-abilio-pedro-e-parque-cidade-recebem-plantao-de-vacinacao-neste-sabado-13-em-limeira\/","title":{"rendered":"UBS Ab\u00edlio Pedro e Parque Cidade recebem plant\u00e3o de vacina\u00e7\u00e3o neste s\u00e1bado (13) em Limeira"},"content":{"rendered":"<p> <br \/>\n<\/p>\n<div id=\"\">&#13;<br \/>\n                    &#13;<br \/>\n&#13;<br \/>\n&#13;<br \/>\n&#13;<br \/>\n&#13;<br \/>\n&#13;<br \/>\n    <img data-recalc-dims=\"1\" decoding=\"async\" src=\"https:\/\/i0.wp.com\/ecrie.com.br\/sistema\/conteudos\/imagem\/m_137_0_1_12062026114654.jpg?w=696&#038;ssl=1\" alt=\"UBS Ab\u00edlio Pedro e Parque Cidade recebem plant\u00e3o de vacina\u00e7\u00e3o neste s\u00e1bado (13) em Limeira\"\/>&#13;<br \/>\n&#13;<br \/>\n&#13;<\/p>\n<p>\u00a0<\/p>\n<p>&#13;<\/p>\n<p style=\"text-align: justify;\">A Prefeitura de Limeira realiza neste s\u00e1bado (13), das 8h \u00e0s 13h mais um plant\u00e3o de vacina\u00e7\u00e3o para ampliar a cobertura vacinal e facilitar o acesso da popula\u00e7\u00e3o aos imunizantes.<\/p>\n<p>&#13;<\/p>\n<p style=\"text-align: justify;\">Na UBS (Unidade B\u00e1sica de Sa\u00fade) do Jardim Ab\u00edlio Pedro, ser\u00e1 promovida uma multivacina\u00e7\u00e3o, com aplica\u00e7\u00e3o das vacinas dispon\u00edveis no calend\u00e1rio nacional de vacina\u00e7\u00e3o para a popula\u00e7\u00e3o em geral, al\u00e9m da vacina contra a gripe.\u00a0<\/p>\n<p>&#13;<\/p>\n<p style=\"text-align: justify;\">J\u00e1 no drive-thru do Parque Cidade, ser\u00e3o disponibilizadas as vacinas contra febre amarela, dengue infantil, covid-19 e gripe.<\/p>\n<p>&#13;<\/p>\n<p style=\"text-align: justify;\">A iniciativa tem como objetivo incentivar a atualiza\u00e7\u00e3o da carteira vacinal de crian\u00e7as, adolescentes, adultos e idosos e integra os esfor\u00e7os do munic\u00edpio para ampliar a cobertura vacinal e fortalecer a prote\u00e7\u00e3o da popula\u00e7\u00e3o contra doen\u00e7as.<\/p>\n<p>&#13;<\/p>\n<p style=\"text-align: justify;\">A Secretaria de Sa\u00fade refor\u00e7a a import\u00e2ncia da vacina\u00e7\u00e3o como uma das principais formas de preven\u00e7\u00e3o contra doen\u00e7as. Para receber as vacinas, \u00e9 recomend\u00e1vel apresentar documento de identifica\u00e7\u00e3o, CPF, cart\u00e3o SUS e carteira de vacina\u00e7\u00e3o, quando dispon\u00edvel.<\/p>\n<p>&#13;<\/p>\n<p style=\"text-align: justify;\">\u00c9 preciso levar os documentos pessoais como CPF, Cart\u00e3o SUS, carteirinha de vacina\u00e7\u00e3o e comprovante de resid\u00eancia. Menores de idade, \u00e9 preciso estar acompanhado de pais ou respons\u00e1veis legais.<\/p>\n<p>&#13;<\/p>\n<p style=\"text-align: justify;\"><strong>SERVI\u00c7O<\/strong><\/p>\n<p>&#13;<\/p>\n<p style=\"text-align: justify;\"><span style=\"text-decoration: underline;\">UBS Ab\u00edlio Pedro<\/span> &#8211; multivacina\u00e7\u00e3o, incluindo doses contra a gripe<\/p>\n<p>&#13;<\/p>\n<p style=\"text-align: justify;\">Local: Rua Agostinho Gianotto, s\/n\u00ba (pr\u00f3ximo ao n\u00ba 147)<\/p>\n<p>&#13;<\/p>\n<p style=\"text-align: justify;\"><span style=\"text-decoration: underline;\">Drive-thru Parque Cidade<\/span><br \/>Vacinas contra febre amarela, dengue infantil, covid-19 e gripe<\/p>\n<p>&#13;<\/p>\n<p style=\"text-align: justify;\">Endere\u00e7o: Parque Cidade &#8211; ao lado da pista de skate<br \/>Acesso de ve\u00edculos: Port\u00e3o A (Anel Vi\u00e1rio) \u2013 Via Ant\u00f4nio Cru\u00e3nes Filho, s\/n\u00ba<\/p>\n<p>&#13;<\/p>\n<p style=\"text-align: justify;\"><span style=\"text-decoration: underline;\"><strong>Indica\u00e7\u00e3o das vacinas<\/strong><\/span><\/p>\n<p>&#13;<\/p>\n<p style=\"text-align: justify;\">GRIPE<br \/>&#8211; Para a toda a popula\u00e7\u00e3o acima dos 6 meses.<\/p>\n<p>&#13;<\/p>\n<p style=\"text-align: justify;\">DENGUE (adolescentes)<\/p>\n<p>&#13;<\/p>\n<p style=\"text-align: justify;\">&#8211; Para crian\u00e7as e adolescentes de 10 a 14 anos;<\/p>\n<p>&#13;<\/p>\n<p style=\"text-align: justify;\">COVID-19<br \/>Atualmente, a vacina contra covid-19 \u00e9 voltada a gestantes, pessoas imunocomprometidas e idosos (60 anos ou mais), que devem ser vacinados a cada seis meses. Crian\u00e7as de 6 meses a 4 anos, 11 meses e 29 dias devem receber duas doses da vacina, com intervalo de quatro semanas entre elas. Pessoas de 5 a 59 anos, sem comorbidades e j\u00e1 vacinadas anteriormente, n\u00e3o precisam receber novas doses. Nessa faixa et\u00e1ria, o imunizante \u00e9 destinado apenas aos grupos especiais, que devem receber uma dose anualmente. S\u00e3o eles: pessoas vivendo em institui\u00e7\u00f5es de longa perman\u00eancia, ind\u00edgenas, ribeirinhos, quilombolas, pu\u00e9rperas, trabalhadores da sa\u00fade, pessoas com defici\u00eancia permanente, pessoas com comorbidades, pessoas privadas de liberdade, funcion\u00e1rios do sistema de priva\u00e7\u00e3o de liberdade, adolescentes e jovens cumprindo medidas socioeducativas, pessoas em situa\u00e7\u00e3o de rua e trabalhadores dos Correios.<\/p>\n<p>&#13;<\/p>\n<p style=\"text-align: justify;\">FEBRE AMARELA<br \/>&#8211; Crian\u00e7as a partir de 9 meses de idade que ainda n\u00e3o foram vacinadas e aquelas que n\u00e3o completaram o esquema vacinal de duas doses.<br \/>&#8211; Pessoas que receberam apenas uma dose antes de completar 5 anos de idade dever\u00e3o tomar a dose adicional, independentemente da idade.<br \/>&#8211; Pessoas de qualquer idade que n\u00e3o sabem se j\u00e1 foram vacinadas.<br \/>&#8211; Pessoas com 60 anos ou mais devem apresentar recomenda\u00e7\u00e3o m\u00e9dica por escrito para receber a vacina.<\/p>\n<p>&#13;<\/p>\n<p style=\"text-align: justify;\">DUPLA ADULTO (DIFTERIA E T\u00c9TANO)<br \/>&#8211; Pessoas n\u00e3o vacinadas contra difteria e t\u00e9tano na primeira inf\u00e2ncia;<br \/>&#8211; A partir dos 7 anos, caso n\u00e3o tenham sido vacinadas anteriormente.<\/p>\n<p>&#13;<\/p>\n<p style=\"text-align: justify;\">HEPATITE B<br \/>&#8211; Crian\u00e7as: a vacina deve ser aplicada ainda na maternidade, preferencialmente nas primeiras 12 horas de vida. Em seguida, aos 2, 4 e 6 meses.<br \/>Observa\u00e7\u00e3o: A vacina contra a hepatite B integra a vacina pentavalente.<br \/>&#8211; Adultos n\u00e3o vacinados: devem tomar tr\u00eas doses, com intervalo de 2 meses ap\u00f3s a primeira e 4 meses ap\u00f3s a segunda.<\/p>\n<p>&#13;<\/p>\n<p style=\"text-align: justify;\">MENINGITE (ACWY)<br \/>&#8211; Crian\u00e7as de 12 meses e adolescentes de 11 a 14 anos.<\/p>\n<p>&#13;<\/p>\n<p style=\"text-align: justify;\">HPV<br \/>&#8211; Meninas e Meninos de 9 a 19 anos.<br \/>&#8211; Pessoas com HIV.<br \/>&#8211; Pessoas transplantadas entre 9 e 45 anos.<\/p>\n<p>&#13;<\/p>\n<p style=\"text-align: justify;\">BRONQUIOLITE<br \/>&#8211; Para gestantes<\/p>\n<p>&#13;<br \/>\n&#13;<br \/>\n&#13;<br \/>\n&#13;<\/p>\n<article class=\"conteudo-relacionado no-print\">&#13;<br \/>\n        &#13;<br \/>\n&#13;<br \/>\n        &#13;<br \/>\n    <\/article>\n<p>&#13;<br \/>\n&#13;\n                <\/p><\/div>\n<p><br \/>\n<br \/><a href=\"https:\/\/limeira.sp.gov.br\/ubs-abilio-pedro-e-parque-cidade-recebem-plantao-de-vacinacao-neste-sabado-13-em-limeira\" rel=\"noopener\">Informa\u00e7\u00f5es da PML <\/a><\/p>\n","protected":false},"excerpt":{"rendered":"<p>&#13; &#13; &#13; &#13; &#13; &#13; &#13; &#13; &#13; &#13; \u00a0 &#13; A Prefeitura de Limeira realiza neste s\u00e1bado (13), das 8h \u00e0s 13h mais um plant\u00e3o de vacina\u00e7\u00e3o para ampliar a cobertura vacinal e facilitar o acesso da popula\u00e7\u00e3o aos imunizantes. &#13; Na UBS (Unidade B\u00e1sica de Sa\u00fade) do Jardim Ab\u00edlio Pedro, ser\u00e1 promovida [&hellip;]<\/p>\n","protected":false},"author":1,"featured_media":68793,"comment_status":"","ping_status":"open","sticky":false,"template":"","format":"standard","meta":{"_jetpack_newsletter_access":"","_jetpack_dont_email_post_to_subs":false,"_jetpack_newsletter_tier_id":0,"_jetpack_memberships_contains_paywalled_content":false,"_mbp_banners":[],"_jetpack_feature_clip_id":0,"_jetpack_memberships_contains_paid_content":false,"footnotes":"","jetpack_publicize_message":"","jetpack_publicize_feature_enabled":true,"jetpack_social_post_already_shared":true,"jetpack_social_options":{"image_generator_settings":{"template":"highway","default_image_id":0,"font":"","enabled":false},"version":2},"jetpack_post_was_ever_published":false},"categories":[16],"tags":[],"class_list":["post-68792","post","type-post","status-publish","format-standard","has-post-thumbnail","category-local"],"jetpack_publicize_connections":[],"jetpack-related-posts":[],"jetpack_shortlink":"https:\/\/wp.me\/p7Eq1F-hTy","jetpack_sharing_enabled":true,"jetpack_featured_media_url":"https:\/\/i0.wp.com\/guialimeira.com.br\/news\/wp-content\/uploads\/2026\/06\/m_137_0_1_12062026114654.jpg?fit=1024%2C681&ssl=1","_links":{"self":[{"href":"https:\/\/guialimeira.com.br\/news\/wp-json\/wp\/v2\/posts\/68792","targetHints":{"allow":["GET"]}}],"collection":[{"href":"https:\/\/guialimeira.com.br\/news\/wp-json\/wp\/v2\/posts"}],"about":[{"href":"https:\/\/guialimeira.com.br\/news\/wp-json\/wp\/v2\/types\/post"}],"author":[{"embeddable":true,"href":"https:\/\/guialimeira.com.br\/news\/wp-json\/wp\/v2\/users\/1"}],"replies":[{"embeddable":true,"href":"https:\/\/guialimeira.com.br\/news\/wp-json\/wp\/v2\/comments?post=68792"}],"version-history":[{"count":0,"href":"https:\/\/guialimeira.com.br\/news\/wp-json\/wp\/v2\/posts\/68792\/revisions"}],"wp:featuredmedia":[{"embeddable":true,"href":"https:\/\/guialimeira.com.br\/news\/wp-json\/wp\/v2\/media\/68793"}],"wp:attachment":[{"href":"https:\/\/guialimeira.com.br\/news\/wp-json\/wp\/v2\/media?parent=68792"}],"wp:term":[{"taxonomy":"category","embeddable":true,"href":"https:\/\/guialimeira.com.br\/news\/wp-json\/wp\/v2\/categories?post=68792"},{"taxonomy":"post_tag","embeddable":true,"href":"https:\/\/guialimeira.com.br\/news\/wp-json\/wp\/v2\/tags?post=68792"}],"curies":[{"name":"wp","href":"https:\/\/api.w.org\/{rel}","templated":true}]}}