{"id":6879,"date":"2024-05-29T11:57:12","date_gmt":"2024-05-29T14:57:12","guid":{"rendered":"https:\/\/guialimeira.com.br\/2024\/05\/29\/feriado-de-corpus-christi-deve-movimentar-r-5-bi-no-turismo-de-sp\/"},"modified":"2024-05-29T11:57:12","modified_gmt":"2024-05-29T14:57:12","slug":"feriado-de-corpus-christi-deve-movimentar-r-5-bi-no-turismo-de-sp","status":"publish","type":"post","link":"https:\/\/guialimeira.com.br\/news\/feriado-de-corpus-christi-deve-movimentar-r-5-bi-no-turismo-de-sp\/","title":{"rendered":"Feriado de Corpus Christi deve movimentar R$ 5 bi no turismo de SP"},"content":{"rendered":"<p> <br \/>\n<\/p>\n<div id=\"\">&#13;<br \/>\n                                <!-- Title -->&#13;<br \/>\n                                &#13;<br \/>\n&#13;<br \/>\n                                <!-- Excerpt -->&#13;<\/p>\n<p class=\"excerpt\">Estimativas da Secretaria de Turismo mostram que 2,9 milh\u00f5es de turistas viajar\u00e3o pelo estado durante a data religiosa<\/p>\n<p>&#13;<br \/>\n&#13;<br \/>\n                                &#13;\n                            <\/p><\/div>\n<div id=\"\">&#13;<\/p>\n<figure id=\"attachment_5892665\" style=\"width: 100%;max-width: 766px\" class=\"wp-caption alignnone\"><img data-recalc-dims=\"1\" decoding=\"async\" loading=\"lazy\" class=\" wp-image-5892665\" src=\"https:\/\/i0.wp.com\/www.saopaulo.sp.gov.br\/wp-content\/uploads\/2024\/05\/Captura-de-Tela-104-e1716912280987-300x181.png?resize=696%2C420&#038;ssl=1\" alt=\"\" width=\"696\" height=\"420\" srcset=\"https:\/\/www.saopaulo.sp.gov.br\/wp-content\/uploads\/2024\/05\/Captura-de-Tela-104-e1716912280987-300x181.png 300w, https:\/\/www.saopaulo.sp.gov.br\/wp-content\/uploads\/2024\/05\/Captura-de-Tela-104-e1716912280987-1024x619.png 1024w, https:\/\/www.saopaulo.sp.gov.br\/wp-content\/uploads\/2024\/05\/Captura-de-Tela-104-e1716912280987-768x464.png 768w, https:\/\/www.saopaulo.sp.gov.br\/wp-content\/uploads\/2024\/05\/Captura-de-Tela-104-e1716912280987.png 1152w\" sizes=\"auto, (max-width: 766px) 100vw, 766px\"\/><figcaption class=\"wp-caption-text\">Santu\u00e1rio Nacional de Aparecida \u2013 Foto: Divulga\u00e7\u00e3o Secretaria de Turismo de SP<\/figcaption><\/figure>\n<p>O feriado de Corpus Christi deve movimentar R$ 5 bilh\u00f5es para o turismo de S\u00e3o Paulo, segundo estimativas do Centro de Intelig\u00eancia da Economia do Turismo (Ciet), ligado \u00e0 Secretaria de Turismo e Viagens do Estado de S\u00e3o Paulo. O levantamento aponta ainda um avan\u00e7o de 7% no fluxo de turistas, comparado com o \u00faltimo ano, o equivalente a 2,9 milh\u00f5es de viajantes.<\/p>\n<p>Celebrado 60 dias ap\u00f3s a P\u00e1scoa, Corpus Christi em latim significa \u201cCorpo de Cristo\u201d, a festividade est\u00e1 associada a religi\u00e3o cat\u00f3lica e come\u00e7ou a ser realizada na Idade M\u00e9dia (1193-1258). Em S\u00e3o Paulo, estado brasileiro com o maior n\u00famero de templos religiosos, segundo o IBGE, a data coincide com eventos e programa\u00e7\u00e3o ligados \u00e0 f\u00e9 crist\u00e3 protestante e cat\u00f3lica como, por exemplo, a Marcha para Jesus, visitas ao Santu\u00e1rio de Nossa Senhora Aparecida, a tradicional confec\u00e7\u00e3o de tapetes, em Santana de Parna\u00edba, entre outros.<\/p>\n<p>O turismo religioso corresponde anualmente por cerca de 20 milh\u00f5es de viagens em S\u00e3o Paulo, de acordo com o Minist\u00e9rio do Turismo. S\u00e3o Paulo aparece no topo da lista do IBGE como destino brasileiro com maior n\u00famero de templos religiosos.<\/p>\n<figure id=\"attachment_5892662\" style=\"width: 100%;max-width: 762px\" class=\"wp-caption alignnone\"><img data-recalc-dims=\"1\" decoding=\"async\" loading=\"lazy\" class=\" wp-image-5892662\" src=\"https:\/\/i0.wp.com\/www.saopaulo.sp.gov.br\/wp-content\/uploads\/2024\/05\/8307-300x170.png?resize=696%2C395&#038;ssl=1\" alt=\"\" width=\"696\" height=\"395\" srcset=\"https:\/\/www.saopaulo.sp.gov.br\/wp-content\/uploads\/2024\/05\/8307-300x170.png 300w, https:\/\/www.saopaulo.sp.gov.br\/wp-content\/uploads\/2024\/05\/8307.png 768w\" sizes=\"auto, (max-width: 762px) 100vw, 762px\"\/><figcaption class=\"wp-caption-text\">O turismo religioso corresponde anualmente por cerca de 20 milh\u00f5es de viagens em S\u00e3o Paulo<\/figcaption><\/figure>\n<p>\u201cVivemos em um estado com uma gama de op\u00e7\u00f5es, n\u00e3o s\u00f3 em dias comuns, mas tamb\u00e9m durante os feriados. O turismo religioso estimula os setores de hospedagem, alimenta\u00e7\u00e3o e transporte\u201d, afirma Roberto de Lucena, secret\u00e1rio de Turismo e Viagens do Estado de S\u00e3o Paulo.<\/p>\n<p>Uma sondagem realizada pela Associa\u00e7\u00e3o Brasileira da Ind\u00fastria de Hot\u00e9is do Estado de SP (ABIH-SP) aponta ocupa\u00e7\u00e3o hoteleira de 57,5% no estado de S\u00e3o Paulo durante o feriado. O levantamento mostra a capital paulista com maior fluxo tur\u00edstico durante a data, uma expectativa de 47,5%, logo depois vem o litoral norte com 80,5% e em seguida o Vale do Ribeira com 95% de expectativa em ocupa\u00e7\u00e3o hoteleira.<\/p>\n<p>Siga o canal \u201cGoverno de S\u00e3o Paulo\u201d no WhatsApp:<br \/><a href=\"https:\/\/bit.ly\/govspnozap\" target=\"_blank\" rel=\"noopener noreferrer\">https:\/\/bit.ly\/govspnozap<\/a><\/p>\n<\/p><\/div>\n<p><br \/>\n<br \/><a href=\"https:\/\/www.saopaulo.sp.gov.br\/spnoticias\/ultimas-noticias\/feriado-de-corpus-christi-deve-movimentar-r-5-bilhoes-no-turismo-de-sp\/\" rel=\"noopener\">Informa\u00e7\u00f5es GOV.SP<\/a><\/p>\n","protected":false},"excerpt":{"rendered":"<p>&#13; &#13; &#13; &#13; &#13; Estimativas da Secretaria de Turismo mostram que 2,9 milh\u00f5es de turistas viajar\u00e3o pelo estado durante a data religiosa &#13; &#13; &#13; &#13; Santu\u00e1rio Nacional de Aparecida \u2013 Foto: Divulga\u00e7\u00e3o Secretaria de Turismo de SP O feriado de Corpus Christi deve movimentar R$ 5 bilh\u00f5es para o turismo de S\u00e3o Paulo, [&hellip;]<\/p>\n","protected":false},"author":1,"featured_media":6880,"comment_status":"open","ping_status":"open","sticky":false,"template":"","format":"standard","meta":{"_jetpack_newsletter_access":"","_jetpack_dont_email_post_to_subs":false,"_jetpack_newsletter_tier_id":0,"_jetpack_memberships_contains_paywalled_content":false,"_mbp_banners":[],"_jetpack_feature_clip_id":0,"_jetpack_memberships_contains_paid_content":false,"footnotes":"","jetpack_publicize_message":"","jetpack_publicize_feature_enabled":true,"jetpack_social_post_already_shared":true,"jetpack_social_options":{"image_generator_settings":{"template":"highway","default_image_id":0,"font":"","enabled":false},"version":2},"jetpack_post_was_ever_published":false},"categories":[21],"tags":[],"class_list":["post-6879","post","type-post","status-publish","format-standard","has-post-thumbnail","category-sp-news"],"jetpack_publicize_connections":[],"jetpack-related-posts":[],"jetpack_shortlink":"https:\/\/wp.me\/p7Eq1F-1MX","jetpack_sharing_enabled":true,"jetpack_featured_media_url":"https:\/\/i0.wp.com\/guialimeira.com.br\/news\/wp-content\/uploads\/2024\/05\/Feriado-de-Corpus-Christi-deve-movimentar-R-5-bi-no.png?fit=300%2C181&ssl=1","_links":{"self":[{"href":"https:\/\/guialimeira.com.br\/news\/wp-json\/wp\/v2\/posts\/6879","targetHints":{"allow":["GET"]}}],"collection":[{"href":"https:\/\/guialimeira.com.br\/news\/wp-json\/wp\/v2\/posts"}],"about":[{"href":"https:\/\/guialimeira.com.br\/news\/wp-json\/wp\/v2\/types\/post"}],"author":[{"embeddable":true,"href":"https:\/\/guialimeira.com.br\/news\/wp-json\/wp\/v2\/users\/1"}],"replies":[{"embeddable":true,"href":"https:\/\/guialimeira.com.br\/news\/wp-json\/wp\/v2\/comments?post=6879"}],"version-history":[{"count":0,"href":"https:\/\/guialimeira.com.br\/news\/wp-json\/wp\/v2\/posts\/6879\/revisions"}],"wp:featuredmedia":[{"embeddable":true,"href":"https:\/\/guialimeira.com.br\/news\/wp-json\/wp\/v2\/media\/6880"}],"wp:attachment":[{"href":"https:\/\/guialimeira.com.br\/news\/wp-json\/wp\/v2\/media?parent=6879"}],"wp:term":[{"taxonomy":"category","embeddable":true,"href":"https:\/\/guialimeira.com.br\/news\/wp-json\/wp\/v2\/categories?post=6879"},{"taxonomy":"post_tag","embeddable":true,"href":"https:\/\/guialimeira.com.br\/news\/wp-json\/wp\/v2\/tags?post=6879"}],"curies":[{"name":"wp","href":"https:\/\/api.w.org\/{rel}","templated":true}]}}