{"id":68788,"date":"2026-06-12T11:38:07","date_gmt":"2026-06-12T14:38:07","guid":{"rendered":"https:\/\/guialimeira.com.br\/operacao-so-cacareco-percorre-bairros-da-regiao-do-jardim-dos-jequitibas-na-proxima-semana\/"},"modified":"2026-06-12T11:38:07","modified_gmt":"2026-06-12T14:38:07","slug":"operacao-so-cacareco-percorre-bairros-da-regiao-do-jardim-dos-jequitibas-na-proxima-semana","status":"publish","type":"post","link":"https:\/\/guialimeira.com.br\/news\/operacao-so-cacareco-percorre-bairros-da-regiao-do-jardim-dos-jequitibas-na-proxima-semana\/","title":{"rendered":"Opera\u00e7\u00e3o S\u00f3 Cacareco percorre bairros da regi\u00e3o do Jardim dos Jequitib\u00e1s na pr\u00f3xima semana"},"content":{"rendered":"<p> <br \/>\n<br \/><img data-recalc-dims=\"1\" decoding=\"async\" src=\"https:\/\/i0.wp.com\/ecrie.com.br\/sistema\/conteudos\/imagem\/m_137_0_1_09122025105526.jpeg?w=696&#038;ssl=1\" \/><\/p>\n<p>&nbsp;<\/p>\n<p style=\"text-align: justify\">A Prefeitura de Limeira realiza, na pr&oacute;xima semana, mais uma etapa da Opera&ccedil;&atilde;o S&oacute; Cacareco, iniciativa que promove o recolhimento de materiais inserv&iacute;veis e contribui para a manuten&ccedil;&atilde;o da limpeza urbana e o combate ao mosquito Aedes aegypti.<\/p>\n<p style=\"text-align: justify\">A orienta&ccedil;&atilde;o &eacute; para que os moradores coloquem os objetos para descarte na cal&ccedil;ada, em frente &agrave;s resid&ecirc;ncias, na v&eacute;spera da coleta. Entre os itens que podem ser recolhidos est&atilde;o m&oacute;veis velhos, colch&otilde;es, sof&aacute;s e outros materiais sem utilidade.<\/p>\n<p style=\"text-align: justify\">Al&eacute;m de manter os bairros mais limpos, a a&ccedil;&atilde;o auxilia na preven&ccedil;&atilde;o da dengue, j&aacute; que objetos descartados de forma inadequada podem acumular &aacute;gua e se tornar criadouros do mosquito.<\/p>\n<p style=\"text-align: justify\">Em caso de chuva intensa, o cronograma poder&aacute; sofrer altera&ccedil;&otilde;es.<\/p>\n<p style=\"text-align: justify\"><strong>Confira a programa&ccedil;&atilde;o:<\/strong><\/p>\n<p style=\"text-align: justify\">* 15\/6 (segunda-feira) &ndash; Jardim dos Jequitib&aacute;s<\/p>\n<p style=\"text-align: justify\">* 16\/6 (ter&ccedil;a-feira) &ndash; Jardim dos Jequitib&aacute;s<\/p>\n<p style=\"text-align: justify\">* 17\/6 (quarta-feira) &ndash; Jardim Manac&aacute;<\/p>\n<p style=\"text-align: justify\">* 18\/6 (quinta-feira) &ndash; Jardim Recanto Verde<\/p>\n<p style=\"text-align: justify\">* 19\/6 (sexta-feira) &ndash; Jardim Primavera<\/p>\n<p><br \/>\n<br \/><a href=\"https:\/\/limeira.sp.gov.br\/operacao-so-cacareco-percorre-bairros-da-regiao-do-jardim-dos-jequitibas-na-proxima-semana\" rel=\"noopener\">Informa\u00e7\u00f5es da PML <\/a><\/p>\n","protected":false},"excerpt":{"rendered":"<p>&nbsp; A Prefeitura de Limeira realiza, na pr&oacute;xima semana, mais uma etapa da Opera&ccedil;&atilde;o S&oacute; Cacareco, iniciativa que promove o recolhimento de materiais inserv&iacute;veis e contribui para a manuten&ccedil;&atilde;o da limpeza urbana e o combate ao mosquito Aedes aegypti. A orienta&ccedil;&atilde;o &eacute; para que os moradores coloquem os objetos para descarte na cal&ccedil;ada, em frente [&hellip;]<\/p>\n","protected":false},"author":1,"featured_media":51025,"comment_status":"","ping_status":"open","sticky":false,"template":"","format":"standard","meta":{"_jetpack_newsletter_access":"","_jetpack_dont_email_post_to_subs":false,"_jetpack_newsletter_tier_id":0,"_jetpack_memberships_contains_paywalled_content":false,"_mbp_banners":[],"_jetpack_feature_clip_id":0,"_jetpack_memberships_contains_paid_content":false,"footnotes":"","jetpack_publicize_message":"","jetpack_publicize_feature_enabled":true,"jetpack_social_post_already_shared":true,"jetpack_social_options":{"image_generator_settings":{"template":"highway","default_image_id":0,"font":"","enabled":false},"version":2},"jetpack_post_was_ever_published":false},"categories":[16],"tags":[],"class_list":["post-68788","post","type-post","status-publish","format-standard","has-post-thumbnail","category-local"],"jetpack_publicize_connections":[],"jetpack-related-posts":[],"jetpack_shortlink":"https:\/\/wp.me\/p7Eq1F-hTu","jetpack_sharing_enabled":true,"jetpack_featured_media_url":"https:\/\/i0.wp.com\/guialimeira.com.br\/news\/wp-content\/uploads\/2025\/12\/m_137_0_1_09122025105526.jpeg?fit=1024%2C576&ssl=1","_links":{"self":[{"href":"https:\/\/guialimeira.com.br\/news\/wp-json\/wp\/v2\/posts\/68788","targetHints":{"allow":["GET"]}}],"collection":[{"href":"https:\/\/guialimeira.com.br\/news\/wp-json\/wp\/v2\/posts"}],"about":[{"href":"https:\/\/guialimeira.com.br\/news\/wp-json\/wp\/v2\/types\/post"}],"author":[{"embeddable":true,"href":"https:\/\/guialimeira.com.br\/news\/wp-json\/wp\/v2\/users\/1"}],"replies":[{"embeddable":true,"href":"https:\/\/guialimeira.com.br\/news\/wp-json\/wp\/v2\/comments?post=68788"}],"version-history":[{"count":0,"href":"https:\/\/guialimeira.com.br\/news\/wp-json\/wp\/v2\/posts\/68788\/revisions"}],"wp:featuredmedia":[{"embeddable":true,"href":"https:\/\/guialimeira.com.br\/news\/wp-json\/wp\/v2\/media\/51025"}],"wp:attachment":[{"href":"https:\/\/guialimeira.com.br\/news\/wp-json\/wp\/v2\/media?parent=68788"}],"wp:term":[{"taxonomy":"category","embeddable":true,"href":"https:\/\/guialimeira.com.br\/news\/wp-json\/wp\/v2\/categories?post=68788"},{"taxonomy":"post_tag","embeddable":true,"href":"https:\/\/guialimeira.com.br\/news\/wp-json\/wp\/v2\/tags?post=68788"}],"curies":[{"name":"wp","href":"https:\/\/api.w.org\/{rel}","templated":true}]}}