{"id":68786,"date":"2026-06-12T10:40:48","date_gmt":"2026-06-12T13:40:48","guid":{"rendered":"https:\/\/guialimeira.com.br\/secretaria-responde-comissao-de-saude-sobre-defasagem-de-servidores\/"},"modified":"2026-06-12T10:40:48","modified_gmt":"2026-06-12T13:40:48","slug":"secretaria-responde-comissao-de-saude-sobre-defasagem-de-servidores","status":"publish","type":"post","link":"https:\/\/guialimeira.com.br\/news\/secretaria-responde-comissao-de-saude-sobre-defasagem-de-servidores\/","title":{"rendered":"Secretaria responde Comiss\u00e3o de Sa\u00fade sobre defasagem de servidores"},"content":{"rendered":"<p>Secretaria responde Comiss\u00e3o de Sa\u00fade sobre defasagem de servidores<\/p>\n<p>Em resposta a pedido da Comiss\u00e3o de Sa\u00fade da C\u00e2mara Municipal de Limeira, a Prefeitura informou por of\u00edcio que atualmente h\u00e1 um d\u00e9ficit aproximado de 200 servidores nas unidades vinculadas \u00e0 Secretaria de Sa\u00fade. O documento foi lido pelo colegiado na reuni\u00e3o desta quinta-feira, 11 de junho. Os vereadores tamb\u00e9m questionaram sobre as medidas para suprir a defasagem.<\/p>\n<p>\u201cCom o objetivo de minimizar os impactos decorrentes dessa defasagem, a Administra\u00e7\u00e3o vem adotando medidas administrativas cont\u00ednuas, tais como remanejamento interno de servidores, realiza\u00e7\u00e3o de horas extras e solicita\u00e7\u00e3o de reposi\u00e7\u00e3o de pessoal mediante convoca\u00e7\u00e3o de candidatos aprovados em concursos p\u00fablicos vigentes\u201d, respondeu o secret\u00e1rio de Sa\u00fade, Alexandre Ferrari.<\/p>\n<p>O gestor sinalizou ainda que foram solicitadas vagas de servidores para a Secretaria em novo concurso p\u00fablico, que tem previs\u00e3o de realiza\u00e7\u00e3o ainda neste exerc\u00edcio. No Of\u00edcio N\u00ba 2.341\/2026, a Comiss\u00e3o de Sa\u00fade havia solicitado o detalhamento dos cargos e especialidades contemplados, bem como o quantitativo estimado de vagas. Contudo, a informa\u00e7\u00e3o n\u00e3o foi disponibilizada.<\/p>\n<p>Ferrari acrescentou que, diante da inexist\u00eancia de concurso vigente para determinados cargos, a Secretaria utiliza, quando poss\u00edvel, contrata\u00e7\u00e3o tempor\u00e1ria de servi\u00e7os por meio de cons\u00f3rcio (Cismetro). Ele detalhou que concurso inexistente \u00e9 quando n\u00e3o h\u00e1 mais candidatos aprovados dispon\u00edveis ou mesmo durante o per\u00edodo necess\u00e1rio para efetiva assun\u00e7\u00e3o dos convocados.<\/p>\n<p>Segundo a Secretaria de Sa\u00fade, o monitoramento do quadro funcional e das necessidades assistenciais \u00e9 realizado de forma cont\u00ednua, visando adequar a distribui\u00e7\u00e3o da for\u00e7a de trabalho \u00e0s demandas da rede municipal de sa\u00fade.<\/p>\n<p>Sobre a Comiss\u00e3o de Sa\u00fade<\/p>\n<p>A Comiss\u00e3o de Sa\u00fade \u00e9 respons\u00e1vel por tratar e fiscalizar todos os assuntos relacionados a hospitais p\u00fablicos e privados que atendem pacientes do SUS, bem como manifestar-se sobre assuntos ligados \u00e0 vigil\u00e2ncia sanit\u00e1ria, epidemiol\u00f3gica e nutricional, al\u00e9m de elaborar campanhas e a\u00e7\u00f5es preventivas sobre sa\u00fade e controle de epidemias.<\/p>\n<p>O colegiado \u00e9 formado pelos vereadores Dr. Marcelo Rossi (MDB), presidente; Z\u00e9 da Farm\u00e1cia (Solidariedade), vice-presidente, e Elias Barbosa (PRTB), secret\u00e1rio. Eles se re\u00fanem ordinariamente \u00e0s quintas-feiras, a partir das 10h. Todas as delibera\u00e7\u00f5es s\u00e3o registradas em ata.<\/p>\n<hr>\n<p><em>Fonte: <a href=\"https:\/\/www.limeira.sp.leg.br\/noticias\/view\/2026-06-12_secretaria-responde-comissao-de-saude-sobre-defasagem-de-servidores\" target=\"_blank\" rel=\"noopener\">C\u00e2mara Municipal de Limeira<\/a><\/em><\/p>\n","protected":false},"excerpt":{"rendered":"<p>Secretaria responde Comiss\u00e3o de Sa\u00fade sobre defasagem de servidores<\/p>\n<p>Em resposta a pedido da Comiss\u00e3o de Sa\u00fade da C\u00e2mara Municipal de Limeira, a Prefeitura informou por of\u00edcio que atualmente h\u00e1 um d\u00e9ficit aproximado de 200 servidores nas unidades vinculadas \u00e0 Secretaria de Sa\u00fade. O documento foi lid<\/p>\n","protected":false},"author":4,"featured_media":68785,"comment_status":"","ping_status":"open","sticky":false,"template":"","format":"standard","meta":{"_jetpack_newsletter_access":"","_jetpack_dont_email_post_to_subs":false,"_jetpack_newsletter_tier_id":0,"_jetpack_memberships_contains_paywalled_content":false,"_mbp_banners":[],"_jetpack_feature_clip_id":0,"_jetpack_memberships_contains_paid_content":false,"footnotes":"","jetpack_publicize_message":"","jetpack_publicize_feature_enabled":true,"jetpack_social_post_already_shared":true,"jetpack_social_options":{"image_generator_settings":{"template":"highway","default_image_id":0,"font":"","enabled":false},"version":2},"jetpack_post_was_ever_published":false},"categories":[19],"tags":[],"class_list":["post-68786","post","type-post","status-publish","format-standard","has-post-thumbnail","category-politica"],"jetpack_publicize_connections":[],"jetpack-related-posts":[],"jetpack_shortlink":"https:\/\/wp.me\/p7Eq1F-hTs","jetpack_sharing_enabled":true,"jetpack_featured_media_url":"https:\/\/i0.wp.com\/guialimeira.com.br\/news\/wp-content\/uploads\/2026\/06\/noticia-camara-51.jpg?fit=1280%2C640&ssl=1","_links":{"self":[{"href":"https:\/\/guialimeira.com.br\/news\/wp-json\/wp\/v2\/posts\/68786","targetHints":{"allow":["GET"]}}],"collection":[{"href":"https:\/\/guialimeira.com.br\/news\/wp-json\/wp\/v2\/posts"}],"about":[{"href":"https:\/\/guialimeira.com.br\/news\/wp-json\/wp\/v2\/types\/post"}],"author":[{"embeddable":true,"href":"https:\/\/guialimeira.com.br\/news\/wp-json\/wp\/v2\/users\/4"}],"replies":[{"embeddable":true,"href":"https:\/\/guialimeira.com.br\/news\/wp-json\/wp\/v2\/comments?post=68786"}],"version-history":[{"count":0,"href":"https:\/\/guialimeira.com.br\/news\/wp-json\/wp\/v2\/posts\/68786\/revisions"}],"wp:featuredmedia":[{"embeddable":true,"href":"https:\/\/guialimeira.com.br\/news\/wp-json\/wp\/v2\/media\/68785"}],"wp:attachment":[{"href":"https:\/\/guialimeira.com.br\/news\/wp-json\/wp\/v2\/media?parent=68786"}],"wp:term":[{"taxonomy":"category","embeddable":true,"href":"https:\/\/guialimeira.com.br\/news\/wp-json\/wp\/v2\/categories?post=68786"},{"taxonomy":"post_tag","embeddable":true,"href":"https:\/\/guialimeira.com.br\/news\/wp-json\/wp\/v2\/tags?post=68786"}],"curies":[{"name":"wp","href":"https:\/\/api.w.org\/{rel}","templated":true}]}}