{"id":68782,"date":"2026-06-12T10:35:56","date_gmt":"2026-06-12T13:35:56","guid":{"rendered":"https:\/\/guialimeira.com.br\/ordem-do-dia-da-proxima-sessao-ordinaria-tem-quatro-projetos-pautados-para-votacao-2\/"},"modified":"2026-06-12T10:35:56","modified_gmt":"2026-06-12T13:35:56","slug":"ordem-do-dia-da-proxima-sessao-ordinaria-tem-quatro-projetos-pautados-para-votacao-2","status":"publish","type":"post","link":"https:\/\/guialimeira.com.br\/news\/ordem-do-dia-da-proxima-sessao-ordinaria-tem-quatro-projetos-pautados-para-votacao-2\/","title":{"rendered":"Ordem do Dia da pr\u00f3xima sess\u00e3o ordin\u00e1ria tem quatro projetos pautados para vota\u00e7\u00e3o"},"content":{"rendered":"<p>Ordem do Dia da pr\u00f3xima sess\u00e3o ordin\u00e1ria tem quatro projetos pautados para vota\u00e7\u00e3o<\/p>\n<p>Quatro projetos est\u00e3o pautados na Ordem do Dia da pr\u00f3xima sess\u00e3o ordin\u00e1ria, na segunda-feira, 15 de junho. Os parlamentares tamb\u00e9m discutem requerimentos durante o Expediente. Os trabalhos s\u00e3o transmitidos ao vivo pelos canais de comunica\u00e7\u00e3o do Legislativo no YouTube, Facebook e site, e pela r\u00e1dio Limeira FM 106,9, a partir das 17h.<\/p>\n<p>Os mun\u00edcipes podem ainda conferir as sess\u00f5es de forma presencial. Temporariamente, a C\u00e2mara est\u00e1 localizada na rua Clarino Peixoto, 280 &#8211; Jardim Maria Buchi Modeneis, devido \u00e0s obras de reforma e amplia\u00e7\u00e3o da sede. Para entrar no pr\u00e9dio, basta se identificar na portaria e seguir at\u00e9 o \u00faltimo bloco.\u00a0 As orienta\u00e7\u00f5es para chegar ao novo endere\u00e7o est\u00e3o neste link.<\/p>\n<p>Confira a pauta na \u00edntegra:<\/p>\n<p>Projeto de Lei N\u00ba 54\/2026, da Prefeitura, disp\u00f5e sobre as diretrizes para a elabora\u00e7\u00e3o e execu\u00e7\u00e3o da Lei de Diretrizes Or\u00e7ament\u00e1ria (LDO) de 2027.<\/p>\n<p>Projeto de Lei N\u00ba 24\/2025, do vereador Costa J\u00fanior (Podemos), institui par\u00e2metros m\u00ednimos da pol\u00edtica p\u00fablica \u201cIdoso Mais Sa\u00fade\u201d no munic\u00edpio, que dever\u00e1 ser desenvolvida pelo poder competente com vistas ao cuidado da sa\u00fade do idoso.<\/p>\n<p>Projeto de Lei N\u00ba 276\/2025, da vereadora Lu Bogo (PL), inclui no Calend\u00e1rio Oficial de Eventos do Munic\u00edpio de Limeira a Romaria de Cavaleiros que acontece anualmente no m\u00eas de junho na Capela de Nossa Senhora das Dores do Lagoa Nova Rural.<\/p>\n<p>Projeto de Decreto Legislativo N\u00ba 7\/2026, do vereador Everton Ferreira (PSD), denomina a Tribuna Livre da C\u00e2mara Municipal de Limeira como \u201cTribuna Livre Professora Eliza Gabriel da Costa\u201d.<\/p>\n<hr>\n<p><em>Fonte: <a href=\"https:\/\/www.limeira.sp.leg.br\/noticias\/view\/2026-06-12_ordem-do-dia-da-proxima-sessao-ordinaria-tem-quatro-projetos-pautados-para-votacao\" target=\"_blank\" rel=\"noopener\">C\u00e2mara Municipal de Limeira<\/a><\/em><\/p>\n","protected":false},"excerpt":{"rendered":"<p>Ordem do Dia da pr\u00f3xima sess\u00e3o ordin\u00e1ria tem quatro projetos pautados para vota\u00e7\u00e3o<\/p>\n<p>Quatro projetos est\u00e3o pautados na Ordem do Dia da pr\u00f3xima sess\u00e3o ordin\u00e1ria, na segunda-feira, 15 de junho. Os parlamentares tamb\u00e9m discutem requerimentos durante o Expediente. Os trabalhos s\u00e3o transmitidos ao vivo pe<\/p>\n","protected":false},"author":4,"featured_media":68781,"comment_status":"","ping_status":"open","sticky":false,"template":"","format":"standard","meta":{"_jetpack_newsletter_access":"","_jetpack_dont_email_post_to_subs":false,"_jetpack_newsletter_tier_id":0,"_jetpack_memberships_contains_paywalled_content":false,"_mbp_banners":[],"_jetpack_feature_clip_id":0,"_jetpack_memberships_contains_paid_content":false,"footnotes":"","jetpack_publicize_message":"","jetpack_publicize_feature_enabled":true,"jetpack_social_post_already_shared":true,"jetpack_social_options":{"image_generator_settings":{"template":"highway","default_image_id":0,"font":"","enabled":false},"version":2},"jetpack_post_was_ever_published":false},"categories":[19],"tags":[],"class_list":["post-68782","post","type-post","status-publish","format-standard","has-post-thumbnail","category-politica"],"jetpack_publicize_connections":[],"jetpack-related-posts":[],"jetpack_shortlink":"https:\/\/wp.me\/p7Eq1F-hTo","jetpack_sharing_enabled":true,"jetpack_featured_media_url":"https:\/\/i0.wp.com\/guialimeira.com.br\/news\/wp-content\/uploads\/2026\/06\/noticia-camara-50.jpg?fit=1280%2C640&ssl=1","_links":{"self":[{"href":"https:\/\/guialimeira.com.br\/news\/wp-json\/wp\/v2\/posts\/68782","targetHints":{"allow":["GET"]}}],"collection":[{"href":"https:\/\/guialimeira.com.br\/news\/wp-json\/wp\/v2\/posts"}],"about":[{"href":"https:\/\/guialimeira.com.br\/news\/wp-json\/wp\/v2\/types\/post"}],"author":[{"embeddable":true,"href":"https:\/\/guialimeira.com.br\/news\/wp-json\/wp\/v2\/users\/4"}],"replies":[{"embeddable":true,"href":"https:\/\/guialimeira.com.br\/news\/wp-json\/wp\/v2\/comments?post=68782"}],"version-history":[{"count":0,"href":"https:\/\/guialimeira.com.br\/news\/wp-json\/wp\/v2\/posts\/68782\/revisions"}],"wp:featuredmedia":[{"embeddable":true,"href":"https:\/\/guialimeira.com.br\/news\/wp-json\/wp\/v2\/media\/68781"}],"wp:attachment":[{"href":"https:\/\/guialimeira.com.br\/news\/wp-json\/wp\/v2\/media?parent=68782"}],"wp:term":[{"taxonomy":"category","embeddable":true,"href":"https:\/\/guialimeira.com.br\/news\/wp-json\/wp\/v2\/categories?post=68782"},{"taxonomy":"post_tag","embeddable":true,"href":"https:\/\/guialimeira.com.br\/news\/wp-json\/wp\/v2\/tags?post=68782"}],"curies":[{"name":"wp","href":"https:\/\/api.w.org\/{rel}","templated":true}]}}