{"id":68780,"date":"2026-06-12T10:22:20","date_gmt":"2026-06-12T13:22:20","guid":{"rendered":"https:\/\/guialimeira.com.br\/ondas-ultrassonicas-vao-ajudar-a-conter-avanco-das-algas-no-tiete\/"},"modified":"2026-06-12T10:22:20","modified_gmt":"2026-06-12T13:22:20","slug":"ondas-ultrassonicas-vao-ajudar-a-conter-avanco-das-algas-no-tiete","status":"publish","type":"post","link":"https:\/\/guialimeira.com.br\/news\/ondas-ultrassonicas-vao-ajudar-a-conter-avanco-das-algas-no-tiete\/","title":{"rendered":"Ondas ultrass\u00f4nicas v\u00e3o ajudar a conter avan\u00e7o das algas no Tiet\u00ea"},"content":{"rendered":"<p> <br \/>\n<br \/><img data-recalc-dims=\"1\" decoding=\"async\" src=\"https:\/\/i0.wp.com\/www.agenciasp.sp.gov.br\/wp-content\/uploads\/2025\/10\/rio-tiete-agua-mairinque.jpg?w=696&#038;ssl=1\" \/><\/p>\n<div>\n<p class=\"wp-block-paragraph\">Uma tecnologia j\u00e1 utilizada em cerca de 60 pa\u00edses ser\u00e1 testada pelo Governo de S\u00e3o Paulo para reduzir a forma\u00e7\u00e3o da chamada \u201cnata verde\u201d em um trecho do Rio Tiet\u00ea. O projeto ser\u00e1 implantado pela <a href=\"https:\/\/www.cetesb.sp.gov.br\/cetesb\" target=\"_blank\" rel=\"noopener\">Companhia Ambiental do Estado de S\u00e3o Paulo (Cetesb)<\/a>, vinculada \u00e0 Secretaria de Meio Ambiente, Infraestrutura e Log\u00edstica <a href=\"https:\/\/semil.sp.gov.br\/\" target=\"_blank\" rel=\"noopener\">(Semil)<\/a>, no C\u00f3rrego do Esgot\u00e3o, em Sabino (SP), \u00e1rea com hist\u00f3rico de flora\u00e7\u00f5es intensas de cianobact\u00e9rias que formam manchas esverdeadas na superf\u00edcie da \u00e1gua. O an\u00fancio foi feito na quarta-feira (10), durante evento alusivo ao Dia Mundial do Meio Ambiente, e faz parte de um pacote de novas medidas no contexto do Programa IntegraTiet\u00ea.<\/p>\n<p class=\"wp-block-paragraph\">A iniciativa prev\u00ea a instala\u00e7\u00e3o de 14 boias inteligentes interligadas, capazes de emitir ondas ultrass\u00f4nicas e monitorar continuamente a qualidade da \u00e1gua. O objetivo \u00e9 reduzir a prolifera\u00e7\u00e3o das algas sem a utiliza\u00e7\u00e3o de produtos qu\u00edmicos e sem causar danos ao ecossistema aqu\u00e1tico.<\/p>\n<p class=\"wp-block-paragraph\">\u201cSabino foi escolhida para receber o projeto-piloto porque re\u00fane caracter\u00edsticas que a tornam um ambiente ideal para testar e avaliar essa tecnologia em condi\u00e7\u00f5es reais. A regi\u00e3o apresenta hist\u00f3rico de flora\u00e7\u00f5es de algas, conta com uma base consistente de dados de monitoramento e possui relev\u00e2ncia para atividades de lazer, turismo e pesca. Isso permite que os resultados sejam acompanhados tanto do ponto de vista ambiental quanto dos benef\u00edcios percebidos pela popula\u00e7\u00e3o\u201d, afirma o diretor-presidente da Cetesb, Thomaz Toledo.<\/p>\n<p class=\"wp-block-paragraph\"><strong>LEIA TAMB\u00c9M: <\/strong><a href=\"https:\/\/www.agenciasp.sp.gov.br\/3-acoes-de-saneamento-que-ampliaram-o-tratamento-de-esgoto-em-guarulhos-e-ajudaram-a-recuperar-o-rio-tiete\/\" rel=\"noopener\">3 a\u00e7\u00f5es de saneamento que ampliaram o tratamento de esgoto em Guarulhos e ajudaram a recuperar o Rio Tiet\u00ea<\/a>\u00a0<\/p>\n<p class=\"wp-block-paragraph\">De acordo com a <a href=\"https:\/\/www.agenciasp.sp.gov.br\/sp-pod-natalia-resende-detalha-plano-de-expansao-do-saneamento-e-da-tarifa-social-em-sao-paulo\/\" rel=\"noopener\">secret\u00e1ria de Meio Ambiente, Infraestrutura e Log\u00edstica, Nat\u00e1lia Resende<\/a>, a tecnologia tem sido uma aliada na busca de solu\u00e7\u00f5es para aprimorar cada vez mais os resultados obtidos pelo programa IntegraTiet\u00ea. \u201cTemos avan\u00e7os consistentes na recupera\u00e7\u00e3o do Tiet\u00ea e seus afluentes e essa nova frente de combate \u00e0 prolifera\u00e7\u00e3o de algas por meio do uso de tecnologia ultrass\u00f4nica se soma a uma s\u00e9rie de outras frentes em andamento, de saneamento, desassoreamento, limpeza, conserva\u00e7\u00e3o, fiscaliza\u00e7\u00e3o e monitoramento\u201d, enfatiza.<\/p>\n<p class=\"wp-block-paragraph\">A instala\u00e7\u00e3o do sistema est\u00e1 prevista para agosto. A expectativa \u00e9 que os primeiros resultados possam ser observados a partir de 90 dias ap\u00f3s o in\u00edcio da opera\u00e7\u00e3o das boias, prazo considerado necess\u00e1rio para avaliar os efeitos da tecnologia sobre a prolifera\u00e7\u00e3o de algas na \u00e1rea monitorada.<\/p>\n<p class=\"wp-block-paragraph\">A \u00e1rea abrangida pelo projeto possui cerca de 960 mil metros quadrados, o equivalente a mais de 130 campos de futebol, e volume estimado de 7 milh\u00f5es de metros c\u00fabicos de \u00e1gua, suficiente para encher aproximadamente 2.800 piscinas ol\u00edmpicas.<\/p>\n<h3 class=\"wp-block-heading\">Como funciona a tecnologia movida a energia solar<\/h3>\n<p class=\"wp-block-paragraph\">As boias emitem ondas ultrass\u00f4nicas em diferentes frequ\u00eancias para interferir na capacidade de flutua\u00e7\u00e3o das algas. Com isso, elas encontram mais dificuldade para permanecer pr\u00f3ximas \u00e0 superf\u00edcie, onde recebem luz solar para realizar a fotoss\u00edntese.<\/p>\n<p class=\"wp-block-paragraph\">Ao migrar para camadas mais profundas da \u00e1gua, a tend\u00eancia \u00e9 a interrup\u00e7\u00e3o do ciclo de vida da esp\u00e9cie e que a forma\u00e7\u00e3o das manchas esverdeadas seja reduzida. Cada boia possui alcance de aproximadamente 500 metros de di\u00e2metro, cobrindo uma \u00e1rea equivalente a cerca de 28 campos de futebol.<\/p>\n<p class=\"wp-block-paragraph\">Com investimento de cerca de R$ 9 milh\u00f5es, o sistema utilizar\u00e1 intelig\u00eancia embarcada com uso de algoritmos para ajustar automaticamente a frequ\u00eancia e a intensidade das ondas conforme as condi\u00e7\u00f5es observadas na \u00e1gua.<\/p>\n<p class=\"wp-block-paragraph\">Al\u00e9m disso, os equipamentos funcionar\u00e3o como esta\u00e7\u00f5es autom\u00e1ticas de monitoramento. Sensores instalados nas boias v\u00e3o acompanhar continuamente par\u00e2metros como oxig\u00eanio dissolvido, pH, turbidez, temperatura, clorofila e ficocianina.<\/p>\n<p class=\"wp-block-paragraph\">O projeto tamb\u00e9m contar\u00e1 com uma esta\u00e7\u00e3o meteorol\u00f3gica para cruzamento de informa\u00e7\u00f5es sobre chuva, vento e temperatura, permitindo antecipar condi\u00e7\u00f5es favor\u00e1veis ao surgimento das flora\u00e7\u00f5es. Toda a opera\u00e7\u00e3o ser\u00e1 alimentada por energia solar e baterias de l\u00edtio.<\/p>\n<p class=\"wp-block-paragraph\">Desenvolvida na Holanda, a tecnologia foi escolhida por combinar baixo impacto ambiental e capacidade de atua\u00e7\u00e3o em grandes \u00e1reas.<\/p>\n<h3 class=\"wp-block-heading\">O que causa a \u201cnata verde\u201d<\/h3>\n<p class=\"wp-block-paragraph\">A forma\u00e7\u00e3o das manchas esverdeadas est\u00e1 associada ao excesso de nutrientes na \u00e1gua, fen\u00f4meno conhecido como eutrofiza\u00e7\u00e3o. Em condi\u00e7\u00f5es favor\u00e1veis, como altas temperaturas e maior incid\u00eancia de luz solar, ocorre uma prolifera\u00e7\u00e3o acelerada de algas e cianobact\u00e9rias. Al\u00e9m do impacto visual, esses epis\u00f3dios podem comprometer a qualidade da \u00e1gua e afetar atividades como pesca, piscicultura, esportes n\u00e1uticos e lazer.<\/p>\n<h3 class=\"wp-block-heading\">Sobre a Semana do Meio Ambiente<\/h3>\n<p class=\"wp-block-paragraph\">Realizada pelo Governo de S\u00e3o Paulo em celebra\u00e7\u00e3o ao Dia Mundial do Meio Ambiente, a Semana do Meio Ambiente contou com evento no Parque Ecol\u00f3gico do Tiet\u00ea (PET), na zona leste da capital paulista, no dia 10 de junho. A edi\u00e7\u00e3o deste ano incorporou o legado do Summit Agenda SP+Verde, ampliando a integra\u00e7\u00e3o entre governo, setor produtivo, investidores e sociedade civil em torno da agenda clim\u00e1tica, da economia verde e do desenvolvimento sustent\u00e1vel.<\/p>\n<p class=\"wp-block-paragraph\">A programa\u00e7\u00e3o incluiu uma s\u00e9rie de an\u00fancios e entregas, ativa\u00e7\u00f5es e atra\u00e7\u00f5es com a participa\u00e7\u00e3o de empresas e entidades selecionadas por edital p\u00fablico. Tamb\u00e9m est\u00e1 previsto na programa\u00e7\u00e3o da Semana o F\u00f3rum SP Conecta, iniciativa da Semil e da InvestSP a ser realizada no pr\u00f3ximo dia 16 de junho, voltada \u00e0 atra\u00e7\u00e3o de investimentos e ao fortalecimento da competitividade ambiental no Estado de S\u00e3o Paulo. A Semana do Meio Ambiente tamb\u00e9m faz alus\u00e3o \u00e0s comemora\u00e7\u00f5es dos 40 anos da Semil.<\/p>\n<\/p><\/div>\n<p><br \/>\n<br \/><a href=\"https:\/\/www.agenciasp.sp.gov.br\/ondas-ultrassonicas-conter-algas-tiete\/\" rel=\"noopener\">Informa\u00e7\u00f5es GOV.SP<\/a><\/p>\n","protected":false},"excerpt":{"rendered":"<p>Uma tecnologia j\u00e1 utilizada em cerca de 60 pa\u00edses ser\u00e1 testada pelo Governo de S\u00e3o Paulo para reduzir a forma\u00e7\u00e3o da chamada \u201cnata verde\u201d em um trecho do Rio Tiet\u00ea. O projeto ser\u00e1 implantado pela Companhia Ambiental do Estado de S\u00e3o Paulo (Cetesb), vinculada \u00e0 Secretaria de Meio Ambiente, Infraestrutura e Log\u00edstica (Semil), no C\u00f3rrego [&hellip;]<\/p>\n","protected":false},"author":1,"featured_media":48578,"comment_status":"","ping_status":"open","sticky":false,"template":"","format":"standard","meta":{"_jetpack_newsletter_access":"","_jetpack_dont_email_post_to_subs":false,"_jetpack_newsletter_tier_id":0,"_jetpack_memberships_contains_paywalled_content":false,"_mbp_banners":[],"_jetpack_feature_clip_id":0,"_jetpack_memberships_contains_paid_content":false,"footnotes":"","jetpack_publicize_message":"","jetpack_publicize_feature_enabled":true,"jetpack_social_post_already_shared":true,"jetpack_social_options":{"image_generator_settings":{"template":"highway","default_image_id":0,"font":"","enabled":false},"version":2},"jetpack_post_was_ever_published":false},"categories":[21],"tags":[],"class_list":["post-68780","post","type-post","status-publish","format-standard","has-post-thumbnail","category-sp-news"],"jetpack_publicize_connections":[],"jetpack-related-posts":[],"jetpack_shortlink":"https:\/\/wp.me\/p7Eq1F-hTm","jetpack_sharing_enabled":true,"jetpack_featured_media_url":"https:\/\/i0.wp.com\/guialimeira.com.br\/news\/wp-content\/uploads\/2025\/10\/Governo-de-SP-autoriza-captacao-emergencial-de-agua-em-Mairinque.jpg?fit=1024%2C682&ssl=1","_links":{"self":[{"href":"https:\/\/guialimeira.com.br\/news\/wp-json\/wp\/v2\/posts\/68780","targetHints":{"allow":["GET"]}}],"collection":[{"href":"https:\/\/guialimeira.com.br\/news\/wp-json\/wp\/v2\/posts"}],"about":[{"href":"https:\/\/guialimeira.com.br\/news\/wp-json\/wp\/v2\/types\/post"}],"author":[{"embeddable":true,"href":"https:\/\/guialimeira.com.br\/news\/wp-json\/wp\/v2\/users\/1"}],"replies":[{"embeddable":true,"href":"https:\/\/guialimeira.com.br\/news\/wp-json\/wp\/v2\/comments?post=68780"}],"version-history":[{"count":0,"href":"https:\/\/guialimeira.com.br\/news\/wp-json\/wp\/v2\/posts\/68780\/revisions"}],"wp:featuredmedia":[{"embeddable":true,"href":"https:\/\/guialimeira.com.br\/news\/wp-json\/wp\/v2\/media\/48578"}],"wp:attachment":[{"href":"https:\/\/guialimeira.com.br\/news\/wp-json\/wp\/v2\/media?parent=68780"}],"wp:term":[{"taxonomy":"category","embeddable":true,"href":"https:\/\/guialimeira.com.br\/news\/wp-json\/wp\/v2\/categories?post=68780"},{"taxonomy":"post_tag","embeddable":true,"href":"https:\/\/guialimeira.com.br\/news\/wp-json\/wp\/v2\/tags?post=68780"}],"curies":[{"name":"wp","href":"https:\/\/api.w.org\/{rel}","templated":true}]}}