{"id":68767,"date":"2026-06-12T07:18:46","date_gmt":"2026-06-12T10:18:46","guid":{"rendered":"https:\/\/guialimeira.com.br\/praias-do-tiete-terao-monitoramento-por-satelite-para-alertar-sobre-proliferacao-de-algas\/"},"modified":"2026-06-12T07:18:46","modified_gmt":"2026-06-12T10:18:46","slug":"praias-do-tiete-terao-monitoramento-por-satelite-para-alertar-sobre-proliferacao-de-algas","status":"publish","type":"post","link":"https:\/\/guialimeira.com.br\/news\/praias-do-tiete-terao-monitoramento-por-satelite-para-alertar-sobre-proliferacao-de-algas\/","title":{"rendered":"Praias do Tiet\u00ea ter\u00e3o monitoramento por sat\u00e9lite para alertar sobre prolifera\u00e7\u00e3o de algas"},"content":{"rendered":"<p> <br \/>\n<br \/><img data-recalc-dims=\"1\" decoding=\"async\" src=\"https:\/\/i0.wp.com\/www.agenciasp.sp.gov.br\/wp-content\/uploads\/2026\/01\/Rio-tiete-7-2-1-1024x683-1.jpg?w=696&#038;ssl=1\" \/><\/p>\n<div>\n<p class=\"wp-block-paragraph\">Quem pretende aproveitar as praias de \u00e1gua doce do interior paulista ganhar\u00e1 uma nova ferramenta para consultar as condi\u00e7\u00f5es de balneabilidade antes de entrar na \u00e1gua. A <a href=\"https:\/\/www.cetesb.sp.gov.br\/cetesb\" target=\"_blank\" rel=\"noopener\">Companhia Ambiental do Estado de S\u00e3o Paulo (Cetesb)<\/a> vai utilizar imagens de sat\u00e9lite e intelig\u00eancia artificial para acompanhar as condi\u00e7\u00f5es ambientais de praias p\u00fablicas localizadas em reservat\u00f3rios do Rio Tiet\u00ea. O an\u00fancio foi feito nesta quarta-feira (10), durante evento alusivo ao Dia Mundial do Meio Ambiente, e faz parte de um pacote de novas medidas no contexto do Programa IntegraTiet\u00ea.<\/p>\n<p class=\"wp-block-paragraph\">A iniciativa ser\u00e1 implantada inicialmente em oito praias distribu\u00eddas em tr\u00eas reservat\u00f3rios. Em Barra Bonita, ser\u00e3o acompanhadas as praias de Anhembi e Rio Bonito (Botucatu). Em Ibitinga, o projeto abranger\u00e1 Arealva e Iacanga. J\u00e1 em Promiss\u00e3o, a tecnologia ser\u00e1 aplicada nas praias de Mendon\u00e7a, Sales, Ubarana e Sabino. Os dados ser\u00e3o disponibilizados semanalmente em um painel aberto ao p\u00fablico, que pode ser acessado no link <a href=\"https:\/\/appmonitoratiete.orbty.com.br\/index.html\" target=\"_blank\" rel=\"noopener\">https:\/\/appmonitoratiete.orbty.com.br\/index.html<\/a>.<\/p>\n<p class=\"wp-block-paragraph\">O objetivo \u00e9 identificar a ocorr\u00eancia da chamada \u201cnata verde\u201d, provocada pela prolifera\u00e7\u00e3o excessiva de algas e cianobact\u00e9rias, e gerar alertas para apoiar a gest\u00e3o ambiental e a seguran\u00e7a dos usu\u00e1rios.<\/p>\n<p class=\"wp-block-paragraph\"><strong>LEIA TAMB\u00c9M: <\/strong><a href=\"https:\/\/www.agenciasp.sp.gov.br\/sp-reduz-poluicao-na-bacia-dos-rios-tiete-e-pinheiros-e-leva-esgoto-tratado-a-3-milhoes-de-pessoas-apos-desestatizacao-do-servico\/\" rel=\"noopener\">SP reduz polui\u00e7\u00e3o na bacia dos rios Tiet\u00ea e Pinheiros e leva esgoto tratado a 3 milh\u00f5es de pessoas ap\u00f3s desestatiza\u00e7\u00e3o do servi\u00e7o\u00a0<\/a><\/p>\n<p class=\"wp-block-paragraph\">Segundo o diretor-presidente da Cetesb, Thomaz Toledo, a iniciativa combina inova\u00e7\u00e3o tecnol\u00f3gica e servi\u00e7o \u00e0 popula\u00e7\u00e3o. \u201cCada vez mais pessoas utilizam as praias do interior para lazer, turismo e pr\u00e1tica esportiva. O uso de sat\u00e9lites e intelig\u00eancia artificial permitir\u00e1 acompanhar essas \u00e1reas de forma mais ampla e frequente, oferecendo informa\u00e7\u00f5es mais r\u00e1pidas para a popula\u00e7\u00e3o e apoiando a gest\u00e3o ambiental dos munic\u00edpios.\u201d<\/p>\n<p class=\"wp-block-paragraph\">Coordenado pela Cetesb, em conv\u00eanio com o Instituto Nacional de Pesquisas Espaciais (Inpe) e parceria com a Auren Energia, o projeto utiliza imagens dos sat\u00e9lites Sentinel-2 e Sentinel-3 analisadas por modelos de intelig\u00eancia artificial. Os resultados ser\u00e3o integrados \u00e0s informa\u00e7\u00f5es de campo e divulgados semanalmente em painel aberto \u00e0 popula\u00e7\u00e3o, gerando informa\u00e7\u00f5es que apoiar\u00e3o a gest\u00e3o ambiental dos reservat\u00f3rios e a seguran\u00e7a dos usu\u00e1rios.<\/p>\n<p class=\"wp-block-paragraph\">O monitoramento por sat\u00e9lite funcionar\u00e1 como uma ferramenta complementar ao trabalho j\u00e1 realizado pela Cetesb, ampliando a capacidade de acompanhamento das condi\u00e7\u00f5es ambientais dos reservat\u00f3rios.<\/p>\n<h3 class=\"wp-block-heading\">Sobre a Semana do Meio Ambiente<\/h3>\n<p class=\"wp-block-paragraph\">Realizada pelo Governo de S\u00e3o Paulo em celebra\u00e7\u00e3o ao Dia Mundial do Meio Ambiente, a Semana do Meio Ambiente contou com evento no Parque Ecol\u00f3gico do Tiet\u00ea (PET), na zona leste da capital paulista, no dia 10 de junho. A edi\u00e7\u00e3o deste ano incorporou o legado do Summit Agenda SP+Verde, ampliando a integra\u00e7\u00e3o entre governo, setor produtivo, investidores e sociedade civil em torno da agenda clim\u00e1tica, da economia verde e do desenvolvimento sustent\u00e1vel.<\/p>\n<p class=\"wp-block-paragraph\">A programa\u00e7\u00e3o incluiu uma s\u00e9rie de an\u00fancios e entregas, ativa\u00e7\u00f5es e atra\u00e7\u00f5es com a participa\u00e7\u00e3o de empresas e entidades selecionadas por edital p\u00fablico. Tamb\u00e9m est\u00e1 previsto na programa\u00e7\u00e3o da Semana o F\u00f3rum SP Conecta, iniciativa da <a href=\"https:\/\/semil.sp.gov.br\/\" target=\"_blank\" rel=\"noopener\">Semil<\/a> e da InvestSP a ser realizada no pr\u00f3ximo dia 16 de junho, voltada \u00e0 atra\u00e7\u00e3o de investimentos e ao fortalecimento da competitividade ambiental no Estado de S\u00e3o Paulo. A Semana do Meio Ambiente tamb\u00e9m faz alus\u00e3o \u00e0s comemora\u00e7\u00f5es dos 40 anos da Semil.<\/p>\n<\/p><\/div>\n<p><br \/>\n<br \/><a href=\"https:\/\/www.agenciasp.sp.gov.br\/praias-tiete-terao-monitoramento-satelite\/\" rel=\"noopener\">Informa\u00e7\u00f5es GOV.SP<\/a><\/p>\n","protected":false},"excerpt":{"rendered":"<p>Quem pretende aproveitar as praias de \u00e1gua doce do interior paulista ganhar\u00e1 uma nova ferramenta para consultar as condi\u00e7\u00f5es de balneabilidade antes de entrar na \u00e1gua. A Companhia Ambiental do Estado de S\u00e3o Paulo (Cetesb) vai utilizar imagens de sat\u00e9lite e intelig\u00eancia artificial para acompanhar as condi\u00e7\u00f5es ambientais de praias p\u00fablicas localizadas em reservat\u00f3rios do [&hellip;]<\/p>\n","protected":false},"author":1,"featured_media":68768,"comment_status":"","ping_status":"open","sticky":false,"template":"","format":"standard","meta":{"_jetpack_newsletter_access":"","_jetpack_dont_email_post_to_subs":false,"_jetpack_newsletter_tier_id":0,"_jetpack_memberships_contains_paywalled_content":false,"_mbp_banners":[],"_jetpack_feature_clip_id":0,"_jetpack_memberships_contains_paid_content":false,"footnotes":"","jetpack_publicize_message":"","jetpack_publicize_feature_enabled":true,"jetpack_social_post_already_shared":true,"jetpack_social_options":{"image_generator_settings":{"template":"highway","default_image_id":0,"font":"","enabled":false},"version":2},"jetpack_post_was_ever_published":false},"categories":[21],"tags":[],"class_list":["post-68767","post","type-post","status-publish","format-standard","has-post-thumbnail","category-sp-news"],"jetpack_publicize_connections":[],"jetpack-related-posts":[],"jetpack_shortlink":"https:\/\/wp.me\/p7Eq1F-hT9","jetpack_sharing_enabled":true,"jetpack_featured_media_url":"https:\/\/i0.wp.com\/guialimeira.com.br\/news\/wp-content\/uploads\/2026\/06\/Praias-do-Tiete-terao-monitoramento-por-satelite-para-alertar-sobre.jpg?fit=1024%2C683&ssl=1","_links":{"self":[{"href":"https:\/\/guialimeira.com.br\/news\/wp-json\/wp\/v2\/posts\/68767","targetHints":{"allow":["GET"]}}],"collection":[{"href":"https:\/\/guialimeira.com.br\/news\/wp-json\/wp\/v2\/posts"}],"about":[{"href":"https:\/\/guialimeira.com.br\/news\/wp-json\/wp\/v2\/types\/post"}],"author":[{"embeddable":true,"href":"https:\/\/guialimeira.com.br\/news\/wp-json\/wp\/v2\/users\/1"}],"replies":[{"embeddable":true,"href":"https:\/\/guialimeira.com.br\/news\/wp-json\/wp\/v2\/comments?post=68767"}],"version-history":[{"count":0,"href":"https:\/\/guialimeira.com.br\/news\/wp-json\/wp\/v2\/posts\/68767\/revisions"}],"wp:featuredmedia":[{"embeddable":true,"href":"https:\/\/guialimeira.com.br\/news\/wp-json\/wp\/v2\/media\/68768"}],"wp:attachment":[{"href":"https:\/\/guialimeira.com.br\/news\/wp-json\/wp\/v2\/media?parent=68767"}],"wp:term":[{"taxonomy":"category","embeddable":true,"href":"https:\/\/guialimeira.com.br\/news\/wp-json\/wp\/v2\/categories?post=68767"},{"taxonomy":"post_tag","embeddable":true,"href":"https:\/\/guialimeira.com.br\/news\/wp-json\/wp\/v2\/tags?post=68767"}],"curies":[{"name":"wp","href":"https:\/\/api.w.org\/{rel}","templated":true}]}}