{"id":6876,"date":"2024-05-29T11:53:49","date_gmt":"2024-05-29T14:53:49","guid":{"rendered":"https:\/\/guialimeira.com.br\/2024\/05\/29\/brasil-fecha-abril-com-240-mil-empregos-criados-aponta-caged\/"},"modified":"2024-05-29T11:53:49","modified_gmt":"2024-05-29T14:53:49","slug":"brasil-fecha-abril-com-240-mil-empregos-criados-aponta-caged","status":"publish","type":"post","link":"https:\/\/guialimeira.com.br\/news\/brasil-fecha-abril-com-240-mil-empregos-criados-aponta-caged\/","title":{"rendered":"Brasil fecha abril com 240 mil empregos criados, aponta Caged"},"content":{"rendered":"<p> <br \/>\n<\/p>\n<div>\n<p>O Brasil fechou o m\u00eas de abril com saldo positivo de 240.033 empregos com carteira assinada. O balan\u00e7o \u00e9 do Cadastro Geral de Empregados e Desempregados (Novo Caged) divulgado nesta quarta-feira (29) pelo Minist\u00e9rio do Trabalho e Emprego (MTE). O resultado de abril decorreu de 2.260.439 admiss\u00f5es e de 2.020.406 desligamentos.<img data-recalc-dims=\"1\" decoding=\"async\" src=\"https:\/\/i0.wp.com\/agenciabrasil.ebc.com.br\/ebc.png?w=696&#038;ssl=1\" style=\"width:1px; height:1px; display:inline;\"\/><img data-recalc-dims=\"1\" decoding=\"async\" src=\"https:\/\/i0.wp.com\/agenciabrasil.ebc.com.br\/ebc.gif?w=696&#038;ssl=1\" style=\"width:1px; height:1px; display:inline;\"\/><\/p>\n<p>No acumulado do ano de janeiro\/2024 a abril\/2024, o saldo foi positivo em 958.425 empregos, resultado de 8.904.070 admiss\u00f5es e 7.945.645 desligamentos. J\u00e1 nos \u00faltimos 12 meses, de maio\/2023 a abril\/2024, foi registrado saldo de 1.701.950 empregos, decorrente de 24.179.955 admiss\u00f5es e de 22.478.005 desligamentos.<\/p>\n<p>Em rela\u00e7\u00e3o ao estoque, ou seja, a quantidade total de v\u00ednculos celetistas ativos, o pa\u00eds registrou, em abril, um saldo de 46.475.700 v\u00ednculos, uma varia\u00e7\u00e3o de 0,52% em rela\u00e7\u00e3o ao estoque do m\u00eas anterior.<\/p>\n<p>O maior crescimento do emprego formal no m\u00eas de abril ocorreu no setor de servi\u00e7os, com a cria\u00e7\u00e3o de 138.309 postos. Na ind\u00fastria, foram 35.990 postos, concentrados na ind\u00fastria da transforma\u00e7\u00e3o. Na constru\u00e7\u00e3o, foram 31.893 postos; no com\u00e9rcio, 27.272 postos; e na agropecu\u00e1ria, 6.576 postos.<\/p>\n<h2>Sal\u00e1rio<\/h2>\n<p>O sal\u00e1rio m\u00e9dio de admiss\u00e3o foi R$ 2.126,16. Comparado ao m\u00eas anterior, houve aumento real de R$ 36,96, uma varia\u00e7\u00e3o positiva de 1,77%.<\/p>\n<p>A maioria das vagas criadas no m\u00eas de abril foram preenchidas por homens (129.116). As mulheres ocuparam 110.917 vagas. A faixa et\u00e1ria com maior saldo foi de 18 a 24 anos, com 128.893 postos. O ensino m\u00e9dio completo apresentou saldo de 175.570 postos. No saldo por faixa salarial, a faixa de at\u00e9 1,5 sal\u00e1rio\u00a0m\u00ednimo\u00a0registrou 169.400 postos. Em rela\u00e7\u00e3o \u00e0 ra\u00e7a\/cor, a parda obteve o saldo de 217.717 postos.<\/p>\n<h2>Regi\u00f5es<\/h2>\n<p>Todas as regi\u00f5es do pa\u00eds tiveram saldo positivo na gera\u00e7\u00e3o de emprego no m\u00eas passado. No Sudeste, foram 126.411 postos, varia\u00e7\u00e3o positiva de 0,54% em rela\u00e7\u00e3o a mar\u00e7o. No Sul, foram 45.001 postos (0,53%); no Centro-Oeste, foram 24.408 postos (0,59%). O Nordeste somou 23.667 postos (0,31%); e o Norte, 15.745 postos (0,68%).<\/p>\n<p>Em termos relativos, os estados com maior varia\u00e7\u00e3o na cria\u00e7\u00e3o de empregos em rela\u00e7\u00e3o ao estoque do m\u00eas anterior s\u00e3o Acre, com a abertura de 1.267 postos, aumento de 1,2%; Amap\u00e1, que criou 902 vagas (1,02%); e Esp\u00edrito Santo Piau\u00ed, com saldo positivo de 8.167 postos (0,92%).<\/p>\n<p>As unidades federativas que tiveram menor varia\u00e7\u00e3o relativa em rela\u00e7\u00e3o ao estoque do m\u00eas anterior foram: Alagoas: menos 1.607 postos (0,37%); Pernambuco: 1.103 postos (0,08%); e Rond\u00f4nia: mais 724 postos (0,25%).<\/p>\n<p>Em termos absolutos, as unidades da federa\u00e7\u00e3o com maior saldo no m\u00eas passado foram S\u00e3o Paulo, com 76.299 postos (0,54%); Minas Gerais, com 25.868 vagas criadas (0,53%); e Paran\u00e1, com a gera\u00e7\u00e3o de 18.032 postos (0,57%).<\/p>\n<p>As unidades federativas com menor saldo foram: Alagoas: 1.607 postos (0,37%); Pernambuco: 1.103 postos (0,08%); Roraima: mais 480 postos (0,61%).<\/p>\n<\/p><\/div>\n<p><br \/>\n<br \/><a href=\"https:\/\/agenciabrasil.ebc.com.br\/economia\/noticia\/2024-05\/brasil-fecha-abril-com-240-mil-empregos-criados-aponta-caged\" rel=\"noopener\">Ag\u00eancia Brasil<\/a><\/p>\n","protected":false},"excerpt":{"rendered":"<p>O Brasil fechou o m\u00eas de abril com saldo positivo de 240.033 empregos com carteira assinada. O balan\u00e7o \u00e9 do Cadastro Geral de Empregados e Desempregados (Novo Caged) divulgado nesta quarta-feira (29) pelo Minist\u00e9rio do Trabalho e Emprego (MTE). O resultado de abril decorreu de 2.260.439 admiss\u00f5es e de 2.020.406 desligamentos. No acumulado do ano [&hellip;]<\/p>\n","protected":false},"author":1,"featured_media":6877,"comment_status":"open","ping_status":"open","sticky":false,"template":"","format":"standard","meta":{"_jetpack_newsletter_access":"","_jetpack_dont_email_post_to_subs":false,"_jetpack_newsletter_tier_id":0,"_jetpack_memberships_contains_paywalled_content":false,"_mbp_banners":[],"_jetpack_feature_clip_id":0,"_jetpack_memberships_contains_paid_content":false,"footnotes":"","jetpack_publicize_message":"","jetpack_publicize_feature_enabled":true,"jetpack_social_post_already_shared":true,"jetpack_social_options":{"image_generator_settings":{"template":"highway","default_image_id":0,"font":"","enabled":false},"version":2},"jetpack_post_was_ever_published":false},"categories":[24],"tags":[],"class_list":["post-6876","post","type-post","status-publish","format-standard","has-post-thumbnail","category-economia"],"jetpack_publicize_connections":[],"jetpack-related-posts":[],"jetpack_shortlink":"https:\/\/wp.me\/p7Eq1F-1MU","jetpack_sharing_enabled":true,"jetpack_featured_media_url":"https:\/\/i0.wp.com\/guialimeira.com.br\/news\/wp-content\/uploads\/2024\/05\/01_carteira_de_trabalho2.jpg?fit=1600%2C800&ssl=1","_links":{"self":[{"href":"https:\/\/guialimeira.com.br\/news\/wp-json\/wp\/v2\/posts\/6876","targetHints":{"allow":["GET"]}}],"collection":[{"href":"https:\/\/guialimeira.com.br\/news\/wp-json\/wp\/v2\/posts"}],"about":[{"href":"https:\/\/guialimeira.com.br\/news\/wp-json\/wp\/v2\/types\/post"}],"author":[{"embeddable":true,"href":"https:\/\/guialimeira.com.br\/news\/wp-json\/wp\/v2\/users\/1"}],"replies":[{"embeddable":true,"href":"https:\/\/guialimeira.com.br\/news\/wp-json\/wp\/v2\/comments?post=6876"}],"version-history":[{"count":0,"href":"https:\/\/guialimeira.com.br\/news\/wp-json\/wp\/v2\/posts\/6876\/revisions"}],"wp:featuredmedia":[{"embeddable":true,"href":"https:\/\/guialimeira.com.br\/news\/wp-json\/wp\/v2\/media\/6877"}],"wp:attachment":[{"href":"https:\/\/guialimeira.com.br\/news\/wp-json\/wp\/v2\/media?parent=6876"}],"wp:term":[{"taxonomy":"category","embeddable":true,"href":"https:\/\/guialimeira.com.br\/news\/wp-json\/wp\/v2\/categories?post=6876"},{"taxonomy":"post_tag","embeddable":true,"href":"https:\/\/guialimeira.com.br\/news\/wp-json\/wp\/v2\/tags?post=6876"}],"curies":[{"name":"wp","href":"https:\/\/api.w.org\/{rel}","templated":true}]}}